{"id":14803,"date":"2025-05-28T17:27:06","date_gmt":"2025-05-28T15:27:06","guid":{"rendered":"https:\/\/www.huelvaysusfotografos.com\/?p=14803"},"modified":"2025-05-28T17:27:07","modified_gmt":"2025-05-28T15:27:07","slug":"visita-guiada-a-la-exposicion-la-joya-vida-y-eternidad-en-tarteso","status":"publish","type":"post","link":"https:\/\/www.huelvaysusfotografos.com\/?p=14803","title":{"rendered":"Visita guiada a la Exposici\u00f3n La Joya Vida y Eternidad en Tarteso."},"content":{"rendered":"\n<p>Tal como anunciamos el pasado 18 de mayo, ya tenemos programada la visita a la <strong>Exposici\u00f3n La Joya Vida y Eternidad en Tarteso.<\/strong><\/p>\n\n\n\n<p>Se trata de una visita guiada al<strong> Museo de Huelva<\/strong>, donde se encuentra dicha exposici\u00f3n y que llevaremos a cabo el pr\u00f3ximo <strong>mi\u00e9rcoles 11 de junio a las 19.00 horas.<\/strong><\/p>\n\n\n\n<p>Se ruega puntualidad ya que al tratarse de una visita guiada solo para nosotros debemos cumplir con los horarios marcados. <\/p>\n\n\n\n<p><em><strong>Breve descripci\u00f3n de la exposici\u00f3n que vamos a visitar.<\/strong><\/em><\/p>\n\n\n\n<p><strong>La Joya<\/strong>, la necr\u00f3polis tart\u00e9sica por excelencia de Huelva, estar\u00e1 presente en el museo a trav\u00e9s de una exposici\u00f3n que se adentra en el mundo funerario tart\u00e9sico.&nbsp;Esta exposici\u00f3n&nbsp;recoge m\u00e1s de doscientas&nbsp;piezas procedentes de la necr\u00f3polis de la Joya (Huelva), muchas de ellas expuestas por primera vez.<\/p>\n\n\n\n<p>La muestra se divide en dos partes, la primera de ellas se adentra en el rito funerario y las diferentes etapas relacionadas con el momento del dep\u00f3sito de los difuntos y sus ajuares en las tumbas. La Tumba 17, la tumba principesca, se representar\u00e1 en el momento de su descubrimiento en los a\u00f1os sesenta del siglo XX. La segunda parte de la exposici\u00f3n, que recoge el ajuar de la Tumba 17, ir\u00e1 acompa\u00f1ada por la recreaci\u00f3n del carro tart\u00e9sico y las piezas originales del citado carro. Muchas de ellas, nunca antes se hab\u00edan exhibido.<\/p>\n\n\n\n<p>Una exposici\u00f3n&nbsp;\u00fanica de una necr\u00f3polis \u00fanica.<\/p>\n\n\n\n<p>Actividad: <strong>Visita guiada a la Exposici\u00f3n La Joya Vida y Eternidad en Tarteso.<\/strong><\/p>\n\n\n\n<p>Fecha:  <strong>Mi\u00e9rcoles 11 de junio de 2025<\/strong><\/p>\n\n\n\n<p>Lugar: <strong>Museo de Huelva<\/strong>, <strong>Alameda Sundheim 13, 21003 Huelva<\/strong><\/p>\n\n\n\n<p>Hora: <strong>19.00 horas<\/strong><\/p>\n\n\n\n<figure class=\"wp-block-image size-large\"><a href=\"https:\/\/www.huelvaysusfotografos.com\/wp-content\/uploads\/2025\/05\/Cartel-Exposicion-La-Joya-Vida-y-Eternidad-en-Tarteso-1.jpeg\"><img loading=\"lazy\" decoding=\"async\" width=\"1024\" height=\"968\" src=\"https:\/\/www.huelvaysusfotografos.com\/wp-content\/uploads\/2025\/05\/Cartel-Exposicion-La-Joya-Vida-y-Eternidad-en-Tarteso-1-1024x968.jpeg\" alt=\"\" class=\"wp-image-14805\" srcset=\"https:\/\/www.huelvaysusfotografos.com\/wp-content\/uploads\/2025\/05\/Cartel-Exposicion-La-Joya-Vida-y-Eternidad-en-Tarteso-1-1024x968.jpeg 1024w, https:\/\/www.huelvaysusfotografos.com\/wp-content\/uploads\/2025\/05\/Cartel-Exposicion-La-Joya-Vida-y-Eternidad-en-Tarteso-1-300x284.jpeg 300w, https:\/\/www.huelvaysusfotografos.com\/wp-content\/uploads\/2025\/05\/Cartel-Exposicion-La-Joya-Vida-y-Eternidad-en-Tarteso-1-768x726.jpeg 768w, https:\/\/www.huelvaysusfotografos.com\/wp-content\/uploads\/2025\/05\/Cartel-Exposicion-La-Joya-Vida-y-Eternidad-en-Tarteso-1-1536x1452.jpeg 1536w, https:\/\/www.huelvaysusfotografos.com\/wp-content\/uploads\/2025\/05\/Cartel-Exposicion-La-Joya-Vida-y-Eternidad-en-Tarteso-1.jpeg 1600w\" sizes=\"auto, (max-width: 1024px) 100vw, 1024px\" \/><\/a><\/figure>\n","protected":false},"excerpt":{"rendered":"<p>Tal como anunciamos el pasado 18 de mayo, ya tenemos programada la visita a la Exposici\u00f3n La Joya Vida y Eternidad en Tarteso. Se trata de una visita guiada al Museo de Huelva, donde se encuentra dicha exposici\u00f3n y que llevaremos a cabo el pr\u00f3ximo mi\u00e9rcoles 11 de junio a las 19.00 horas. Se ruega puntualidad ya que al tratarse de una visita guiada solo para nosotros debemos cumplir con<\/p>\n<div class=\"belowpost\"><a class=\"btnmore\" href=\"https:\/\/www.huelvaysusfotografos.com\/?p=14803\">Seguir leyendo<\/a><\/div>\n","protected":false},"author":8279,"featured_media":14804,"comment_status":"open","ping_status":"open","sticky":false,"template":"","format":"standard","meta":{"footnotes":"","_links_to":"","_links_to_target":""},"categories":[3],"tags":[],"class_list":["post-14803","post","type-post","status-publish","format-standard","has-post-thumbnail","hentry","category-noticias"],"_links":{"self":[{"href":"https:\/\/www.huelvaysusfotografos.com\/index.php?rest_route=\/wp\/v2\/posts\/14803","targetHints":{"allow":["GET"]}}],"collection":[{"href":"https:\/\/www.huelvaysusfotografos.com\/index.php?rest_route=\/wp\/v2\/posts"}],"about":[{"href":"https:\/\/www.huelvaysusfotografos.com\/index.php?rest_route=\/wp\/v2\/types\/post"}],"author":[{"embeddable":true,"href":"https:\/\/www.huelvaysusfotografos.com\/index.php?rest_route=\/wp\/v2\/users\/8279"}],"replies":[{"embeddable":true,"href":"https:\/\/www.huelvaysusfotografos.com\/index.php?rest_route=%2Fwp%2Fv2%2Fcomments&post=14803"}],"version-history":[{"count":1,"href":"https:\/\/www.huelvaysusfotografos.com\/index.php?rest_route=\/wp\/v2\/posts\/14803\/revisions"}],"predecessor-version":[{"id":14806,"href":"https:\/\/www.huelvaysusfotografos.com\/index.php?rest_route=\/wp\/v2\/posts\/14803\/revisions\/14806"}],"wp:featuredmedia":[{"embeddable":true,"href":"https:\/\/www.huelvaysusfotografos.com\/index.php?rest_route=\/wp\/v2\/media\/14804"}],"wp:attachment":[{"href":"https:\/\/www.huelvaysusfotografos.com\/index.php?rest_route=%2Fwp%2Fv2%2Fmedia&parent=14803"}],"wp:term":[{"taxonomy":"category","embeddable":true,"href":"https:\/\/www.huelvaysusfotografos.com\/index.php?rest_route=%2Fwp%2Fv2%2Fcategories&post=14803"},{"taxonomy":"post_tag","embeddable":true,"href":"https:\/\/www.huelvaysusfotografos.com\/index.php?rest_route=%2Fwp%2Fv2%2Ftags&post=14803"}],"curies":[{"name":"wp","href":"https:\/\/api.w.org\/{rel}","templated":true}]}}