{"id":14779,"date":"2025-05-19T14:54:12","date_gmt":"2025-05-19T12:54:12","guid":{"rendered":"https:\/\/www.huelvaysusfotografos.com\/?p=14779"},"modified":"2025-05-19T15:22:30","modified_gmt":"2025-05-19T13:22:30","slug":"la-canastita-celebro-su-125-aniversario-con-un-exitoso-i-rally-fotografico-en-la-finca-el-bosque","status":"publish","type":"post","link":"https:\/\/www.huelvaysusfotografos.com\/?p=14779","title":{"rendered":"La Canastita celebr\u00f3 su 125 aniversario con un exitoso I Rally Fotogr\u00e1fico en la Finca El Bosque"},"content":{"rendered":"\n<p>La <strong>Canastita sigue celebrando sus 125 a\u00f1os de historia,<\/strong> tradici\u00f3n e innovaci\u00f3n con la organizaci\u00f3n del <strong>I Rally Fotogr\u00e1fico del entorno de la Finca El Bosque<\/strong>, un evento que se convirti\u00f3 en un <strong>\u00e9xito de participaci\u00f3n<\/strong>. El evento cont\u00f3 con la colaboraci\u00f3n de la <strong>Asociaci\u00f3n Huelva y sus Fot\u00f3grafos<\/strong>, que contribuy\u00f3 activamente a la difusi\u00f3n y al \u00e9xito de la convocatoria, reuniendo a cincuenta fot\u00f3grafos aficionados y profesionales venidos de distintos puntos de la provincia.<\/p>\n\n\n\n<p>El rally se celebr\u00f3 <strong>el pasado 16 de mayo.<\/strong> La Finca El Bosque es un claro ejemplo de <strong>agroecosistema equilibrado<\/strong>, donde el cultivo sostenible de moras convive en perfecta armon\u00eda con el bosque mediterr\u00e1neo y su biodiversidad.<\/p>\n\n\n\n<p>Durante la jornada, los participantes recorrieron distintos rincones de la finca, guiados por expertos que ofrecieron informaci\u00f3n sobre las pr\u00e1cticas agr\u00edcolas sostenibles, la flora y fauna del entorno.<\/p>\n\n\n\n<p>El ambiente fue especialmente propicio para la creatividad, con condiciones ideales de luz y una gran variedad de paisajes y texturas.<\/p>\n\n\n\n<p>El certamen ofrece atractivos premios <strong>de 700 \u20ac, 500 \u20ac y 300 \u20ac<\/strong> a las tres mejores fotograf\u00edas, que ser\u00e1n evaluadas por un jurado compuesto por profesionales del \u00e1mbito fotogr\u00e1fico, medioambiental y cultural.<\/p>\n\n\n\n<p>Con esta iniciativa, La Canastita no solo celebr\u00f3 su legado centenario, sino que tambi\u00e9n reafirm\u00f3 su compromiso con el medio ambiente, la sostenibilidad y la promoci\u00f3n de la cultura a trav\u00e9s de la fotograf\u00eda de naturaleza.<\/p>\n\n\n\n<p>El \u00e9xito de participaci\u00f3n y la acogida del p\u00fablico confirman el inter\u00e9s creciente por este tipo de propuestas, que unen tradici\u00f3n agr\u00edcola, respeto por el entorno y expresi\u00f3n art\u00edstica.<\/p>\n\n\n\n<p>Desde la organizaci\u00f3n ya se estudia la posibilidad de dar continuidad a esta experiencia con futuras ediciones, consolidando el rally como una cita anual de referencia en el calendario cultural y medioambiental de la provincia.<\/p>\n\n\n\n<figure class=\"wp-block-gallery has-nested-images columns-default is-cropped wp-block-gallery-1 is-layout-flex wp-block-gallery-is-layout-flex\">\n<figure class=\"wp-block-image size-large\"><a href=\"https:\/\/www.huelvaysusfotografos.com\/wp-content\/uploads\/2025\/05\/6.jpg\"><img loading=\"lazy\" decoding=\"async\" width=\"683\" height=\"1024\" data-id=\"14781\" src=\"https:\/\/www.huelvaysusfotografos.com\/wp-content\/uploads\/2025\/05\/6-683x1024.jpg\" alt=\"\" class=\"wp-image-14781\" srcset=\"https:\/\/www.huelvaysusfotografos.com\/wp-content\/uploads\/2025\/05\/6-683x1024.jpg 683w, https:\/\/www.huelvaysusfotografos.com\/wp-content\/uploads\/2025\/05\/6-200x300.jpg 200w, https:\/\/www.huelvaysusfotografos.com\/wp-content\/uploads\/2025\/05\/6-768x1152.jpg 768w, https:\/\/www.huelvaysusfotografos.com\/wp-content\/uploads\/2025\/05\/6-1024x1536.jpg 1024w, https:\/\/www.huelvaysusfotografos.com\/wp-content\/uploads\/2025\/05\/6.jpg 1365w\" sizes=\"auto, (max-width: 683px) 100vw, 683px\" \/><\/a><\/figure>\n\n\n\n<figure class=\"wp-block-image size-large\"><a href=\"https:\/\/www.huelvaysusfotografos.com\/wp-content\/uploads\/2025\/05\/7.jpg\"><img loading=\"lazy\" decoding=\"async\" width=\"1024\" height=\"683\" data-id=\"14782\" src=\"https:\/\/www.huelvaysusfotografos.com\/wp-content\/uploads\/2025\/05\/7-1024x683.jpg\" alt=\"\" class=\"wp-image-14782\" srcset=\"https:\/\/www.huelvaysusfotografos.com\/wp-content\/uploads\/2025\/05\/7-1024x683.jpg 1024w, https:\/\/www.huelvaysusfotografos.com\/wp-content\/uploads\/2025\/05\/7-300x200.jpg 300w, https:\/\/www.huelvaysusfotografos.com\/wp-content\/uploads\/2025\/05\/7-768x512.jpg 768w, https:\/\/www.huelvaysusfotografos.com\/wp-content\/uploads\/2025\/05\/7-1536x1024.jpg 1536w, https:\/\/www.huelvaysusfotografos.com\/wp-content\/uploads\/2025\/05\/7.jpg 2048w\" sizes=\"auto, (max-width: 1024px) 100vw, 1024px\" \/><\/a><\/figure>\n\n\n\n<figure class=\"wp-block-image size-large\"><a href=\"https:\/\/www.huelvaysusfotografos.com\/wp-content\/uploads\/2025\/05\/8.jpg\"><img loading=\"lazy\" decoding=\"async\" width=\"1024\" height=\"683\" data-id=\"14786\" src=\"https:\/\/www.huelvaysusfotografos.com\/wp-content\/uploads\/2025\/05\/8-1024x683.jpg\" alt=\"\" class=\"wp-image-14786\" srcset=\"https:\/\/www.huelvaysusfotografos.com\/wp-content\/uploads\/2025\/05\/8-1024x683.jpg 1024w, https:\/\/www.huelvaysusfotografos.com\/wp-content\/uploads\/2025\/05\/8-300x200.jpg 300w, https:\/\/www.huelvaysusfotografos.com\/wp-content\/uploads\/2025\/05\/8-768x512.jpg 768w, https:\/\/www.huelvaysusfotografos.com\/wp-content\/uploads\/2025\/05\/8-1536x1024.jpg 1536w, https:\/\/www.huelvaysusfotografos.com\/wp-content\/uploads\/2025\/05\/8.jpg 2048w\" sizes=\"auto, (max-width: 1024px) 100vw, 1024px\" \/><\/a><\/figure>\n\n\n\n<figure class=\"wp-block-image size-large\"><a href=\"https:\/\/www.huelvaysusfotografos.com\/wp-content\/uploads\/2025\/05\/9.jpg\"><img loading=\"lazy\" decoding=\"async\" width=\"1024\" height=\"683\" data-id=\"14785\" src=\"https:\/\/www.huelvaysusfotografos.com\/wp-content\/uploads\/2025\/05\/9-1024x683.jpg\" alt=\"\" class=\"wp-image-14785\" srcset=\"https:\/\/www.huelvaysusfotografos.com\/wp-content\/uploads\/2025\/05\/9-1024x683.jpg 1024w, https:\/\/www.huelvaysusfotografos.com\/wp-content\/uploads\/2025\/05\/9-300x200.jpg 300w, https:\/\/www.huelvaysusfotografos.com\/wp-content\/uploads\/2025\/05\/9-768x512.jpg 768w, https:\/\/www.huelvaysusfotografos.com\/wp-content\/uploads\/2025\/05\/9-1536x1024.jpg 1536w, https:\/\/www.huelvaysusfotografos.com\/wp-content\/uploads\/2025\/05\/9.jpg 2048w\" sizes=\"auto, (max-width: 1024px) 100vw, 1024px\" \/><\/a><\/figure>\n\n\n\n<figure class=\"wp-block-image size-large\"><a href=\"https:\/\/www.huelvaysusfotografos.com\/wp-content\/uploads\/2025\/05\/10.jpg\"><img loading=\"lazy\" decoding=\"async\" width=\"1024\" height=\"683\" data-id=\"14784\" src=\"https:\/\/www.huelvaysusfotografos.com\/wp-content\/uploads\/2025\/05\/10-1024x683.jpg\" alt=\"\" class=\"wp-image-14784\" srcset=\"https:\/\/www.huelvaysusfotografos.com\/wp-content\/uploads\/2025\/05\/10-1024x683.jpg 1024w, https:\/\/www.huelvaysusfotografos.com\/wp-content\/uploads\/2025\/05\/10-300x200.jpg 300w, https:\/\/www.huelvaysusfotografos.com\/wp-content\/uploads\/2025\/05\/10-768x512.jpg 768w, https:\/\/www.huelvaysusfotografos.com\/wp-content\/uploads\/2025\/05\/10-1536x1024.jpg 1536w, https:\/\/www.huelvaysusfotografos.com\/wp-content\/uploads\/2025\/05\/10.jpg 2048w\" sizes=\"auto, (max-width: 1024px) 100vw, 1024px\" \/><\/a><\/figure>\n\n\n\n<figure class=\"wp-block-image size-large\"><a href=\"https:\/\/www.huelvaysusfotografos.com\/wp-content\/uploads\/2025\/05\/11.jpg\"><img loading=\"lazy\" decoding=\"async\" width=\"683\" height=\"1024\" data-id=\"14783\" src=\"https:\/\/www.huelvaysusfotografos.com\/wp-content\/uploads\/2025\/05\/11-683x1024.jpg\" alt=\"\" class=\"wp-image-14783\" srcset=\"https:\/\/www.huelvaysusfotografos.com\/wp-content\/uploads\/2025\/05\/11-683x1024.jpg 683w, https:\/\/www.huelvaysusfotografos.com\/wp-content\/uploads\/2025\/05\/11-200x300.jpg 200w, https:\/\/www.huelvaysusfotografos.com\/wp-content\/uploads\/2025\/05\/11-768x1152.jpg 768w, https:\/\/www.huelvaysusfotografos.com\/wp-content\/uploads\/2025\/05\/11-1024x1536.jpg 1024w, https:\/\/www.huelvaysusfotografos.com\/wp-content\/uploads\/2025\/05\/11.jpg 1365w\" sizes=\"auto, (max-width: 683px) 100vw, 683px\" \/><\/a><\/figure>\n\n\n\n<figure class=\"wp-block-image size-large\"><a href=\"https:\/\/www.huelvaysusfotografos.com\/wp-content\/uploads\/2025\/05\/12.jpg\"><img loading=\"lazy\" decoding=\"async\" width=\"1024\" height=\"683\" data-id=\"14787\" src=\"https:\/\/www.huelvaysusfotografos.com\/wp-content\/uploads\/2025\/05\/12-1024x683.jpg\" alt=\"\" class=\"wp-image-14787\" srcset=\"https:\/\/www.huelvaysusfotografos.com\/wp-content\/uploads\/2025\/05\/12-1024x683.jpg 1024w, https:\/\/www.huelvaysusfotografos.com\/wp-content\/uploads\/2025\/05\/12-300x200.jpg 300w, https:\/\/www.huelvaysusfotografos.com\/wp-content\/uploads\/2025\/05\/12-768x512.jpg 768w, https:\/\/www.huelvaysusfotografos.com\/wp-content\/uploads\/2025\/05\/12-1536x1024.jpg 1536w, https:\/\/www.huelvaysusfotografos.com\/wp-content\/uploads\/2025\/05\/12.jpg 2048w\" sizes=\"auto, (max-width: 1024px) 100vw, 1024px\" \/><\/a><\/figure>\n\n\n\n<figure class=\"wp-block-image size-large\"><a href=\"https:\/\/www.huelvaysusfotografos.com\/wp-content\/uploads\/2025\/05\/13.jpg\"><img loading=\"lazy\" decoding=\"async\" width=\"1024\" height=\"683\" data-id=\"14789\" src=\"https:\/\/www.huelvaysusfotografos.com\/wp-content\/uploads\/2025\/05\/13-1024x683.jpg\" alt=\"\" class=\"wp-image-14789\" srcset=\"https:\/\/www.huelvaysusfotografos.com\/wp-content\/uploads\/2025\/05\/13-1024x683.jpg 1024w, https:\/\/www.huelvaysusfotografos.com\/wp-content\/uploads\/2025\/05\/13-300x200.jpg 300w, https:\/\/www.huelvaysusfotografos.com\/wp-content\/uploads\/2025\/05\/13-768x512.jpg 768w, https:\/\/www.huelvaysusfotografos.com\/wp-content\/uploads\/2025\/05\/13-1536x1024.jpg 1536w, https:\/\/www.huelvaysusfotografos.com\/wp-content\/uploads\/2025\/05\/13.jpg 2048w\" sizes=\"auto, (max-width: 1024px) 100vw, 1024px\" \/><\/a><\/figure>\n\n\n\n<figure class=\"wp-block-image size-large\"><a href=\"https:\/\/www.huelvaysusfotografos.com\/wp-content\/uploads\/2025\/05\/14.jpg\"><img loading=\"lazy\" decoding=\"async\" width=\"683\" height=\"1024\" data-id=\"14788\" src=\"https:\/\/www.huelvaysusfotografos.com\/wp-content\/uploads\/2025\/05\/14-683x1024.jpg\" alt=\"\" class=\"wp-image-14788\" srcset=\"https:\/\/www.huelvaysusfotografos.com\/wp-content\/uploads\/2025\/05\/14-683x1024.jpg 683w, https:\/\/www.huelvaysusfotografos.com\/wp-content\/uploads\/2025\/05\/14-200x300.jpg 200w, https:\/\/www.huelvaysusfotografos.com\/wp-content\/uploads\/2025\/05\/14-768x1152.jpg 768w, https:\/\/www.huelvaysusfotografos.com\/wp-content\/uploads\/2025\/05\/14-1024x1536.jpg 1024w, https:\/\/www.huelvaysusfotografos.com\/wp-content\/uploads\/2025\/05\/14.jpg 1365w\" sizes=\"auto, (max-width: 683px) 100vw, 683px\" \/><\/a><\/figure>\n\n\n\n<figure class=\"wp-block-image size-large\"><a href=\"https:\/\/www.huelvaysusfotografos.com\/wp-content\/uploads\/2025\/05\/15.jpg\"><img loading=\"lazy\" decoding=\"async\" width=\"683\" height=\"1024\" data-id=\"14790\" src=\"https:\/\/www.huelvaysusfotografos.com\/wp-content\/uploads\/2025\/05\/15-683x1024.jpg\" alt=\"\" class=\"wp-image-14790\" srcset=\"https:\/\/www.huelvaysusfotografos.com\/wp-content\/uploads\/2025\/05\/15-683x1024.jpg 683w, https:\/\/www.huelvaysusfotografos.com\/wp-content\/uploads\/2025\/05\/15-200x300.jpg 200w, https:\/\/www.huelvaysusfotografos.com\/wp-content\/uploads\/2025\/05\/15-768x1152.jpg 768w, https:\/\/www.huelvaysusfotografos.com\/wp-content\/uploads\/2025\/05\/15-1024x1536.jpg 1024w, https:\/\/www.huelvaysusfotografos.com\/wp-content\/uploads\/2025\/05\/15.jpg 1365w\" sizes=\"auto, (max-width: 683px) 100vw, 683px\" \/><\/a><\/figure>\n\n\n\n<figure class=\"wp-block-image size-large\"><a href=\"https:\/\/www.huelvaysusfotografos.com\/wp-content\/uploads\/2025\/05\/16.jpg\"><img loading=\"lazy\" decoding=\"async\" width=\"1024\" height=\"683\" data-id=\"14792\" src=\"https:\/\/www.huelvaysusfotografos.com\/wp-content\/uploads\/2025\/05\/16-1024x683.jpg\" alt=\"\" class=\"wp-image-14792\" srcset=\"https:\/\/www.huelvaysusfotografos.com\/wp-content\/uploads\/2025\/05\/16-1024x683.jpg 1024w, https:\/\/www.huelvaysusfotografos.com\/wp-content\/uploads\/2025\/05\/16-300x200.jpg 300w, https:\/\/www.huelvaysusfotografos.com\/wp-content\/uploads\/2025\/05\/16-768x512.jpg 768w, https:\/\/www.huelvaysusfotografos.com\/wp-content\/uploads\/2025\/05\/16-1536x1024.jpg 1536w, https:\/\/www.huelvaysusfotografos.com\/wp-content\/uploads\/2025\/05\/16.jpg 2048w\" sizes=\"auto, (max-width: 1024px) 100vw, 1024px\" \/><\/a><\/figure>\n\n\n\n<figure class=\"wp-block-image size-large\"><a href=\"https:\/\/www.huelvaysusfotografos.com\/wp-content\/uploads\/2025\/05\/17.jpg\"><img loading=\"lazy\" decoding=\"async\" width=\"1024\" height=\"683\" data-id=\"14791\" src=\"https:\/\/www.huelvaysusfotografos.com\/wp-content\/uploads\/2025\/05\/17-1024x683.jpg\" alt=\"\" class=\"wp-image-14791\" srcset=\"https:\/\/www.huelvaysusfotografos.com\/wp-content\/uploads\/2025\/05\/17-1024x683.jpg 1024w, https:\/\/www.huelvaysusfotografos.com\/wp-content\/uploads\/2025\/05\/17-300x200.jpg 300w, https:\/\/www.huelvaysusfotografos.com\/wp-content\/uploads\/2025\/05\/17-768x512.jpg 768w, https:\/\/www.huelvaysusfotografos.com\/wp-content\/uploads\/2025\/05\/17-1536x1024.jpg 1536w, https:\/\/www.huelvaysusfotografos.com\/wp-content\/uploads\/2025\/05\/17.jpg 2048w\" sizes=\"auto, (max-width: 1024px) 100vw, 1024px\" \/><\/a><\/figure>\n<\/figure>\n\n\n\n<figure class=\"wp-block-gallery has-nested-images columns-default is-cropped wp-block-gallery-2 is-layout-flex wp-block-gallery-is-layout-flex\">\n<figure class=\"wp-block-image size-large\"><a href=\"https:\/\/www.huelvaysusfotografos.com\/wp-content\/uploads\/2025\/05\/0.jpeg\"><img loading=\"lazy\" decoding=\"async\" width=\"1024\" height=\"682\" data-id=\"14797\" src=\"https:\/\/www.huelvaysusfotografos.com\/wp-content\/uploads\/2025\/05\/0-1024x682.jpeg\" alt=\"\" class=\"wp-image-14797\" srcset=\"https:\/\/www.huelvaysusfotografos.com\/wp-content\/uploads\/2025\/05\/0-1024x682.jpeg 1024w, https:\/\/www.huelvaysusfotografos.com\/wp-content\/uploads\/2025\/05\/0-300x200.jpeg 300w, https:\/\/www.huelvaysusfotografos.com\/wp-content\/uploads\/2025\/05\/0-768x512.jpeg 768w, https:\/\/www.huelvaysusfotografos.com\/wp-content\/uploads\/2025\/05\/0-1536x1023.jpeg 1536w, https:\/\/www.huelvaysusfotografos.com\/wp-content\/uploads\/2025\/05\/0.jpeg 1600w\" sizes=\"auto, (max-width: 1024px) 100vw, 1024px\" \/><\/a><\/figure>\n\n\n\n<figure class=\"wp-block-image size-large\"><a href=\"https:\/\/www.huelvaysusfotografos.com\/wp-content\/uploads\/2025\/05\/1.jpeg\"><img loading=\"lazy\" decoding=\"async\" width=\"682\" height=\"1024\" data-id=\"14796\" src=\"https:\/\/www.huelvaysusfotografos.com\/wp-content\/uploads\/2025\/05\/1-682x1024.jpeg\" alt=\"\" class=\"wp-image-14796\" srcset=\"https:\/\/www.huelvaysusfotografos.com\/wp-content\/uploads\/2025\/05\/1-682x1024.jpeg 682w, https:\/\/www.huelvaysusfotografos.com\/wp-content\/uploads\/2025\/05\/1-200x300.jpeg 200w, https:\/\/www.huelvaysusfotografos.com\/wp-content\/uploads\/2025\/05\/1-768x1153.jpeg 768w, https:\/\/www.huelvaysusfotografos.com\/wp-content\/uploads\/2025\/05\/1-1023x1536.jpeg 1023w, https:\/\/www.huelvaysusfotografos.com\/wp-content\/uploads\/2025\/05\/1.jpeg 1066w\" sizes=\"auto, (max-width: 682px) 100vw, 682px\" \/><\/a><\/figure>\n\n\n\n<figure class=\"wp-block-image size-large\"><a href=\"https:\/\/www.huelvaysusfotografos.com\/wp-content\/uploads\/2025\/05\/2.jpeg\"><img loading=\"lazy\" decoding=\"async\" width=\"1600\" height=\"1066\" data-id=\"14793\" src=\"https:\/\/www.huelvaysusfotografos.com\/wp-content\/uploads\/2025\/05\/2-1024x682.jpeg\" alt=\"\" class=\"wp-image-14793\" srcset=\"https:\/\/www.huelvaysusfotografos.com\/wp-content\/uploads\/2025\/05\/2-1024x682.jpeg 1024w, https:\/\/www.huelvaysusfotografos.com\/wp-content\/uploads\/2025\/05\/2-300x200.jpeg 300w, https:\/\/www.huelvaysusfotografos.com\/wp-content\/uploads\/2025\/05\/2-768x512.jpeg 768w, https:\/\/www.huelvaysusfotografos.com\/wp-content\/uploads\/2025\/05\/2-1536x1023.jpeg 1536w, https:\/\/www.huelvaysusfotografos.com\/wp-content\/uploads\/2025\/05\/2.jpeg 1600w\" sizes=\"auto, (max-width: 1600px) 100vw, 1600px\" \/><\/a><\/figure>\n\n\n\n<figure class=\"wp-block-image size-large\"><a href=\"https:\/\/www.huelvaysusfotografos.com\/wp-content\/uploads\/2025\/05\/3.jpeg\"><img loading=\"lazy\" decoding=\"async\" width=\"1024\" height=\"682\" data-id=\"14794\" src=\"https:\/\/www.huelvaysusfotografos.com\/wp-content\/uploads\/2025\/05\/3-1024x682.jpeg\" alt=\"\" class=\"wp-image-14794\" srcset=\"https:\/\/www.huelvaysusfotografos.com\/wp-content\/uploads\/2025\/05\/3-1024x682.jpeg 1024w, https:\/\/www.huelvaysusfotografos.com\/wp-content\/uploads\/2025\/05\/3-300x200.jpeg 300w, https:\/\/www.huelvaysusfotografos.com\/wp-content\/uploads\/2025\/05\/3-768x512.jpeg 768w, https:\/\/www.huelvaysusfotografos.com\/wp-content\/uploads\/2025\/05\/3-1536x1023.jpeg 1536w, https:\/\/www.huelvaysusfotografos.com\/wp-content\/uploads\/2025\/05\/3.jpeg 1600w\" sizes=\"auto, (max-width: 1024px) 100vw, 1024px\" \/><\/a><\/figure>\n\n\n\n<figure class=\"wp-block-image size-large\"><a href=\"https:\/\/www.huelvaysusfotografos.com\/wp-content\/uploads\/2025\/05\/4.jpeg\"><img loading=\"lazy\" decoding=\"async\" width=\"1024\" height=\"682\" data-id=\"14798\" src=\"https:\/\/www.huelvaysusfotografos.com\/wp-content\/uploads\/2025\/05\/4-1024x682.jpeg\" alt=\"\" class=\"wp-image-14798\" srcset=\"https:\/\/www.huelvaysusfotografos.com\/wp-content\/uploads\/2025\/05\/4-1024x682.jpeg 1024w, https:\/\/www.huelvaysusfotografos.com\/wp-content\/uploads\/2025\/05\/4-300x200.jpeg 300w, https:\/\/www.huelvaysusfotografos.com\/wp-content\/uploads\/2025\/05\/4-768x512.jpeg 768w, https:\/\/www.huelvaysusfotografos.com\/wp-content\/uploads\/2025\/05\/4-1536x1023.jpeg 1536w, https:\/\/www.huelvaysusfotografos.com\/wp-content\/uploads\/2025\/05\/4.jpeg 1600w\" sizes=\"auto, (max-width: 1024px) 100vw, 1024px\" \/><\/a><\/figure>\n\n\n\n<figure class=\"wp-block-image size-large\"><a href=\"https:\/\/www.huelvaysusfotografos.com\/wp-content\/uploads\/2025\/05\/5.jpeg\"><img loading=\"lazy\" decoding=\"async\" width=\"682\" height=\"1024\" data-id=\"14795\" src=\"https:\/\/www.huelvaysusfotografos.com\/wp-content\/uploads\/2025\/05\/5-682x1024.jpeg\" alt=\"\" class=\"wp-image-14795\" srcset=\"https:\/\/www.huelvaysusfotografos.com\/wp-content\/uploads\/2025\/05\/5-682x1024.jpeg 682w, https:\/\/www.huelvaysusfotografos.com\/wp-content\/uploads\/2025\/05\/5-200x300.jpeg 200w, https:\/\/www.huelvaysusfotografos.com\/wp-content\/uploads\/2025\/05\/5-768x1153.jpeg 768w, https:\/\/www.huelvaysusfotografos.com\/wp-content\/uploads\/2025\/05\/5-1023x1536.jpeg 1023w, https:\/\/www.huelvaysusfotografos.com\/wp-content\/uploads\/2025\/05\/5.jpeg 1066w\" sizes=\"auto, (max-width: 682px) 100vw, 682px\" \/><\/a><\/figure>\n<\/figure>\n","protected":false},"excerpt":{"rendered":"<p>La Canastita sigue celebrando sus 125 a\u00f1os de historia, tradici\u00f3n e innovaci\u00f3n con la organizaci\u00f3n del I Rally Fotogr\u00e1fico del entorno de la Finca El Bosque, un evento que se convirti\u00f3 en un \u00e9xito de participaci\u00f3n. El evento cont\u00f3 con la colaboraci\u00f3n de la Asociaci\u00f3n Huelva y sus Fot\u00f3grafos, que contribuy\u00f3 activamente a la difusi\u00f3n y al \u00e9xito de la convocatoria, reuniendo a cincuenta fot\u00f3grafos aficionados y profesionales venidos de<\/p>\n<div class=\"belowpost\"><a class=\"btnmore\" href=\"https:\/\/www.huelvaysusfotografos.com\/?p=14779\">Seguir leyendo<\/a><\/div>\n","protected":false},"author":8279,"featured_media":14780,"comment_status":"open","ping_status":"open","sticky":false,"template":"","format":"standard","meta":{"footnotes":"","_links_to":"","_links_to_target":""},"categories":[3],"tags":[],"class_list":["post-14779","post","type-post","status-publish","format-standard","has-post-thumbnail","hentry","category-noticias"],"_links":{"self":[{"href":"https:\/\/www.huelvaysusfotografos.com\/index.php?rest_route=\/wp\/v2\/posts\/14779","targetHints":{"allow":["GET"]}}],"collection":[{"href":"https:\/\/www.huelvaysusfotografos.com\/index.php?rest_route=\/wp\/v2\/posts"}],"about":[{"href":"https:\/\/www.huelvaysusfotografos.com\/index.php?rest_route=\/wp\/v2\/types\/post"}],"author":[{"embeddable":true,"href":"https:\/\/www.huelvaysusfotografos.com\/index.php?rest_route=\/wp\/v2\/users\/8279"}],"replies":[{"embeddable":true,"href":"https:\/\/www.huelvaysusfotografos.com\/index.php?rest_route=%2Fwp%2Fv2%2Fcomments&post=14779"}],"version-history":[{"count":2,"href":"https:\/\/www.huelvaysusfotografos.com\/index.php?rest_route=\/wp\/v2\/posts\/14779\/revisions"}],"predecessor-version":[{"id":14800,"href":"https:\/\/www.huelvaysusfotografos.com\/index.php?rest_route=\/wp\/v2\/posts\/14779\/revisions\/14800"}],"wp:featuredmedia":[{"embeddable":true,"href":"https:\/\/www.huelvaysusfotografos.com\/index.php?rest_route=\/wp\/v2\/media\/14780"}],"wp:attachment":[{"href":"https:\/\/www.huelvaysusfotografos.com\/index.php?rest_route=%2Fwp%2Fv2%2Fmedia&parent=14779"}],"wp:term":[{"taxonomy":"category","embeddable":true,"href":"https:\/\/www.huelvaysusfotografos.com\/index.php?rest_route=%2Fwp%2Fv2%2Fcategories&post=14779"},{"taxonomy":"post_tag","embeddable":true,"href":"https:\/\/www.huelvaysusfotografos.com\/index.php?rest_route=%2Fwp%2Fv2%2Ftags&post=14779"}],"curies":[{"name":"wp","href":"https:\/\/api.w.org\/{rel}","templated":true}]}}