{"id":14743,"date":"2025-04-29T09:04:00","date_gmt":"2025-04-29T07:04:00","guid":{"rendered":"https:\/\/www.huelvaysusfotografos.com\/?p=14743"},"modified":"2025-04-29T15:53:52","modified_gmt":"2025-04-29T13:53:52","slug":"i-edicion-del-concurso-de-la-feria-nacional-del-guiso-marinero","status":"publish","type":"post","link":"https:\/\/www.huelvaysusfotografos.com\/?p=14743","title":{"rendered":"I Edici\u00f3n del Concurso de la Feria Nacional del Guiso Marinero."},"content":{"rendered":"\n<p>La Organizaci\u00f3n de Islantilla Sabor y la Asociaci\u00f3n Huelva y sus fot\u00f3grafos convocan la \u00a0<strong><a>I Edici\u00f3n del Concurso de la Feria Nacional del Guiso Marinero<\/a>.<\/strong><\/p>\n\n\n\n<p><strong><u>Bases del Concurso<\/u><\/strong><\/p>\n\n\n\n<p>Se trata de un concurso fotogr\u00e1fico en el que los organizadores acompa\u00f1ar\u00e1n a los participantes para la bienvenida e indicar\u00e1n los espacios y lugares donde se desarrollar\u00e1 esta actividad. Facilitando el acceso a rincones de especial valor como el ronqueo del At\u00fan y otros de inter\u00e9s que sean visualmente interesantes. Entre otros aspectos, se valorar\u00e1n especialmente las fotograf\u00edas que capten la esencia de este evento, la arquitectura y el entorno de Islantilla, as\u00ed como la belleza singular de nuestra costa.<\/p>\n\n\n\n<p>El concurso Fotogr\u00e1fico del entorna de Islantilla tendr\u00e1 lugar el pr\u00f3ximo <strong>2 al 4 de mayo<\/strong> en horario de 12.00 a 23.00 horas.<\/p>\n\n\n\n<p>Podr\u00e1n participar todas las personas mayores de 18 a\u00f1os. No podr\u00e1n participar los miembros del jurado de este Concurso. Para que las fotograf\u00edas se consideren v\u00e1lidas deben estar realizadas dentro del entorno de Islantilla y el lugar de exposici\u00f3n del Guiso Marinero.<\/p>\n\n\n\n<ul class=\"wp-block-list\">\n<li>Personas\u00a0<strong>mayores de 18 a\u00f1os<\/strong>\u00a0residentes en Espa\u00f1a.<\/li>\n\n\n\n<li><strong>M\u00e1ximo<\/strong>\u00a0<strong>5\u00a0fotos<\/strong>\u00a0por participante en formato digital (.jpg).<\/li>\n\n\n\n<li>Las fotos podr\u00e1n enviarse tanto en color, como en BB\/NN<\/li>\n\n\n\n<li>El tama\u00f1o m\u00e1ximo de la imagen ser\u00e1 de 3 Mb<\/li>\n\n\n\n<li>Las fotos deber\u00e1n ir sin firma, ni marca de agua.<\/li>\n\n\n\n<li><strong>No se aceptan fotos manipuladas digitalmente<\/strong>.<\/li>\n<\/ul>\n\n\n\n<p>Las fotograf\u00edas se entregar\u00e1n en formato digital, con extensi\u00f3n .jpg. a la direcci\u00f3n de correo indicada en las siguientes l\u00edneas.<\/p>\n\n\n\n<p>La inscripci\u00f3n a la <strong><em>I Edici\u00f3n del Concurso sobre la Feria Nacional del Guiso Marinero.<\/em><\/strong><\/p>\n\n\n\n<p>se realizar\u00e1 en el siguiente Correo Electr\u00f3nico.- <strong>info@elite.plus<\/strong><\/p>\n\n\n\n<p>Las fotograf\u00edas se enviar\u00e1n por correo (<strong>info@elite.plus<\/strong>), en el Asunto de indicar\u00e1:&nbsp;<\/p>\n\n\n\n<p><strong><em>I Edici\u00f3n del Concurso sobre la Feria Nacional del Guiso Marinero.<\/em><\/strong><\/p>\n\n\n\n<p>Con el env\u00edo de las fotograf\u00edas se pondr\u00e1 en el cuerpo del correo, los siguientes datos,\u00a0<strong>nombre completo del Autor \u00f3 Autora, Tel\u00e9fono de contacto y DNI, Titulo de la obra y lugar donde se ha realizado la imagen<\/strong>, de cada una de las fotos presentadas con un m\u00e1ximo de cinco fotos por autor.<\/p>\n\n\n\n<p>El plazo m\u00e1ximo de env\u00edo de fotograf\u00edas finaliza el 7 de mayo de 2025 a las 24,00 horas.<\/p>\n\n\n\n<p>Cualquier fotograf\u00eda que no ajuste a las bases y normas establecidas ser\u00e1 eliminada.<\/p>\n\n\n\n<p>Los premios no ser\u00e1n acumulables. Un mismo autor no podr\u00e1 obtener m\u00e1s de un premio.<\/p>\n\n\n\n<p><strong><u>Protecci\u00f3n de Datos<\/u><\/strong><\/p>\n\n\n\n<p>Los datos personales recabados se tratar\u00e1n conforme a la LOPDGDD 3\/2018 y al RGPD, exclusivamente para la gesti\u00f3n del concurso.<\/p>\n\n\n\n<p><strong><u>Premios<\/u><\/strong><\/p>\n\n\n\n<ul class=\"wp-block-list\">\n<li><strong>Primer premio, <\/strong>dotado con 100\u20ac y un lote de productos ib\u00e9ricos<\/li>\n\n\n\n<li><strong>Segundo premio<\/strong> dotado con 50\u20ac y un surtido Conservas de Usisa<\/li>\n\n\n\n<li><strong>Tercer premio<\/strong> Ron Naranja Premium Gran Oro de Destiler\u00edas Martes Santo<\/li>\n<\/ul>\n\n\n\n<p>Una vez producido el fallo del Jurado, se har\u00e1 entrega de los premios a los ganadores, al tiempo que se enviar\u00e1 nota de prensa a los medios de comunicaci\u00f3n para su difusi\u00f3n.<\/p>\n\n\n\n<p><strong><u>Jurado<\/u><\/strong><\/p>\n\n\n\n<p>El jurado est\u00e1 compuesto por profesionales del \u00e1mbito de la fotograf\u00eda y representantes designados por la organizaci\u00f3n.<\/p>\n\n\n\n<p>El fallo ser\u00e1 publicado en las redes sociales de la <strong>Feria Nacional del Guiso Marinero ISLANTILLA SABOR<\/strong> y de <strong>la Asociaci\u00f3n Huelva y sus Fot\u00f3grafos<\/strong>.&nbsp;En la selecci\u00f3n de las fotograf\u00edas por parte del Jurado se valorar\u00e1, adem\u00e1s de los&nbsp;<strong>criterios t\u00e9cnicos<\/strong>&nbsp;fotogr\u00e1ficos, que las fotograf\u00edas ofrezcan una&nbsp;<strong>visi\u00f3n atractiva del entorno del evento e Islantilla.<\/strong><\/p>\n\n\n\n<p>Se tendr\u00e1 en cuenta en la selecci\u00f3n de fotograf\u00edas por parte del jurado, que \u00e9stas visibilicen los siguientes aspectos: innovaci\u00f3n, singularidad y visi\u00f3n global del entorno y el evento.<\/p>\n\n\n\n<p><strong><u>Aceptaci\u00f3n de las bases<\/u><\/strong><\/p>\n\n\n\n<p><strong>La participaci\u00f3n en el Concurso implica<\/strong> por parte del participante la declaraci\u00f3n de la autor\u00eda de las fotograf\u00edas presentadas y la plena aceptaci\u00f3n las bases del concurso:<\/p>\n\n\n\n<p>Garantiza ser el \u00fanico titular de todos los derechos de autor sobre las fotograf\u00edas que presenta y se responsabiliza de que no existan derechos de terceros sobre las obras presentadas.<\/p>\n\n\n\n<p>Se responsabiliza de que su fotograf\u00eda haya sido realizada con el consentimiento de las personas que aparecen en ella y de toda reclamaci\u00f3n por derechos de imagen que pudiese ocasionar a alg\u00fan tercero. Seg\u00fan lo establecido en el caso de aparecer en alguna fotograf\u00eda personas identificables o&nbsp;identificadas,&nbsp;<strong>se deber\u00e1 facilitar el documento de cesi\u00f3n de derechos de imagen a&nbsp;Grupo \u00c9lite<\/strong>, firmado debidamente por todas las personas que aparezcan en la misma.<\/p>\n\n\n\n<p>Tambi\u00e9n acepta que las fotograf\u00edas se incorporen al banco de im\u00e1genes de Grupo \u00c9lite, pudiendo esta hacer uso de las mismas con fines de difusi\u00f3n, divulgaci\u00f3n, sin \u00e1nimo de lucro y sin limitaci\u00f3n de tiempo.<\/p>\n\n\n\n<p>Se incorpora a este documento los detalles de los eventos de los d\u00edas que se llevar\u00e1 a cabo durante los d\u00edas 2 al 4 de mayo.<\/p>\n\n\n\n<figure class=\"wp-block-gallery has-nested-images columns-default is-cropped wp-block-gallery-1 is-layout-flex wp-block-gallery-is-layout-flex\">\n<figure class=\"wp-block-image size-large\"><a href=\"https:\/\/www.huelvaysusfotografos.com\/wp-content\/uploads\/2025\/04\/1-1.jpeg\"><img loading=\"lazy\" decoding=\"async\" width=\"819\" height=\"1024\" data-id=\"14745\" src=\"https:\/\/www.huelvaysusfotografos.com\/wp-content\/uploads\/2025\/04\/1-1-819x1024.jpeg\" alt=\"\" class=\"wp-image-14745\" srcset=\"https:\/\/www.huelvaysusfotografos.com\/wp-content\/uploads\/2025\/04\/1-1-819x1024.jpeg 819w, https:\/\/www.huelvaysusfotografos.com\/wp-content\/uploads\/2025\/04\/1-1-240x300.jpeg 240w, https:\/\/www.huelvaysusfotografos.com\/wp-content\/uploads\/2025\/04\/1-1-768x960.jpeg 768w, https:\/\/www.huelvaysusfotografos.com\/wp-content\/uploads\/2025\/04\/1-1.jpeg 1080w\" sizes=\"auto, (max-width: 819px) 100vw, 819px\" \/><\/a><\/figure>\n\n\n\n<figure class=\"wp-block-image size-large\"><a href=\"https:\/\/www.huelvaysusfotografos.com\/wp-content\/uploads\/2025\/04\/2-1.jpeg\"><img loading=\"lazy\" decoding=\"async\" width=\"819\" height=\"1024\" data-id=\"14744\" src=\"https:\/\/www.huelvaysusfotografos.com\/wp-content\/uploads\/2025\/04\/2-1-819x1024.jpeg\" alt=\"\" class=\"wp-image-14744\" srcset=\"https:\/\/www.huelvaysusfotografos.com\/wp-content\/uploads\/2025\/04\/2-1-819x1024.jpeg 819w, https:\/\/www.huelvaysusfotografos.com\/wp-content\/uploads\/2025\/04\/2-1-240x300.jpeg 240w, https:\/\/www.huelvaysusfotografos.com\/wp-content\/uploads\/2025\/04\/2-1-768x960.jpeg 768w, https:\/\/www.huelvaysusfotografos.com\/wp-content\/uploads\/2025\/04\/2-1.jpeg 1080w\" sizes=\"auto, (max-width: 819px) 100vw, 819px\" \/><\/a><\/figure>\n\n\n\n<figure class=\"wp-block-image size-large\"><a href=\"https:\/\/www.huelvaysusfotografos.com\/wp-content\/uploads\/2025\/04\/3-1.jpeg\"><img loading=\"lazy\" decoding=\"async\" width=\"819\" height=\"1024\" data-id=\"14748\" src=\"https:\/\/www.huelvaysusfotografos.com\/wp-content\/uploads\/2025\/04\/3-1-819x1024.jpeg\" alt=\"\" class=\"wp-image-14748\" srcset=\"https:\/\/www.huelvaysusfotografos.com\/wp-content\/uploads\/2025\/04\/3-1-819x1024.jpeg 819w, https:\/\/www.huelvaysusfotografos.com\/wp-content\/uploads\/2025\/04\/3-1-240x300.jpeg 240w, https:\/\/www.huelvaysusfotografos.com\/wp-content\/uploads\/2025\/04\/3-1-768x960.jpeg 768w, https:\/\/www.huelvaysusfotografos.com\/wp-content\/uploads\/2025\/04\/3-1.jpeg 1080w\" sizes=\"auto, (max-width: 819px) 100vw, 819px\" \/><\/a><\/figure>\n\n\n\n<figure class=\"wp-block-image size-large\"><a href=\"https:\/\/www.huelvaysusfotografos.com\/wp-content\/uploads\/2025\/04\/4-1.jpeg\"><img loading=\"lazy\" decoding=\"async\" width=\"819\" height=\"1024\" data-id=\"14747\" src=\"https:\/\/www.huelvaysusfotografos.com\/wp-content\/uploads\/2025\/04\/4-1-819x1024.jpeg\" alt=\"\" class=\"wp-image-14747\" srcset=\"https:\/\/www.huelvaysusfotografos.com\/wp-content\/uploads\/2025\/04\/4-1-819x1024.jpeg 819w, https:\/\/www.huelvaysusfotografos.com\/wp-content\/uploads\/2025\/04\/4-1-240x300.jpeg 240w, https:\/\/www.huelvaysusfotografos.com\/wp-content\/uploads\/2025\/04\/4-1-768x960.jpeg 768w, https:\/\/www.huelvaysusfotografos.com\/wp-content\/uploads\/2025\/04\/4-1.jpeg 1080w\" sizes=\"auto, (max-width: 819px) 100vw, 819px\" \/><\/a><\/figure>\n\n\n\n<figure class=\"wp-block-image size-large\"><a href=\"https:\/\/www.huelvaysusfotografos.com\/wp-content\/uploads\/2025\/04\/5-1.jpeg\"><img loading=\"lazy\" decoding=\"async\" width=\"819\" height=\"1024\" data-id=\"14749\" src=\"https:\/\/www.huelvaysusfotografos.com\/wp-content\/uploads\/2025\/04\/5-1-819x1024.jpeg\" alt=\"\" class=\"wp-image-14749\" srcset=\"https:\/\/www.huelvaysusfotografos.com\/wp-content\/uploads\/2025\/04\/5-1-819x1024.jpeg 819w, https:\/\/www.huelvaysusfotografos.com\/wp-content\/uploads\/2025\/04\/5-1-240x300.jpeg 240w, https:\/\/www.huelvaysusfotografos.com\/wp-content\/uploads\/2025\/04\/5-1-768x960.jpeg 768w, https:\/\/www.huelvaysusfotografos.com\/wp-content\/uploads\/2025\/04\/5-1.jpeg 1080w\" sizes=\"auto, (max-width: 819px) 100vw, 819px\" \/><\/a><\/figure>\n\n\n\n<figure class=\"wp-block-image size-large\"><a href=\"https:\/\/www.huelvaysusfotografos.com\/wp-content\/uploads\/2025\/04\/6-1.jpeg\"><img loading=\"lazy\" decoding=\"async\" width=\"819\" height=\"1024\" data-id=\"14746\" src=\"https:\/\/www.huelvaysusfotografos.com\/wp-content\/uploads\/2025\/04\/6-1-819x1024.jpeg\" alt=\"\" class=\"wp-image-14746\" srcset=\"https:\/\/www.huelvaysusfotografos.com\/wp-content\/uploads\/2025\/04\/6-1-819x1024.jpeg 819w, https:\/\/www.huelvaysusfotografos.com\/wp-content\/uploads\/2025\/04\/6-1-240x300.jpeg 240w, https:\/\/www.huelvaysusfotografos.com\/wp-content\/uploads\/2025\/04\/6-1-768x960.jpeg 768w, https:\/\/www.huelvaysusfotografos.com\/wp-content\/uploads\/2025\/04\/6-1.jpeg 1080w\" sizes=\"auto, (max-width: 819px) 100vw, 819px\" \/><\/a><\/figure>\n<\/figure>\n\n\n\n<p>Se pueden acudir a todos los eventos y participar de las demostraciones gratuitas que se desarrollar\u00e1n durante los tres d\u00edas del evento. <\/p>\n\n\n\n<p>!Os Esperamos!<\/p>\n\n\n\n<figure class=\"wp-block-image size-large\"><a href=\"https:\/\/www.huelvaysusfotografos.com\/wp-content\/uploads\/2025\/04\/CARTEL-CONCURSO-GUISO-MARINERO-1.jpeg\"><img loading=\"lazy\" decoding=\"async\" width=\"733\" height=\"1024\" src=\"https:\/\/www.huelvaysusfotografos.com\/wp-content\/uploads\/2025\/04\/CARTEL-CONCURSO-GUISO-MARINERO-1-733x1024.jpeg\" alt=\"\" class=\"wp-image-14753\" srcset=\"https:\/\/www.huelvaysusfotografos.com\/wp-content\/uploads\/2025\/04\/CARTEL-CONCURSO-GUISO-MARINERO-1-733x1024.jpeg 733w, https:\/\/www.huelvaysusfotografos.com\/wp-content\/uploads\/2025\/04\/CARTEL-CONCURSO-GUISO-MARINERO-1-215x300.jpeg 215w, https:\/\/www.huelvaysusfotografos.com\/wp-content\/uploads\/2025\/04\/CARTEL-CONCURSO-GUISO-MARINERO-1-768x1072.jpeg 768w, https:\/\/www.huelvaysusfotografos.com\/wp-content\/uploads\/2025\/04\/CARTEL-CONCURSO-GUISO-MARINERO-1.jpeg 1078w\" sizes=\"auto, (max-width: 733px) 100vw, 733px\" \/><\/a><\/figure>\n\n\n\n<p><\/p>\n","protected":false},"excerpt":{"rendered":"<p>La Organizaci\u00f3n de Islantilla Sabor y la Asociaci\u00f3n Huelva y sus fot\u00f3grafos convocan la \u00a0I Edici\u00f3n del Concurso de la Feria Nacional del Guiso Marinero. Bases del Concurso Se trata de un concurso fotogr\u00e1fico en el que los organizadores acompa\u00f1ar\u00e1n a los participantes para la bienvenida e indicar\u00e1n los espacios y lugares donde se desarrollar\u00e1 esta actividad. Facilitando el acceso a rincones de especial valor como el ronqueo del At\u00fan<\/p>\n<div class=\"belowpost\"><a class=\"btnmore\" href=\"https:\/\/www.huelvaysusfotografos.com\/?p=14743\">Seguir leyendo<\/a><\/div>\n","protected":false},"author":8279,"featured_media":14751,"comment_status":"open","ping_status":"open","sticky":false,"template":"","format":"standard","meta":{"footnotes":"","_links_to":"","_links_to_target":""},"categories":[12],"tags":[],"class_list":["post-14743","post","type-post","status-publish","format-standard","has-post-thumbnail","hentry","category-concursos"],"_links":{"self":[{"href":"https:\/\/www.huelvaysusfotografos.com\/index.php?rest_route=\/wp\/v2\/posts\/14743","targetHints":{"allow":["GET"]}}],"collection":[{"href":"https:\/\/www.huelvaysusfotografos.com\/index.php?rest_route=\/wp\/v2\/posts"}],"about":[{"href":"https:\/\/www.huelvaysusfotografos.com\/index.php?rest_route=\/wp\/v2\/types\/post"}],"author":[{"embeddable":true,"href":"https:\/\/www.huelvaysusfotografos.com\/index.php?rest_route=\/wp\/v2\/users\/8279"}],"replies":[{"embeddable":true,"href":"https:\/\/www.huelvaysusfotografos.com\/index.php?rest_route=%2Fwp%2Fv2%2Fcomments&post=14743"}],"version-history":[{"count":3,"href":"https:\/\/www.huelvaysusfotografos.com\/index.php?rest_route=\/wp\/v2\/posts\/14743\/revisions"}],"predecessor-version":[{"id":14756,"href":"https:\/\/www.huelvaysusfotografos.com\/index.php?rest_route=\/wp\/v2\/posts\/14743\/revisions\/14756"}],"wp:featuredmedia":[{"embeddable":true,"href":"https:\/\/www.huelvaysusfotografos.com\/index.php?rest_route=\/wp\/v2\/media\/14751"}],"wp:attachment":[{"href":"https:\/\/www.huelvaysusfotografos.com\/index.php?rest_route=%2Fwp%2Fv2%2Fmedia&parent=14743"}],"wp:term":[{"taxonomy":"category","embeddable":true,"href":"https:\/\/www.huelvaysusfotografos.com\/index.php?rest_route=%2Fwp%2Fv2%2Fcategories&post=14743"},{"taxonomy":"post_tag","embeddable":true,"href":"https:\/\/www.huelvaysusfotografos.com\/index.php?rest_route=%2Fwp%2Fv2%2Ftags&post=14743"}],"curies":[{"name":"wp","href":"https:\/\/api.w.org\/{rel}","templated":true}]}}