{"id":14737,"date":"2025-04-25T16:53:39","date_gmt":"2025-04-25T14:53:39","guid":{"rendered":"https:\/\/www.huelvaysusfotografos.com\/?p=14737"},"modified":"2025-04-25T18:32:10","modified_gmt":"2025-04-25T16:32:10","slug":"i-rally-fotografico-del-entorno-de-la-finca-el-bosque","status":"publish","type":"post","link":"https:\/\/www.huelvaysusfotografos.com\/?p=14737","title":{"rendered":"I Rally Fotogr\u00e1fico del entorno de la finca El Bosque"},"content":{"rendered":"\n<p><strong>BASES DEL I RALLY FOTOGR\u00c1FICO DEL ENTORNO DE LA FINCA EL BOSQUE<\/strong><\/p>\n\n\n\n<p>En la localidad de Lucena del Puerto, a 21 de abril de 2025, se procede a la redacci\u00f3n y aprobaci\u00f3n de las bases reguladoras del <strong>I Rally Fotogr\u00e1fico del entorno de la finca El Bosque<\/strong>, convocado por la firma comercial <strong>La Canastita<\/strong>, en colaboraci\u00f3n con la <strong>Asociaci\u00f3n Huelva y sus Fot\u00f3grafos<\/strong>, con el fin de poner en valor, a trav\u00e9s de la fotograf\u00eda, el entorno paisaj\u00edstico, arquitect\u00f3nico y agr\u00edcola de dicha finca.<\/p>\n\n\n\n<p>Este rally fotogr\u00e1fico consistir\u00e1 en un recorrido fotogr\u00e1fico guiado por los organizadores los d\u00edas <strong>16 y 17 de mayo de 2025<\/strong>, permitiendo a los participantes acceder a espacios especialmente seleccionados por su valor ambiental, cultural y visual dentro de la finca El Bosque. La actividad se desarrollar\u00e1 en dos sesiones: la primera, el viernes 16 de mayo de 17:00 a 20:00 horas; la segunda, el s\u00e1bado 17 de mayo de 10:00 a 14:00 horas. Las plazas son limitadas y la fecha m\u00e1xima de inscripci\u00f3n ser\u00e1 hasta el d\u00eda 14 de mayo a las 24:00 horas<\/p>\n\n\n\n<p>Podr\u00e1n participar en este rally todas aquellas personas f\u00edsicas que, en la fecha del evento, sean <strong>mayores de 18 a\u00f1os y residentes en Espa\u00f1a<\/strong>, quedando excluidos los miembros del jurado designado para este certamen. La participaci\u00f3n ser\u00e1 gratuita y requerir\u00e1 inscripci\u00f3n previa, que se formalizar\u00e1 mediante correo electr\u00f3nico enviado a la direcci\u00f3n <a href=\"mailto:media@lacanastita.com\"><strong>media@lacanastita.com<\/strong><\/a> indicando en el asunto: <em>\u00abInscripci\u00f3n I Rally Fotogr\u00e1fico del entorno de la finca El Bosque\u00bb<\/em>, y en el cuerpo del correo: nombre completo, DNI y tel\u00e9fono de contacto y turno seleccionado.<\/p>\n\n\n\n<p>Cada participante podr\u00e1 presentar un m\u00e1ximo de <strong>cinco (5) fotograf\u00edas<\/strong>, que reflejen las diferentes \u00e1reas de la finca El Bosque durante el desarrollo del rally. Las im\u00e1genes se presentar\u00e1n en formato <strong>.jpg<\/strong>, podr\u00e1n ser en color o blanco y negro, no podr\u00e1n estar firmadas ni contener marca de agua, y no se admitir\u00e1n aquellas que hayan sido manipuladas digitalmente, permiti\u00e9ndose exclusivamente una edici\u00f3n b\u00e1sica (brillo, contraste, saturaci\u00f3n, niveles y enfoque). El peso m\u00e1ximo permitido por archivo ser\u00e1 de <strong>3 megabytes (Mb)<\/strong>.<\/p>\n\n\n\n<p>El env\u00edo de las fotograf\u00edas deber\u00e1 realizarse antes del <strong>24 de mayo de 2025 a las 24:00 horas<\/strong>, mediante correo electr\u00f3nico a la misma direcci\u00f3n (<strong>media@lacanastita.com<\/strong>), e incluir\u00e1 en el cuerpo del mensaje los siguientes datos: nombre completo del autor\/a, DNI, tel\u00e9fono de contacto, t\u00edtulo de cada una de las obras presentadas y localizaci\u00f3n concreta dentro de la finca donde se realiz\u00f3 cada imagen.<\/p>\n\n\n\n<p>Los premios establecidos son los siguientes:<\/p>\n\n\n\n<ul class=\"wp-block-list\">\n<li><strong>Premio 125 Aniversario<\/strong>, dotado con <strong>700 euros<\/strong>, al conjunto de las cinco mejores fotograf\u00edas, representando cada \u00e1rea, presentadas por un mismo autor, junto con la impresi\u00f3n de dichas im\u00e1genes.<\/li>\n\n\n\n<li><strong>Premio El Bosque<\/strong>, de <strong>500 euros<\/strong>, a la mejor fotograf\u00eda individual del entorno del Bosque, acompa\u00f1ada de su impresi\u00f3n.<\/li>\n\n\n\n<li><strong>Premio La Canastita<\/strong>, de <strong>300 euros<\/strong>, destinado a la mejor imagen dedicada al cultivo de la mora, tambi\u00e9n con impresi\u00f3n incluida.<\/li>\n\n\n\n<li>Adem\u00e1s, todos los participantes recibir\u00e1n un <strong>diploma acreditativo<\/strong> de su participaci\u00f3n.<br><br><\/li>\n<\/ul>\n\n\n\n<p>Los premios no ser\u00e1n acumulables, por lo que una misma persona no podr\u00e1 recibir m\u00e1s de uno.<\/p>\n\n\n\n<p>Para el an\u00e1lisis y selecci\u00f3n de las obras, se constituye un <strong>jurado<\/strong>, cuya funci\u00f3n ser\u00e1 valorar las fotograf\u00edas conforme a criterios tanto t\u00e9cnicos como art\u00edsticos, as\u00ed como su capacidad para reflejar la esencia del entorno de la finca. Se tendr\u00e1 especialmente en cuenta la representaci\u00f3n visual de elementos como la sostenibilidad, la innovaci\u00f3n, el cultivo y el patrimonio. El fallo del jurado ser\u00e1 inapelable y se har\u00e1 p\u00fablico a trav\u00e9s de las redes sociales de La Canastita y de la Asociaci\u00f3n Huelva y sus Fot\u00f3grafos, adem\u00e1s de mediante nota de prensa enviada a medios de comunicaci\u00f3n.<\/p>\n\n\n\n<p>Se entender\u00e1 que no existe el qu\u00f3rum m\u00ednimo necesario y, por tanto, el concurso se considerar\u00e1 desierto en caso de que el n\u00famero de participantes que presenten material fotogr\u00e1fico sea inferior a veinte (20).<\/p>\n\n\n\n<p>Las obras seleccionadas y finalistas formar\u00e1n parte de una exposici\u00f3n presencial, cuya fecha y localizaci\u00f3n ser\u00e1n comunicadas con antelaci\u00f3n, reserv\u00e1ndose la organizaci\u00f3n el derecho de modificar dichos aspectos por motivos organizativos.<\/p>\n\n\n\n<p>La participaci\u00f3n en este certamen conlleva la aceptaci\u00f3n expresa de las presentes bases y la declaraci\u00f3n de autor\u00eda por parte de los participantes. Quien se presente garantiza ser titular exclusivo de los derechos de autor de las im\u00e1genes remitidas, as\u00ed como la obtenci\u00f3n del consentimiento de todas las personas que puedan aparecer reconocibles en las fotograf\u00edas, comprometi\u00e9ndose a presentar, en caso necesario, la correspondiente <strong>cesi\u00f3n de derechos de imagen<\/strong>. Asimismo, los participantes autorizan a La Canastita a incorporar sus im\u00e1genes al banco de im\u00e1genes de la empresa, pudiendo esta utilizarlas con fines de divulgaci\u00f3n y promoci\u00f3n, sin l\u00edmite temporal, siempre sin \u00e1nimo de lucro.<\/p>\n\n\n\n<p>En cuanto al tratamiento de los datos personales recogidos durante el proceso, se informa que estos ser\u00e1n tratados conforme a la normativa vigente en materia de protecci\u00f3n de datos, incluyendo el <strong>Reglamento (UE) 2016\/679 (RGPD)<\/strong> y la <strong>Ley Org\u00e1nica 3\/2018 (LOPDGDD)<\/strong>, y utilizados exclusivamente para la gesti\u00f3n del concurso.<\/p>\n\n\n\n<figure class=\"wp-block-image size-large\"><a href=\"https:\/\/www.huelvaysusfotografos.com\/wp-content\/uploads\/2025\/04\/I-Rally-Fotografico-del-entorno-de-la-finca-El-Bosque-CARTEL.jpeg\"><img loading=\"lazy\" decoding=\"async\" width=\"724\" height=\"1024\" src=\"https:\/\/www.huelvaysusfotografos.com\/wp-content\/uploads\/2025\/04\/I-Rally-Fotografico-del-entorno-de-la-finca-El-Bosque-CARTEL-724x1024.jpeg\" alt=\"\" class=\"wp-image-14738\" srcset=\"https:\/\/www.huelvaysusfotografos.com\/wp-content\/uploads\/2025\/04\/I-Rally-Fotografico-del-entorno-de-la-finca-El-Bosque-CARTEL-724x1024.jpeg 724w, https:\/\/www.huelvaysusfotografos.com\/wp-content\/uploads\/2025\/04\/I-Rally-Fotografico-del-entorno-de-la-finca-El-Bosque-CARTEL-212x300.jpeg 212w, https:\/\/www.huelvaysusfotografos.com\/wp-content\/uploads\/2025\/04\/I-Rally-Fotografico-del-entorno-de-la-finca-El-Bosque-CARTEL-768x1086.jpeg 768w, https:\/\/www.huelvaysusfotografos.com\/wp-content\/uploads\/2025\/04\/I-Rally-Fotografico-del-entorno-de-la-finca-El-Bosque-CARTEL-1086x1536.jpeg 1086w, https:\/\/www.huelvaysusfotografos.com\/wp-content\/uploads\/2025\/04\/I-Rally-Fotografico-del-entorno-de-la-finca-El-Bosque-CARTEL.jpeg 1131w\" sizes=\"auto, (max-width: 724px) 100vw, 724px\" \/><\/a><\/figure>\n\n\n\n<p><strong>CONSTITUCI\u00d3N DE LA MESA DEL JURADO<\/strong><\/p>\n\n\n\n<p>En este mismo acto, se constituye formalmente la mesa del jurado del I Rally Fotogr\u00e1fico del entorno de la finca El Bosque, integrada por las siguientes personas:<\/p>\n\n\n\n<p>PRESIDENTE\/A DEL JURADO: D. Diego Velo Castillo<\/p>\n\n\n\n<p>VOCAL 1: D. Josu\u00e9 Correa Ara\u00fajo<\/p>\n\n\n\n<p>VOCAL 2: D\u00f1a. Carmen Torres Chaguaceda<\/p>\n\n\n\n<p>VOCAL 3: D. Jos\u00e9 Luis Arizmendi Llanes<\/p>\n\n\n\n<p>VOCAL 4: &nbsp;D. Antonio Delgado Luque<\/p>\n\n\n\n<p>SECRETARIO\/A: D. Jes\u00fas Mart\u00ednez Moyano<\/p>\n\n\n\n<p>Con la firma de las presentes bases, todos los miembros del jurado ratifican su aceptaci\u00f3n, comprometi\u00e9ndose a actuar conforme a los criterios de objetividad, imparcialidad y transparencia durante el proceso de evaluaci\u00f3n y fallo del concurso.<\/p>\n\n\n\n<figure class=\"wp-block-image size-large\"><a href=\"https:\/\/www.huelvaysusfotografos.com\/wp-content\/uploads\/2025\/04\/JURADO-LA-CANASTITA-scaled.jpeg\"><img loading=\"lazy\" decoding=\"async\" width=\"1024\" height=\"576\" src=\"https:\/\/www.huelvaysusfotografos.com\/wp-content\/uploads\/2025\/04\/JURADO-LA-CANASTITA-1024x576.jpeg\" alt=\"\" class=\"wp-image-14740\" srcset=\"https:\/\/www.huelvaysusfotografos.com\/wp-content\/uploads\/2025\/04\/JURADO-LA-CANASTITA-1024x576.jpeg 1024w, https:\/\/www.huelvaysusfotografos.com\/wp-content\/uploads\/2025\/04\/JURADO-LA-CANASTITA-300x169.jpeg 300w, https:\/\/www.huelvaysusfotografos.com\/wp-content\/uploads\/2025\/04\/JURADO-LA-CANASTITA-768x432.jpeg 768w, https:\/\/www.huelvaysusfotografos.com\/wp-content\/uploads\/2025\/04\/JURADO-LA-CANASTITA-1536x864.jpeg 1536w, https:\/\/www.huelvaysusfotografos.com\/wp-content\/uploads\/2025\/04\/JURADO-LA-CANASTITA-2048x1152.jpeg 2048w\" sizes=\"auto, (max-width: 1024px) 100vw, 1024px\" \/><\/a><\/figure>\n","protected":false},"excerpt":{"rendered":"<p>BASES DEL I RALLY FOTOGR\u00c1FICO DEL ENTORNO DE LA FINCA EL BOSQUE En la localidad de Lucena del Puerto, a 21 de abril de 2025, se procede a la redacci\u00f3n y aprobaci\u00f3n de las bases reguladoras del I Rally Fotogr\u00e1fico del entorno de la finca El Bosque, convocado por la firma comercial La Canastita, en colaboraci\u00f3n con la Asociaci\u00f3n Huelva y sus Fot\u00f3grafos, con el fin de poner en valor,<\/p>\n<div class=\"belowpost\"><a class=\"btnmore\" href=\"https:\/\/www.huelvaysusfotografos.com\/?p=14737\">Seguir leyendo<\/a><\/div>\n","protected":false},"author":8279,"featured_media":14738,"comment_status":"open","ping_status":"open","sticky":false,"template":"","format":"standard","meta":{"footnotes":"","_links_to":"","_links_to_target":""},"categories":[12],"tags":[],"class_list":["post-14737","post","type-post","status-publish","format-standard","has-post-thumbnail","hentry","category-concursos"],"_links":{"self":[{"href":"https:\/\/www.huelvaysusfotografos.com\/index.php?rest_route=\/wp\/v2\/posts\/14737","targetHints":{"allow":["GET"]}}],"collection":[{"href":"https:\/\/www.huelvaysusfotografos.com\/index.php?rest_route=\/wp\/v2\/posts"}],"about":[{"href":"https:\/\/www.huelvaysusfotografos.com\/index.php?rest_route=\/wp\/v2\/types\/post"}],"author":[{"embeddable":true,"href":"https:\/\/www.huelvaysusfotografos.com\/index.php?rest_route=\/wp\/v2\/users\/8279"}],"replies":[{"embeddable":true,"href":"https:\/\/www.huelvaysusfotografos.com\/index.php?rest_route=%2Fwp%2Fv2%2Fcomments&post=14737"}],"version-history":[{"count":2,"href":"https:\/\/www.huelvaysusfotografos.com\/index.php?rest_route=\/wp\/v2\/posts\/14737\/revisions"}],"predecessor-version":[{"id":14741,"href":"https:\/\/www.huelvaysusfotografos.com\/index.php?rest_route=\/wp\/v2\/posts\/14737\/revisions\/14741"}],"wp:featuredmedia":[{"embeddable":true,"href":"https:\/\/www.huelvaysusfotografos.com\/index.php?rest_route=\/wp\/v2\/media\/14738"}],"wp:attachment":[{"href":"https:\/\/www.huelvaysusfotografos.com\/index.php?rest_route=%2Fwp%2Fv2%2Fmedia&parent=14737"}],"wp:term":[{"taxonomy":"category","embeddable":true,"href":"https:\/\/www.huelvaysusfotografos.com\/index.php?rest_route=%2Fwp%2Fv2%2Fcategories&post=14737"},{"taxonomy":"post_tag","embeddable":true,"href":"https:\/\/www.huelvaysusfotografos.com\/index.php?rest_route=%2Fwp%2Fv2%2Ftags&post=14737"}],"curies":[{"name":"wp","href":"https:\/\/api.w.org\/{rel}","templated":true}]}}