{"id":14730,"date":"2025-04-11T13:05:30","date_gmt":"2025-04-11T11:05:30","guid":{"rendered":"https:\/\/www.huelvaysusfotografos.com\/?p=14730"},"modified":"2025-04-11T13:05:30","modified_gmt":"2025-04-11T11:05:30","slug":"fallados-los-iii-premios-de-la-hermandad-del-rocio-de-huelva","status":"publish","type":"post","link":"https:\/\/www.huelvaysusfotografos.com\/?p=14730","title":{"rendered":"Fallados los III Premios de la Hermandad del Roc\u00edo de Huelva"},"content":{"rendered":"\n<h2 class=\"wp-block-heading\">Premios del III concurso fotogr\u00e1fico Hermandad del Roc\u00edo de Huelva \u201cEl Camino Rociero de Huelva\u201d<\/h2>\n\n\n\n<p>El jurado del IIIConcurso Fotogr\u00e1fico Hermandad del Roc\u00edo de Huelva \u201cEl camino Rociero de Huelva\u201d, reunido en la tarde del 10 de abril del 2025 en la sede de la Real, Ilustre, Venerable y Antigua Hermandad de Nuestra Se\u00f1ora del Roc\u00edo de Huelva, conforme a lo establecido en las bases publicadas, y una vez estudiadas las 52 obras presentadas, ha decidido otorgar los siguientes premios:<\/p>\n\n\n<div class=\"wp-block-image\">\n<figure class=\"aligncenter size-large\"><a href=\"https:\/\/www.huelvaysusfotografos.com\/wp-content\/uploads\/2025\/04\/1P-LA-CHARCA.-Julio-Alberto-Martin-Garcia.jpg\"><img loading=\"lazy\" decoding=\"async\" width=\"1024\" height=\"683\" src=\"https:\/\/www.huelvaysusfotografos.com\/wp-content\/uploads\/2025\/04\/1P-LA-CHARCA.-Julio-Alberto-Martin-Garcia-1024x683.jpg\" alt=\"\" class=\"wp-image-14731\" srcset=\"https:\/\/www.huelvaysusfotografos.com\/wp-content\/uploads\/2025\/04\/1P-LA-CHARCA.-Julio-Alberto-Martin-Garcia-1024x683.jpg 1024w, https:\/\/www.huelvaysusfotografos.com\/wp-content\/uploads\/2025\/04\/1P-LA-CHARCA.-Julio-Alberto-Martin-Garcia-300x200.jpg 300w, https:\/\/www.huelvaysusfotografos.com\/wp-content\/uploads\/2025\/04\/1P-LA-CHARCA.-Julio-Alberto-Martin-Garcia-768x512.jpg 768w, https:\/\/www.huelvaysusfotografos.com\/wp-content\/uploads\/2025\/04\/1P-LA-CHARCA.-Julio-Alberto-Martin-Garcia-1536x1024.jpg 1536w, https:\/\/www.huelvaysusfotografos.com\/wp-content\/uploads\/2025\/04\/1P-LA-CHARCA.-Julio-Alberto-Martin-Garcia.jpg 2048w\" sizes=\"auto, (max-width: 1024px) 100vw, 1024px\" \/><\/a><\/figure>\n<\/div>\n\n\n<p><strong><em>Primer Premio: Fotograf\u00eda titulada \u00abLa Charca\u00bb, de D. Julio Alberto Mart\u00edn<\/em><\/strong><\/p>\n\n\n\n<figure class=\"wp-block-image size-large\"><a href=\"https:\/\/www.huelvaysusfotografos.com\/wp-content\/uploads\/2025\/04\/2P-H-U-E-L-V-A.-Joaquin-Bahamonde-Romero.jpg\"><img loading=\"lazy\" decoding=\"async\" width=\"683\" height=\"1024\" src=\"https:\/\/www.huelvaysusfotografos.com\/wp-content\/uploads\/2025\/04\/2P-H-U-E-L-V-A.-Joaquin-Bahamonde-Romero-683x1024.jpg\" alt=\"\" class=\"wp-image-14732\" srcset=\"https:\/\/www.huelvaysusfotografos.com\/wp-content\/uploads\/2025\/04\/2P-H-U-E-L-V-A.-Joaquin-Bahamonde-Romero-683x1024.jpg 683w, https:\/\/www.huelvaysusfotografos.com\/wp-content\/uploads\/2025\/04\/2P-H-U-E-L-V-A.-Joaquin-Bahamonde-Romero-200x300.jpg 200w, https:\/\/www.huelvaysusfotografos.com\/wp-content\/uploads\/2025\/04\/2P-H-U-E-L-V-A.-Joaquin-Bahamonde-Romero-768x1152.jpg 768w, https:\/\/www.huelvaysusfotografos.com\/wp-content\/uploads\/2025\/04\/2P-H-U-E-L-V-A.-Joaquin-Bahamonde-Romero-1024x1536.jpg 1024w, https:\/\/www.huelvaysusfotografos.com\/wp-content\/uploads\/2025\/04\/2P-H-U-E-L-V-A.-Joaquin-Bahamonde-Romero.jpg 1365w\" sizes=\"auto, (max-width: 683px) 100vw, 683px\" \/><\/a><\/figure>\n\n\n\n<p><strong><em>Segundo Premio: Fotograf\u00eda titulada \u00abHuelva\u00bb, de D. Joaqu\u00edn Bahamonde<\/em><\/strong><\/p>\n\n\n\n<figure class=\"wp-block-image size-large\"><a href=\"https:\/\/www.huelvaysusfotografos.com\/wp-content\/uploads\/2025\/04\/3P-Camino-de-Luz.-Alberto-Dominguez-Hernandez.jpg\"><img loading=\"lazy\" decoding=\"async\" width=\"1024\" height=\"683\" src=\"https:\/\/www.huelvaysusfotografos.com\/wp-content\/uploads\/2025\/04\/3P-Camino-de-Luz.-Alberto-Dominguez-Hernandez-1024x683.jpg\" alt=\"\" class=\"wp-image-14733\" srcset=\"https:\/\/www.huelvaysusfotografos.com\/wp-content\/uploads\/2025\/04\/3P-Camino-de-Luz.-Alberto-Dominguez-Hernandez-1024x683.jpg 1024w, https:\/\/www.huelvaysusfotografos.com\/wp-content\/uploads\/2025\/04\/3P-Camino-de-Luz.-Alberto-Dominguez-Hernandez-300x200.jpg 300w, https:\/\/www.huelvaysusfotografos.com\/wp-content\/uploads\/2025\/04\/3P-Camino-de-Luz.-Alberto-Dominguez-Hernandez-768x512.jpg 768w, https:\/\/www.huelvaysusfotografos.com\/wp-content\/uploads\/2025\/04\/3P-Camino-de-Luz.-Alberto-Dominguez-Hernandez-1536x1024.jpg 1536w, https:\/\/www.huelvaysusfotografos.com\/wp-content\/uploads\/2025\/04\/3P-Camino-de-Luz.-Alberto-Dominguez-Hernandez.jpg 2048w\" sizes=\"auto, (max-width: 1024px) 100vw, 1024px\" \/><\/a><\/figure>\n\n\n\n<p><em><strong>Tercer Premio: Fotograf\u00eda titulada \u00abCamino de Luz\u00bb, de D. Alberto Dom\u00ednguez<\/strong><\/em><\/p>\n\n\n\n<p>Enhorabuena a los premiados y nuestro sincero agradecimiento a todos los participantes.<br>Las obras premiadas, as\u00ed como el resto de obras finalistas, ser\u00e1n expuestas en la Sala \u00abEl Comercial\u00bb, de la&nbsp;<a href=\"https:\/\/fundacioncajasol.com\/\" target=\"_blank\" rel=\"noreferrer noopener\">Fundaci\u00f3n Cajasol<\/a>&nbsp;de Huelva, a partir del pr\u00f3ximo 30 de abril.<\/p>\n\n\n\n<p><strong>Aviso legal sobre derechos de autor<\/strong><br><em>Todas las im\u00e1genes incluidas en este art\u00edculo est\u00e1n protegidas por la normativa vigente sobre propiedad intelectual en Espa\u00f1a (Real Decreto Legislativo 1\/1996, de 12 de abril, por el que se aprueba el texto refundido de la Ley de Propiedad Intelectual). Queda expresamente prohibida su reproducci\u00f3n, distribuci\u00f3n, comunicaci\u00f3n p\u00fablica o cualquier otro uso, total o parcial, sin la autorizaci\u00f3n previa y por escrito del titular de los derechos. El incumplimiento de esta normativa puede dar lugar a responsabilidades legales, civiles y\/o penales.<\/em><\/p>\n\n\n\n<p><\/p>\n","protected":false},"excerpt":{"rendered":"<p>Premios del III concurso fotogr\u00e1fico Hermandad del Roc\u00edo de Huelva \u201cEl Camino Rociero de Huelva\u201d El jurado del IIIConcurso Fotogr\u00e1fico Hermandad del Roc\u00edo de Huelva \u201cEl camino Rociero de Huelva\u201d, reunido en la tarde del 10 de abril del 2025 en la sede de la Real, Ilustre, Venerable y Antigua Hermandad de Nuestra Se\u00f1ora del Roc\u00edo de Huelva, conforme a lo establecido en las bases publicadas, y una vez estudiadas<\/p>\n<div class=\"belowpost\"><a class=\"btnmore\" href=\"https:\/\/www.huelvaysusfotografos.com\/?p=14730\">Seguir leyendo<\/a><\/div>\n","protected":false},"author":8279,"featured_media":14731,"comment_status":"open","ping_status":"open","sticky":false,"template":"","format":"standard","meta":{"footnotes":"","_links_to":"","_links_to_target":""},"categories":[3],"tags":[],"class_list":["post-14730","post","type-post","status-publish","format-standard","has-post-thumbnail","hentry","category-noticias"],"_links":{"self":[{"href":"https:\/\/www.huelvaysusfotografos.com\/index.php?rest_route=\/wp\/v2\/posts\/14730","targetHints":{"allow":["GET"]}}],"collection":[{"href":"https:\/\/www.huelvaysusfotografos.com\/index.php?rest_route=\/wp\/v2\/posts"}],"about":[{"href":"https:\/\/www.huelvaysusfotografos.com\/index.php?rest_route=\/wp\/v2\/types\/post"}],"author":[{"embeddable":true,"href":"https:\/\/www.huelvaysusfotografos.com\/index.php?rest_route=\/wp\/v2\/users\/8279"}],"replies":[{"embeddable":true,"href":"https:\/\/www.huelvaysusfotografos.com\/index.php?rest_route=%2Fwp%2Fv2%2Fcomments&post=14730"}],"version-history":[{"count":1,"href":"https:\/\/www.huelvaysusfotografos.com\/index.php?rest_route=\/wp\/v2\/posts\/14730\/revisions"}],"predecessor-version":[{"id":14734,"href":"https:\/\/www.huelvaysusfotografos.com\/index.php?rest_route=\/wp\/v2\/posts\/14730\/revisions\/14734"}],"wp:featuredmedia":[{"embeddable":true,"href":"https:\/\/www.huelvaysusfotografos.com\/index.php?rest_route=\/wp\/v2\/media\/14731"}],"wp:attachment":[{"href":"https:\/\/www.huelvaysusfotografos.com\/index.php?rest_route=%2Fwp%2Fv2%2Fmedia&parent=14730"}],"wp:term":[{"taxonomy":"category","embeddable":true,"href":"https:\/\/www.huelvaysusfotografos.com\/index.php?rest_route=%2Fwp%2Fv2%2Fcategories&post=14730"},{"taxonomy":"post_tag","embeddable":true,"href":"https:\/\/www.huelvaysusfotografos.com\/index.php?rest_route=%2Fwp%2Fv2%2Ftags&post=14730"}],"curies":[{"name":"wp","href":"https:\/\/api.w.org\/{rel}","templated":true}]}}