{"id":14724,"date":"2025-04-06T17:57:25","date_gmt":"2025-04-06T15:57:25","guid":{"rendered":"https:\/\/www.huelvaysusfotografos.com\/?p=14724"},"modified":"2025-04-06T17:57:25","modified_gmt":"2025-04-06T15:57:25","slug":"fotea-2025-un-enorme-estudio-de-cine","status":"publish","type":"post","link":"https:\/\/www.huelvaysusfotografos.com\/?p=14724","title":{"rendered":"Fotea 2025, un enorme estudio de cine."},"content":{"rendered":"\n<p>La ma\u00f1ana del s\u00e1bado 5 de abril, nos llevo al coraz\u00f3n de la costa onubense, entre Ayamonte y Matalasca\u00f1as, concretamente a la localidad de El Rompido.<\/p>\n\n\n\n<p>Gracias a la generosidad y acogida de Marta Su\u00e1rez Zamudio del Hotel Precise Resort El Rompido, por atendernos tan amablemente y dejarnos disponer de los extraordinarios espacios de los que dispone este extraordinario Hotel.<\/p>\n\n\n\n<p>El resort est\u00e1 enclavado en un maravilloso entorno costero en el coraz\u00f3n de un impresionante campo de golf y rodeado por las Marismas del R\u00edo Piedras, un paisaje protegido de gran belleza.<\/p>\n\n\n\n<p>La ma\u00f1ana dio para mucho por la disposici\u00f3n de las modelos y el modelo que nos acompa\u00f1aron y el buen hacer de los fot\u00f3grafos que all\u00ed se dieron cita, para enmarcar este d\u00eda dentro de nuestro calendario de actividades, con letras de oro.<\/p>\n\n\n\n<p>Sin duda alguna la jornada dio para mucho y se pudieron hacer innumerables sesiones individuales y grupales con un extraordinario resultado, que ver\u00e9is en las redes sociales y en nuestra p\u00e1gina web, como viene siendo habitual.<\/p>\n\n\n\n<p>Agradecer a Mariam Ant\u00fanez, Daniela Gallardo, Shamyra Rodr\u00edguez Natasha Garc\u00eda, Sof\u00eda M\u00f3dena, Guillermo All\u00e1s Caballero, Mar\u00eda Pereira Da Palma, Elena Garc\u00eda, Marta Orta, Mar\u00eda de la Pe\u00f1a Almansa, Sabrina Palma y Barbara Canto.<\/p>\n\n\n\n<p>As\u00ed como a los fot\u00f3grafos que realizaron la sesi\u00f3n fotograf\u00eda en este extraordinario escenario, Jos\u00e9 Luis Arizmendi Llanes, Antonio Martin Riego, Cinta Beltr\u00e1n Pedreira, Jose Manuel Raya Jim\u00e9nez, Ana Rodr\u00edguez Concepci\u00f3n, Juan Carlos Segura Novoa, Carmen Pascual Barea, Fco Javier Mart\u00edn Blanco, Jos\u00e9 Mar\u00eda Est\u00e9vez Romero, Fran Borges, Valent\u00edn Fern\u00e1ndez Romero, Paco Gil, \u00c1ngel Vidal Oliva Serrano, Carmelo Vargas G\u00f3mez, Juan Francisco Romero Ortega, Pedro Garc\u00eda Delgado, Manuel Quintero y Rafael Castizo.<\/p>\n\n\n\n<p>Os recordamos que al subir las fotos a la web es imprescindible las siguientes etiquetas&nbsp;<\/p>\n\n\n\n<p><strong>#Fotea2025\u00a0 #huelvaysusfotografos #Fotea2025PreciseResortElRompido\u00a0<\/strong><\/p>\n\n\n\n<p>As\u00ed como las cuentas de Instagram de las modelos que han participado en el evento y la cuanta de Instagram del Hotel @<strong>preciseresort_elrompido&nbsp;<\/strong><\/p>\n\n\n\n<p><strong>Muchas gracias a tod@s, nos emplazamos para Fotea 2026.<\/strong><\/p>\n\n\n\n<figure class=\"wp-block-image size-large\"><a href=\"https:\/\/www.huelvaysusfotografos.com\/wp-content\/uploads\/2025\/04\/FOTO-DE-GRUPO-FOTEA-2025-1.jpg\"><img loading=\"lazy\" decoding=\"async\" width=\"1024\" height=\"717\" src=\"https:\/\/www.huelvaysusfotografos.com\/wp-content\/uploads\/2025\/04\/FOTO-DE-GRUPO-FOTEA-2025-1-1024x717.jpg\" alt=\"\" class=\"wp-image-14726\" srcset=\"https:\/\/www.huelvaysusfotografos.com\/wp-content\/uploads\/2025\/04\/FOTO-DE-GRUPO-FOTEA-2025-1-1024x717.jpg 1024w, https:\/\/www.huelvaysusfotografos.com\/wp-content\/uploads\/2025\/04\/FOTO-DE-GRUPO-FOTEA-2025-1-300x210.jpg 300w, https:\/\/www.huelvaysusfotografos.com\/wp-content\/uploads\/2025\/04\/FOTO-DE-GRUPO-FOTEA-2025-1-768x537.jpg 768w, https:\/\/www.huelvaysusfotografos.com\/wp-content\/uploads\/2025\/04\/FOTO-DE-GRUPO-FOTEA-2025-1-1536x1075.jpg 1536w, https:\/\/www.huelvaysusfotografos.com\/wp-content\/uploads\/2025\/04\/FOTO-DE-GRUPO-FOTEA-2025-1.jpg 2048w\" sizes=\"auto, (max-width: 1024px) 100vw, 1024px\" \/><\/a><\/figure>\n","protected":false},"excerpt":{"rendered":"<p>La ma\u00f1ana del s\u00e1bado 5 de abril, nos llevo al coraz\u00f3n de la costa onubense, entre Ayamonte y Matalasca\u00f1as, concretamente a la localidad de El Rompido. Gracias a la generosidad y acogida de Marta Su\u00e1rez Zamudio del Hotel Precise Resort El Rompido, por atendernos tan amablemente y dejarnos disponer de los extraordinarios espacios de los que dispone este extraordinario Hotel. El resort est\u00e1 enclavado en un maravilloso entorno costero en<\/p>\n<div class=\"belowpost\"><a class=\"btnmore\" href=\"https:\/\/www.huelvaysusfotografos.com\/?p=14724\">Seguir leyendo<\/a><\/div>\n","protected":false},"author":8279,"featured_media":14725,"comment_status":"open","ping_status":"open","sticky":false,"template":"","format":"standard","meta":{"footnotes":"","_links_to":"","_links_to_target":""},"categories":[3],"tags":[],"class_list":["post-14724","post","type-post","status-publish","format-standard","has-post-thumbnail","hentry","category-noticias"],"_links":{"self":[{"href":"https:\/\/www.huelvaysusfotografos.com\/index.php?rest_route=\/wp\/v2\/posts\/14724","targetHints":{"allow":["GET"]}}],"collection":[{"href":"https:\/\/www.huelvaysusfotografos.com\/index.php?rest_route=\/wp\/v2\/posts"}],"about":[{"href":"https:\/\/www.huelvaysusfotografos.com\/index.php?rest_route=\/wp\/v2\/types\/post"}],"author":[{"embeddable":true,"href":"https:\/\/www.huelvaysusfotografos.com\/index.php?rest_route=\/wp\/v2\/users\/8279"}],"replies":[{"embeddable":true,"href":"https:\/\/www.huelvaysusfotografos.com\/index.php?rest_route=%2Fwp%2Fv2%2Fcomments&post=14724"}],"version-history":[{"count":1,"href":"https:\/\/www.huelvaysusfotografos.com\/index.php?rest_route=\/wp\/v2\/posts\/14724\/revisions"}],"predecessor-version":[{"id":14727,"href":"https:\/\/www.huelvaysusfotografos.com\/index.php?rest_route=\/wp\/v2\/posts\/14724\/revisions\/14727"}],"wp:featuredmedia":[{"embeddable":true,"href":"https:\/\/www.huelvaysusfotografos.com\/index.php?rest_route=\/wp\/v2\/media\/14725"}],"wp:attachment":[{"href":"https:\/\/www.huelvaysusfotografos.com\/index.php?rest_route=%2Fwp%2Fv2%2Fmedia&parent=14724"}],"wp:term":[{"taxonomy":"category","embeddable":true,"href":"https:\/\/www.huelvaysusfotografos.com\/index.php?rest_route=%2Fwp%2Fv2%2Fcategories&post=14724"},{"taxonomy":"post_tag","embeddable":true,"href":"https:\/\/www.huelvaysusfotografos.com\/index.php?rest_route=%2Fwp%2Fv2%2Ftags&post=14724"}],"curies":[{"name":"wp","href":"https:\/\/api.w.org\/{rel}","templated":true}]}}