{"id":14658,"date":"2025-03-13T20:55:36","date_gmt":"2025-03-13T19:55:36","guid":{"rendered":"https:\/\/www.huelvaysusfotografos.com\/?p=14658"},"modified":"2025-03-13T20:55:37","modified_gmt":"2025-03-13T19:55:37","slug":"taller-de-modelaje-basico","status":"publish","type":"post","link":"https:\/\/www.huelvaysusfotografos.com\/?p=14658","title":{"rendered":"Taller de Modelaje b\u00e1sico"},"content":{"rendered":"\n<p>El pr\u00f3ximo 1 de abril, tendremos un taller de modelaje b\u00e1sico a cargo de nuestro vocal de talleres y cursos, Juan Carlos Segura Novoa.<\/p>\n\n\n\n<p>Teniendo en cuenta nuestra pr\u00f3xima actividad de Fotea el pr\u00f3ximo 5 de abril, nunca viene mal refrescar conceptos de como dirigir a una modelo a la hora de hacer una sesi\u00f3n de fotos.<\/p>\n\n\n\n<p>Es por ello que nuestro compa\u00f1ero Juan Carlos Segura Novoa, impartir\u00e1 este taller de modelaje b\u00e1sico como pre\u00e1mbulo de nuestra actividad.<\/p>\n\n\n\n<p>Para ellos nos emplazamos el pr\u00f3ximo 1 de abril en la Puerta principal del Parque Moret a las 17.00 horas. <\/p>\n\n\n\n<p><strong><em>Necesidades t\u00e9cnicas<\/em><\/strong>.- C\u00e1mara y Objetivo de focal entre 18 &#8211; 200 y alg\u00fan tipo de iluminaci\u00f3n a elecci\u00f3n del fot\u00f3grafo<\/p>\n\n\n\n<p><strong>Actividad.- <\/strong>Taller de Modelaje B\u00e1sico<\/p>\n\n\n\n<p><strong>D\u00eda.<\/strong>&#8211; Martes 1 de abril de 2025<\/p>\n\n\n\n<p><strong>Lugar.<\/strong>&#8211; Puerta Principal del Parque Moret (Huelva)<\/p>\n\n\n\n<p><strong>Hora<\/strong>.- 17.00 horas<\/p>\n\n\n<div class=\"wp-block-image\">\n<figure class=\"aligncenter size-full\"><a href=\"https:\/\/www.huelvaysusfotografos.com\/wp-content\/uploads\/2025\/03\/CARTEL-MODELAJE-BASICO-1.jpeg\"><img loading=\"lazy\" decoding=\"async\" width=\"367\" height=\"622\" src=\"https:\/\/www.huelvaysusfotografos.com\/wp-content\/uploads\/2025\/03\/CARTEL-MODELAJE-BASICO-1.jpeg\" alt=\"\" class=\"wp-image-14660\" srcset=\"https:\/\/www.huelvaysusfotografos.com\/wp-content\/uploads\/2025\/03\/CARTEL-MODELAJE-BASICO-1.jpeg 367w, https:\/\/www.huelvaysusfotografos.com\/wp-content\/uploads\/2025\/03\/CARTEL-MODELAJE-BASICO-1-177x300.jpeg 177w\" sizes=\"auto, (max-width: 367px) 100vw, 367px\" \/><\/a><\/figure>\n<\/div>","protected":false},"excerpt":{"rendered":"<p>El pr\u00f3ximo 1 de abril, tendremos un taller de modelaje b\u00e1sico a cargo de nuestro vocal de talleres y cursos, Juan Carlos Segura Novoa. Teniendo en cuenta nuestra pr\u00f3xima actividad de Fotea el pr\u00f3ximo 5 de abril, nunca viene mal refrescar conceptos de como dirigir a una modelo a la hora de hacer una sesi\u00f3n de fotos. Es por ello que nuestro compa\u00f1ero Juan Carlos Segura Novoa, impartir\u00e1 este taller<\/p>\n<div class=\"belowpost\"><a class=\"btnmore\" href=\"https:\/\/www.huelvaysusfotografos.com\/?p=14658\">Seguir leyendo<\/a><\/div>\n","protected":false},"author":8279,"featured_media":14659,"comment_status":"open","ping_status":"open","sticky":false,"template":"","format":"standard","meta":{"footnotes":"","_links_to":"","_links_to_target":""},"categories":[3],"tags":[],"class_list":["post-14658","post","type-post","status-publish","format-standard","has-post-thumbnail","hentry","category-noticias"],"_links":{"self":[{"href":"https:\/\/www.huelvaysusfotografos.com\/index.php?rest_route=\/wp\/v2\/posts\/14658","targetHints":{"allow":["GET"]}}],"collection":[{"href":"https:\/\/www.huelvaysusfotografos.com\/index.php?rest_route=\/wp\/v2\/posts"}],"about":[{"href":"https:\/\/www.huelvaysusfotografos.com\/index.php?rest_route=\/wp\/v2\/types\/post"}],"author":[{"embeddable":true,"href":"https:\/\/www.huelvaysusfotografos.com\/index.php?rest_route=\/wp\/v2\/users\/8279"}],"replies":[{"embeddable":true,"href":"https:\/\/www.huelvaysusfotografos.com\/index.php?rest_route=%2Fwp%2Fv2%2Fcomments&post=14658"}],"version-history":[{"count":1,"href":"https:\/\/www.huelvaysusfotografos.com\/index.php?rest_route=\/wp\/v2\/posts\/14658\/revisions"}],"predecessor-version":[{"id":14661,"href":"https:\/\/www.huelvaysusfotografos.com\/index.php?rest_route=\/wp\/v2\/posts\/14658\/revisions\/14661"}],"wp:featuredmedia":[{"embeddable":true,"href":"https:\/\/www.huelvaysusfotografos.com\/index.php?rest_route=\/wp\/v2\/media\/14659"}],"wp:attachment":[{"href":"https:\/\/www.huelvaysusfotografos.com\/index.php?rest_route=%2Fwp%2Fv2%2Fmedia&parent=14658"}],"wp:term":[{"taxonomy":"category","embeddable":true,"href":"https:\/\/www.huelvaysusfotografos.com\/index.php?rest_route=%2Fwp%2Fv2%2Fcategories&post=14658"},{"taxonomy":"post_tag","embeddable":true,"href":"https:\/\/www.huelvaysusfotografos.com\/index.php?rest_route=%2Fwp%2Fv2%2Ftags&post=14658"}],"curies":[{"name":"wp","href":"https:\/\/api.w.org\/{rel}","templated":true}]}}