{"id":14556,"date":"2025-02-12T00:26:30","date_gmt":"2025-02-11T23:26:30","guid":{"rendered":"https:\/\/www.huelvaysusfotografos.com\/?p=14556"},"modified":"2025-02-12T00:26:30","modified_gmt":"2025-02-11T23:26:30","slug":"quedada-fotografica-feria-de-epoca1900-moguer","status":"publish","type":"post","link":"https:\/\/www.huelvaysusfotografos.com\/?p=14556","title":{"rendered":"Quedada fotogr\u00e1fica Feria de \u00e9poca1900 Moguer"},"content":{"rendered":"\n<p>La localidad onubense de <strong>Moguer\u00a0celebra su Feria de \u00c9poca 1900,<\/strong> los pr\u00f3ximos d\u00edas del <strong>21 al 23 de febrero<\/strong> un evento l\u00fadico-cultural que tiene como objetivo recrear aquel Moguer pr\u00f3spero y culto que vio nacer al genio po\u00e9tico <strong>Juan Ram\u00f3n Jim\u00e9nez<\/strong>, un Moguer ligado estrechamente al cultivo y la comercializaci\u00f3n de vinos y licores, que contaba por aquel entonces con un pujante puerto comercial sobre el r\u00edo Tinto, teatro, varios peri\u00f3dicos locales y una intensa actividad cultural y literaria.\u00a0\u00a0\u00a0\u00a0\u00a0<\/p>\n\n\n\n<p>Cientos de moguere\u00f1os y moguere\u00f1as <strong>se visten con trajes de la \u00e9poca y participan activamente en las numerosas propuestas l\u00fadicas y culturales<\/strong> que se desarrollan en un casco hist\u00f3rico que recrea aquellos a\u00f1os de <strong>finales del XIX y principios del XX.\u00a0<\/strong><\/p>\n\n\n\n<p>La ciudad se convierte durante esos d\u00edas en destino preferente con decenas de propuestas de animaci\u00f3n, espect\u00e1culos musicales, exhibiciones, feria del libro, puestos de artesan\u00eda, juegos infantiles, concursos de trajes de \u00e9poca, circo, pasacalles y otras muchas iniciativas, entre las que destacan la\u00a0<strong>Ruta Gastron\u00f3mica de tapas y la Ruta la Ley Seca de C\u00f3ckteles<\/strong>\u00a0que permiten al p\u00fablico degustar los mejores sabores de la tierra a precios muy econ\u00f3micos en m\u00e1s de una veintena de establecimientos hosteleros.<\/p>\n\n\n\n<p>Nuestra quedada fotogr\u00e1fica tendr\u00e1 lugar el pr\u00f3ximo <strong>s\u00e1bado 22 de febrero desde las 10.30 horas<\/strong> hasta que el cuerpo aguante, para sumergirnos en los principios del siglo XX.<\/p>\n\n\n\n<p>Lugar de encuentro en la Plaza del Ayuntamiento, para agruparnos y desde all\u00ed recorrer las calles y plazas de la localidad y hacer lo que m\u00e1s nos gusta, fotos, fotos, fotos&#8230;<\/p>\n\n\n\n<p><strong>Actividad.<\/strong>&#8211; Quedada fotogr\u00e1fica Feria de \u00e9poca 1900 Moguer<\/p>\n\n\n\n<p><strong>D\u00eda.-<\/strong> s\u00e1bado 22 de febrero de 2025<\/p>\n\n\n\n<p><strong>Hora.-<\/strong> 10.30 horas hasta que el cuerpo aguante.<\/p>\n\n\n\n<p><strong>Lugar de encuentro<\/strong>.- Plaza del Ayuntamiento<\/p>\n\n\n\n<figure class=\"wp-block-image size-large\"><a href=\"https:\/\/www.huelvaysusfotografos.com\/wp-content\/uploads\/2025\/02\/Moguer-Feria-de-Epoca-1900.jpeg\"><img loading=\"lazy\" decoding=\"async\" width=\"650\" height=\"1024\" src=\"https:\/\/www.huelvaysusfotografos.com\/wp-content\/uploads\/2025\/02\/Moguer-Feria-de-Epoca-1900-650x1024.jpeg\" alt=\"\" class=\"wp-image-14557\" srcset=\"https:\/\/www.huelvaysusfotografos.com\/wp-content\/uploads\/2025\/02\/Moguer-Feria-de-Epoca-1900-650x1024.jpeg 650w, https:\/\/www.huelvaysusfotografos.com\/wp-content\/uploads\/2025\/02\/Moguer-Feria-de-Epoca-1900-190x300.jpeg 190w, https:\/\/www.huelvaysusfotografos.com\/wp-content\/uploads\/2025\/02\/Moguer-Feria-de-Epoca-1900-768x1211.jpeg 768w, https:\/\/www.huelvaysusfotografos.com\/wp-content\/uploads\/2025\/02\/Moguer-Feria-de-Epoca-1900-974x1536.jpeg 974w, https:\/\/www.huelvaysusfotografos.com\/wp-content\/uploads\/2025\/02\/Moguer-Feria-de-Epoca-1900.jpeg 1015w\" sizes=\"auto, (max-width: 650px) 100vw, 650px\" \/><\/a><\/figure>\n","protected":false},"excerpt":{"rendered":"<p>La localidad onubense de Moguer\u00a0celebra su Feria de \u00c9poca 1900, los pr\u00f3ximos d\u00edas del 21 al 23 de febrero un evento l\u00fadico-cultural que tiene como objetivo recrear aquel Moguer pr\u00f3spero y culto que vio nacer al genio po\u00e9tico Juan Ram\u00f3n Jim\u00e9nez, un Moguer ligado estrechamente al cultivo y la comercializaci\u00f3n de vinos y licores, que contaba por aquel entonces con un pujante puerto comercial sobre el r\u00edo Tinto, teatro, varios<\/p>\n<div class=\"belowpost\"><a class=\"btnmore\" href=\"https:\/\/www.huelvaysusfotografos.com\/?p=14556\">Seguir leyendo<\/a><\/div>\n","protected":false},"author":8279,"featured_media":14558,"comment_status":"open","ping_status":"open","sticky":false,"template":"","format":"standard","meta":{"footnotes":"","_links_to":"","_links_to_target":""},"categories":[3],"tags":[],"class_list":["post-14556","post","type-post","status-publish","format-standard","has-post-thumbnail","hentry","category-noticias"],"_links":{"self":[{"href":"https:\/\/www.huelvaysusfotografos.com\/index.php?rest_route=\/wp\/v2\/posts\/14556","targetHints":{"allow":["GET"]}}],"collection":[{"href":"https:\/\/www.huelvaysusfotografos.com\/index.php?rest_route=\/wp\/v2\/posts"}],"about":[{"href":"https:\/\/www.huelvaysusfotografos.com\/index.php?rest_route=\/wp\/v2\/types\/post"}],"author":[{"embeddable":true,"href":"https:\/\/www.huelvaysusfotografos.com\/index.php?rest_route=\/wp\/v2\/users\/8279"}],"replies":[{"embeddable":true,"href":"https:\/\/www.huelvaysusfotografos.com\/index.php?rest_route=%2Fwp%2Fv2%2Fcomments&post=14556"}],"version-history":[{"count":1,"href":"https:\/\/www.huelvaysusfotografos.com\/index.php?rest_route=\/wp\/v2\/posts\/14556\/revisions"}],"predecessor-version":[{"id":14559,"href":"https:\/\/www.huelvaysusfotografos.com\/index.php?rest_route=\/wp\/v2\/posts\/14556\/revisions\/14559"}],"wp:featuredmedia":[{"embeddable":true,"href":"https:\/\/www.huelvaysusfotografos.com\/index.php?rest_route=\/wp\/v2\/media\/14558"}],"wp:attachment":[{"href":"https:\/\/www.huelvaysusfotografos.com\/index.php?rest_route=%2Fwp%2Fv2%2Fmedia&parent=14556"}],"wp:term":[{"taxonomy":"category","embeddable":true,"href":"https:\/\/www.huelvaysusfotografos.com\/index.php?rest_route=%2Fwp%2Fv2%2Fcategories&post=14556"},{"taxonomy":"post_tag","embeddable":true,"href":"https:\/\/www.huelvaysusfotografos.com\/index.php?rest_route=%2Fwp%2Fv2%2Ftags&post=14556"}],"curies":[{"name":"wp","href":"https:\/\/api.w.org\/{rel}","templated":true}]}}