{"id":14547,"date":"2025-02-04T23:51:30","date_gmt":"2025-02-04T22:51:30","guid":{"rendered":"https:\/\/www.huelvaysusfotografos.com\/?p=14547"},"modified":"2025-02-05T00:04:49","modified_gmt":"2025-02-04T23:04:49","slug":"vi-rally-fotografico-transfronterizo","status":"publish","type":"post","link":"https:\/\/www.huelvaysusfotografos.com\/?p=14547","title":{"rendered":"VI Rally Fotogr\u00e1fico Transfronterizo"},"content":{"rendered":"\n<p>El pr\u00f3ximo s\u00e1bado 8 de febrero se desarrollar\u00e1 el VI Rally fotogr\u00e1fico Transfronterizo en la localidad espa\u00f1ola de Ayamonte y en las portuguesas de Castro Marim y Villa Real de Santo Antonio.<\/p>\n\n\n\n<p>La VI Feria Transfronteriza de Arte Contempor\u00e1neo, organizada por la Fundaci\u00f3n Olontia y la Eurociudad del Guadiana, que se celebrar\u00e1 del 6 al 9 de febrero en el territorio transfronterizo.<\/p>\n\n\n\n<p><strong>RALLYE FOTOGR\u00c1FICO EUROCIDADE DO GUADIANA . ROTA DE LA LITERATURA Y LAS ARTES &#8211; TERRITORIO MUSEU<\/strong><\/p>\n\n\n\n<p>El mitin fotogr\u00e1fico de la <strong>Ruta Eurociudad del Guadiana &#8211; Literatura y Artes<\/strong>, tiene como objetivo fomentar la creatividad fotogr\u00e1fica de los participantes, valorar los puntos de inter\u00e9s de la ruta y del territorio, y promover el patrimonio art\u00edstico en <strong>Ayamonte, Castro Marim y Vila Real de Santo Ant\u00f3nio <\/strong>durante el <strong>VI Fair Arte Contempor\u00e1neo Cross Border<\/strong><\/p>\n\n\n\n<p><strong>Inscripciones:<\/strong><\/p>\n\n\n\n<p>\u25cf El mitin est\u00e1 abierto a fot\u00f3grafos aficionados y profesionales. El deber de jurado no est\u00e1 permitido.<\/p>\n\n\n\n<p>\u25cf Las inscripciones son gratuitas y se realizan mediante el formulario:<\/p>\n\n\n\n<p><a href=\"https:\/\/docs.google.com\/...\/1FAIpQLSf7wJ...\/viewform...\">https:\/\/docs.google.com\/&#8230;\/1FAIpQLSf7wJ&#8230;\/viewform&#8230;<\/a><\/p>\n\n\n\n<p>\u25cf Las fotograf\u00edas ser\u00e1n tomadas el s\u00e1bado 8 de febrero.<\/p>\n\n\n\n<p>\u25cf Las fotograf\u00edas deben resaltar los puntos de inter\u00e9s de la Ruta de Literatura y Artes del Territorio Museo. (La ruta y el folleto informativo se pueden descargar en: <a href=\"https:\/\/drive.google.com\/file\/d\/13Q7MWwahPKrXtBERDP5wi8veBRCPDne9\/view?fbclid=IwZXh0bgNhZW0CMTAAAR0psEBnX8cH-1rK12Ous4uftMRoKgDeU2blzVmX_OGGhhqY5dezVyF1Tjc_aem_uE1ck-JKYdjf5VuOTUN8EQ\" rel=\"noreferrer noopener\" target=\"_blank\">https:\/\/drive.google.com\/&#8230;\/13Q7MWwahPKrXtBERDP5wi8&#8230;\/view<\/a> y pueden ser recogidos en Casa do Sal el viernes de 9:00 a 17:00 por los inscritos. )<\/p>\n\n\n\n<p>\u25cf Las im\u00e1genes pueden ser enviadas en color o en blanco y negro, pero no pueden ser manipuladas digitalmente para incluir elementos que no est\u00e1n presentes en el sitio.<\/p>\n\n\n\n<p>\u25cf Las fotograf\u00edas deben enviarse antes del 8 de febrero de 2025 al correo umquartoescuro.eventos@gmail.com antes de las 5 pm con el tema: Rally Fotogr\u00e1fico &#8211; Ruta de Literatura y Artes.<\/p>\n\n\n\n<p>\u25cf Cada autor puede enviar hasta tres fotos en formato 3&#215;2, 2480 p\u00edxeles en el lado m\u00e1s peque\u00f1o y resoluci\u00f3n de 300 dpi.<\/p>\n\n\n\n<p>\u25cf Las fotograf\u00edas ser\u00e1n evaluadas por un Jurado, integrado por tres elementos de la Asociaci\u00f3n 1 \u20444 Oscuridad, un elemento de la Fundaci\u00f3n Olontia y un elemento de la Eurociudad de Guadiana que tendr\u00e1 en cuenta los criterios de creatividad, originalidad y composici\u00f3n.<\/p>\n\n\n\n<p><strong>PREMIOS<\/strong><\/p>\n\n\n\n<p>1er premio: una litograf\u00eda de la Fundaci\u00f3n Olontia<\/p>\n\n\n\n<p>\u25cf 2o premio: Un conjunto id\u00e9ntico de Casa do Sal<\/p>\n\n\n\n<p>\u25cf 3er premio: Acuarelas por un artista del territorio<\/p>\n\n\n\n<p>\u25cf El jurado, si as\u00ed lo entiende, puede atribuir menciones de calidad a otras fotos que no sean las otorgadas en los tres primeros lugares.<\/p>\n\n\n\n<p>\u25cf Los resultados ser\u00e1n divulgados durante la ma\u00f1ana del domingo 9, en Casa do Sal en Castro Marim; a las 12:30 en la Sesi\u00f3n de Clausura de la Feria de Arte Transfronteriza<\/p>\n\n\n\n<p>\u25cf Los ganadores del concurso y otros participantes ser\u00e1n contactados por tel\u00e9fono.<\/p>\n\n\n\n<p>RENUNCIA DE RESPONSACI\u00d3N Y DERECHOS DE AUTOR<\/p>\n\n\n\n<p>\u25cf La divulgaci\u00f3n de las fotos ganadoras y las dem\u00e1s fotos presentadas al concurso ser\u00e1n publicadas en la p\u00e1gina de la asociaci\u00f3n en las redes sociales de la feria, Eurocity el d\u00eda despu\u00e9s de la sesi\u00f3n de premiaci\u00f3n.<\/p>\n\n\n\n<p>\u25cf Las fotograf\u00edas registradas quedan bajo la autorizaci\u00f3n de los participantes. Al presentar sus obras fotogr\u00e1ficas, los participantes acuerdan renunciar al derecho de uso de las im\u00e1genes con el prop\u00f3sito de difusi\u00f3n del concurso y de las acciones promocionales de la organizaci\u00f3n o acciones promocionales de las Eurocity do Guadiana o Fundaci\u00f3n Olontia, siempre citando el nombre del autor.<\/p>\n\n\n\n<p>DEP\u00d3SITOS FINALES<\/p>\n\n\n\n<p>\u25cf La participaci\u00f3n en el concurso implica la plena aceptaci\u00f3n de este reglamento.<\/p>\n\n\n\n<p>\u25cf Los casos omitidos y posibles dudas ser\u00e1n resueltos por el comit\u00e9 organizador.<\/p>\n\n\n\n<p><strong>PRIMEROS PUNTOS DE INTER\u00c9S:<\/strong><\/p>\n\n\n\n<p><strong>Ayamonte<\/strong><\/p>\n\n\n\n<p>\u2022 Centro Cultural Casa Grande (interior y exterior)<\/p>\n\n\n\n<p>\u2022 Plaza Laguna<\/p>\n\n\n\n<p><strong>Castro Marim<\/strong><\/p>\n\n\n\n<p>\u2022 Largo Manuel Gomes- Homenaje a Paco de Luc\u00eda<\/p>\n\n\n\n<p>\u2022 Estatua del Caballero &#8211; Rotonda en Castro Marim<\/p>\n\n\n\n<p>\u2022 Salt House (interior y exterior)<\/p>\n\n\n\n<p><strong>VRSA<\/strong><\/p>\n\n\n\n<p>\u2022 Centro Cultural Antonio Aleixo<\/p>\n\n\n\n<p>\u2022 Esculturas en VRSA (frente al r\u00edo)<\/p>\n\n\n\n<p>\u2022 Archivo Hist\u00f3rico Municipal (interior y exterior)<\/p>\n\n\n\n<p>\u2022 Escultura de San Antonio &#8211; entrada a la Villa Real de San Antonio<\/p>\n\n\n\n<p>\u2022 Cacala Vieja<\/p>\n\n\n\n<p>Puente Internacional Guadiana<\/p>\n\n\n\n<p><strong>Os dejamos la programaci\u00f3n de los d\u00edas que componen estas actividades<\/strong><\/p>\n\n\n\n<figure class=\"wp-block-image size-large\"><a href=\"https:\/\/www.huelvaysusfotografos.com\/wp-content\/uploads\/2025\/02\/programa-VI-Rally-Fotografico.jpg\"><img loading=\"lazy\" decoding=\"async\" width=\"724\" height=\"1024\" src=\"https:\/\/www.huelvaysusfotografos.com\/wp-content\/uploads\/2025\/02\/programa-VI-Rally-Fotografico-724x1024.jpg\" alt=\"\" class=\"wp-image-14549\" srcset=\"https:\/\/www.huelvaysusfotografos.com\/wp-content\/uploads\/2025\/02\/programa-VI-Rally-Fotografico-724x1024.jpg 724w, https:\/\/www.huelvaysusfotografos.com\/wp-content\/uploads\/2025\/02\/programa-VI-Rally-Fotografico-212x300.jpg 212w, https:\/\/www.huelvaysusfotografos.com\/wp-content\/uploads\/2025\/02\/programa-VI-Rally-Fotografico-768x1086.jpg 768w, https:\/\/www.huelvaysusfotografos.com\/wp-content\/uploads\/2025\/02\/programa-VI-Rally-Fotografico-1086x1536.jpg 1086w, https:\/\/www.huelvaysusfotografos.com\/wp-content\/uploads\/2025\/02\/programa-VI-Rally-Fotografico.jpg 1414w\" sizes=\"auto, (max-width: 724px) 100vw, 724px\" \/><\/a><\/figure>\n","protected":false},"excerpt":{"rendered":"<p>El pr\u00f3ximo s\u00e1bado 8 de febrero se desarrollar\u00e1 el VI Rally fotogr\u00e1fico Transfronterizo en la localidad espa\u00f1ola de Ayamonte y en las portuguesas de Castro Marim y Villa Real de Santo Antonio. La VI Feria Transfronteriza de Arte Contempor\u00e1neo, organizada por la Fundaci\u00f3n Olontia y la Eurociudad del Guadiana, que se celebrar\u00e1 del 6 al 9 de febrero en el territorio transfronterizo. RALLYE FOTOGR\u00c1FICO EUROCIDADE DO GUADIANA . ROTA DE<\/p>\n<div class=\"belowpost\"><a class=\"btnmore\" href=\"https:\/\/www.huelvaysusfotografos.com\/?p=14547\">Seguir leyendo<\/a><\/div>\n","protected":false},"author":8279,"featured_media":14548,"comment_status":"open","ping_status":"open","sticky":false,"template":"","format":"standard","meta":{"footnotes":"","_links_to":"","_links_to_target":""},"categories":[3],"tags":[],"class_list":["post-14547","post","type-post","status-publish","format-standard","has-post-thumbnail","hentry","category-noticias"],"_links":{"self":[{"href":"https:\/\/www.huelvaysusfotografos.com\/index.php?rest_route=\/wp\/v2\/posts\/14547","targetHints":{"allow":["GET"]}}],"collection":[{"href":"https:\/\/www.huelvaysusfotografos.com\/index.php?rest_route=\/wp\/v2\/posts"}],"about":[{"href":"https:\/\/www.huelvaysusfotografos.com\/index.php?rest_route=\/wp\/v2\/types\/post"}],"author":[{"embeddable":true,"href":"https:\/\/www.huelvaysusfotografos.com\/index.php?rest_route=\/wp\/v2\/users\/8279"}],"replies":[{"embeddable":true,"href":"https:\/\/www.huelvaysusfotografos.com\/index.php?rest_route=%2Fwp%2Fv2%2Fcomments&post=14547"}],"version-history":[{"count":2,"href":"https:\/\/www.huelvaysusfotografos.com\/index.php?rest_route=\/wp\/v2\/posts\/14547\/revisions"}],"predecessor-version":[{"id":14551,"href":"https:\/\/www.huelvaysusfotografos.com\/index.php?rest_route=\/wp\/v2\/posts\/14547\/revisions\/14551"}],"wp:featuredmedia":[{"embeddable":true,"href":"https:\/\/www.huelvaysusfotografos.com\/index.php?rest_route=\/wp\/v2\/media\/14548"}],"wp:attachment":[{"href":"https:\/\/www.huelvaysusfotografos.com\/index.php?rest_route=%2Fwp%2Fv2%2Fmedia&parent=14547"}],"wp:term":[{"taxonomy":"category","embeddable":true,"href":"https:\/\/www.huelvaysusfotografos.com\/index.php?rest_route=%2Fwp%2Fv2%2Fcategories&post=14547"},{"taxonomy":"post_tag","embeddable":true,"href":"https:\/\/www.huelvaysusfotografos.com\/index.php?rest_route=%2Fwp%2Fv2%2Ftags&post=14547"}],"curies":[{"name":"wp","href":"https:\/\/api.w.org\/{rel}","templated":true}]}}