{"id":14121,"date":"2024-11-17T21:46:32","date_gmt":"2024-11-17T20:46:32","guid":{"rendered":"https:\/\/www.huelvaysusfotografos.com\/?p=14121"},"modified":"2024-11-17T21:47:42","modified_gmt":"2024-11-17T20:47:42","slug":"quedada-fotografia-el-talenque-valdelarco","status":"publish","type":"post","link":"https:\/\/www.huelvaysusfotografos.com\/?p=14121","title":{"rendered":"Quedada fotograf\u00eda, el Talenque &#8211; Valdelarco"},"content":{"rendered":"\n<p><em><strong>Bajo la direcci\u00f3n de nuestro compa\u00f1ero Juan Carlos Segura Novoa, nos vamos de ruta por el oto\u00f1o serrano.<\/strong><\/em><\/p>\n\n\n\n<p>Quedada fotograf\u00eda, el Talenque &#8211; Valdelarco, uno de los senderos m\u00e1s bonitos de la sierra y picos de Aroche en la provincia de Huelva.<\/p>\n\n\n\n<p>El recorrido es de una longitud de unos ocho km ida y vuelta, de dificultad f\u00e1cil , aunque el principio del camino es algo pedregoso.<\/p>\n\n\n\n<p>La comida ser\u00e1 por cuenta de cada uno pues comeremos a la vuelta, en el merendero.<br>Equipo aconsejable, c\u00e1mara, objetivo de rango entre 24-140, tr\u00edpode, filtros y quien tenga macro que lo lleve.<\/p>\n\n\n\n<p>La actividad esta abierta a familia y simpatizantes que quieran echar un d\u00eda por la sierra onubense.<\/p>\n\n\n\n<p>Saldremos de la carpa de la Avenida de Andaluc\u00eda a las <strong>nueve de la ma\u00f1ana del s\u00e1bado 23 de Noviembre<\/strong>, all\u00ed nos repartimos en los coches para compartir gastos de gasolina.<\/p>\n\n\n<div class=\"wp-block-image\">\n<figure class=\"aligncenter size-full\"><a href=\"https:\/\/www.huelvaysusfotografos.com\/wp-content\/uploads\/2024\/11\/sendero-Valdelarco-23-del-11.jpeg\"><img loading=\"lazy\" decoding=\"async\" width=\"574\" height=\"698\" src=\"https:\/\/www.huelvaysusfotografos.com\/wp-content\/uploads\/2024\/11\/sendero-Valdelarco-23-del-11.jpeg\" alt=\"\" class=\"wp-image-14122\" srcset=\"https:\/\/www.huelvaysusfotografos.com\/wp-content\/uploads\/2024\/11\/sendero-Valdelarco-23-del-11.jpeg 574w, https:\/\/www.huelvaysusfotografos.com\/wp-content\/uploads\/2024\/11\/sendero-Valdelarco-23-del-11-247x300.jpeg 247w\" sizes=\"auto, (max-width: 574px) 100vw, 574px\" \/><\/a><\/figure>\n<\/div>","protected":false},"excerpt":{"rendered":"<p>Bajo la direcci\u00f3n de nuestro compa\u00f1ero Juan Carlos Segura Novoa, nos vamos de ruta por el oto\u00f1o serrano. Quedada fotograf\u00eda, el Talenque &#8211; Valdelarco, uno de los senderos m\u00e1s bonitos de la sierra y picos de Aroche en la provincia de Huelva. El recorrido es de una longitud de unos ocho km ida y vuelta, de dificultad f\u00e1cil , aunque el principio del camino es algo pedregoso. La comida ser\u00e1<\/p>\n<div class=\"belowpost\"><a class=\"btnmore\" href=\"https:\/\/www.huelvaysusfotografos.com\/?p=14121\">Seguir leyendo<\/a><\/div>\n","protected":false},"author":8279,"featured_media":14123,"comment_status":"open","ping_status":"open","sticky":false,"template":"","format":"standard","meta":{"footnotes":"","_links_to":"","_links_to_target":""},"categories":[4,6],"tags":[],"class_list":["post-14121","post","type-post","status-publish","format-standard","has-post-thumbnail","hentry","category-actividades","category-quedadas"],"_links":{"self":[{"href":"https:\/\/www.huelvaysusfotografos.com\/index.php?rest_route=\/wp\/v2\/posts\/14121","targetHints":{"allow":["GET"]}}],"collection":[{"href":"https:\/\/www.huelvaysusfotografos.com\/index.php?rest_route=\/wp\/v2\/posts"}],"about":[{"href":"https:\/\/www.huelvaysusfotografos.com\/index.php?rest_route=\/wp\/v2\/types\/post"}],"author":[{"embeddable":true,"href":"https:\/\/www.huelvaysusfotografos.com\/index.php?rest_route=\/wp\/v2\/users\/8279"}],"replies":[{"embeddable":true,"href":"https:\/\/www.huelvaysusfotografos.com\/index.php?rest_route=%2Fwp%2Fv2%2Fcomments&post=14121"}],"version-history":[{"count":2,"href":"https:\/\/www.huelvaysusfotografos.com\/index.php?rest_route=\/wp\/v2\/posts\/14121\/revisions"}],"predecessor-version":[{"id":14126,"href":"https:\/\/www.huelvaysusfotografos.com\/index.php?rest_route=\/wp\/v2\/posts\/14121\/revisions\/14126"}],"wp:featuredmedia":[{"embeddable":true,"href":"https:\/\/www.huelvaysusfotografos.com\/index.php?rest_route=\/wp\/v2\/media\/14123"}],"wp:attachment":[{"href":"https:\/\/www.huelvaysusfotografos.com\/index.php?rest_route=%2Fwp%2Fv2%2Fmedia&parent=14121"}],"wp:term":[{"taxonomy":"category","embeddable":true,"href":"https:\/\/www.huelvaysusfotografos.com\/index.php?rest_route=%2Fwp%2Fv2%2Fcategories&post=14121"},{"taxonomy":"post_tag","embeddable":true,"href":"https:\/\/www.huelvaysusfotografos.com\/index.php?rest_route=%2Fwp%2Fv2%2Ftags&post=14121"}],"curies":[{"name":"wp","href":"https:\/\/api.w.org\/{rel}","templated":true}]}}