{"id":14108,"date":"2024-11-09T16:06:43","date_gmt":"2024-11-09T15:06:43","guid":{"rendered":"https:\/\/www.huelvaysusfotografos.com\/?p=14108"},"modified":"2024-11-09T16:06:45","modified_gmt":"2024-11-09T15:06:45","slug":"entregados-los-iv-premios-carrete-2024","status":"publish","type":"post","link":"https:\/\/www.huelvaysusfotografos.com\/?p=14108","title":{"rendered":"Entregados los IV premios Carrete 2024"},"content":{"rendered":"\n<p>La Asociaci\u00f3n Huelva y sus fot\u00f3grafos entregaba en la noche de ayer sus IV Premios Carrete.<\/p>\n\n\n\n<p><strong><em>La Uci Coronaria del Hospital Universitario Juan Ram\u00f3n Jim\u00e9nez, La Canastita, La Fundaci\u00f3n Cepaim, La Fundaci\u00f3n Tres Culturas del Mediterr\u00e1neo, Canal Sur y Emilio Gonz\u00e1lez Ferrin, fueron los galardonados de esta IV edici\u00f3n.<\/em><\/strong><\/p>\n\n\n\n<figure class=\"wp-block-image size-large\"><a href=\"https:\/\/www.huelvaysusfotografos.com\/wp-content\/uploads\/2024\/11\/1.jpg\"><img loading=\"lazy\" decoding=\"async\" width=\"1024\" height=\"559\" src=\"https:\/\/www.huelvaysusfotografos.com\/wp-content\/uploads\/2024\/11\/1-1024x559.jpg\" alt=\"\" class=\"wp-image-14110\" srcset=\"https:\/\/www.huelvaysusfotografos.com\/wp-content\/uploads\/2024\/11\/1-1024x559.jpg 1024w, https:\/\/www.huelvaysusfotografos.com\/wp-content\/uploads\/2024\/11\/1-300x164.jpg 300w, https:\/\/www.huelvaysusfotografos.com\/wp-content\/uploads\/2024\/11\/1-768x420.jpg 768w, https:\/\/www.huelvaysusfotografos.com\/wp-content\/uploads\/2024\/11\/1-1536x839.jpg 1536w, https:\/\/www.huelvaysusfotografos.com\/wp-content\/uploads\/2024\/11\/1.jpg 1600w\" sizes=\"auto, (max-width: 1024px) 100vw, 1024px\" \/><\/a><\/figure>\n\n\n\n<p>Tambi\u00e9n se entreg\u00f3 una menci\u00f3n especial <strong>a&nbsp; la ONGD BOMBEROS UNIDOS SIN FRONTERAS<\/strong><\/p>\n\n\n\n<p>Entreg\u00f3 la menci\u00f3n.-<strong> &nbsp;&nbsp;&nbsp;Sra Asmae Shyen C\u00f3nsul Adjunta del Reino de Marruecos.<\/strong><\/p>\n\n\n\n<p>Del mismo modo tambi\u00e9n se reconoci\u00f3 a la <strong>Fot\u00f3grafa del a\u00f1o<\/strong>, que reca\u00eda en nuestra compa\u00f1era <strong>Carmen Pascual Barea<\/strong>, al tiempo que tambi\u00e9n se entregaban los premios de <strong>Semana&nbsp; Santa 2024<\/strong>, con las fotos premiadas de <strong>Pedro Ruiz-Constantino, David Guerra y Paco Gil.<\/strong><\/p>\n\n\n\n<figure class=\"wp-block-image size-large\"><a href=\"https:\/\/www.huelvaysusfotografos.com\/wp-content\/uploads\/2024\/11\/2.jpg\"><img loading=\"lazy\" decoding=\"async\" width=\"1024\" height=\"689\" src=\"https:\/\/www.huelvaysusfotografos.com\/wp-content\/uploads\/2024\/11\/2-1024x689.jpg\" alt=\"\" class=\"wp-image-14111\" srcset=\"https:\/\/www.huelvaysusfotografos.com\/wp-content\/uploads\/2024\/11\/2-1024x689.jpg 1024w, https:\/\/www.huelvaysusfotografos.com\/wp-content\/uploads\/2024\/11\/2-300x202.jpg 300w, https:\/\/www.huelvaysusfotografos.com\/wp-content\/uploads\/2024\/11\/2-768x517.jpg 768w, https:\/\/www.huelvaysusfotografos.com\/wp-content\/uploads\/2024\/11\/2-1536x1034.jpg 1536w, https:\/\/www.huelvaysusfotografos.com\/wp-content\/uploads\/2024\/11\/2.jpg 1600w\" sizes=\"auto, (max-width: 1024px) 100vw, 1024px\" \/><\/a><\/figure>\n\n\n\n<p>Una gala que estuvo magistralmente presentada por<strong> Manuel Soto, <\/strong>coordinador del centro de Comunicaci\u00f3n Jes\u00fas Hermida.<\/p>\n\n\n\n<p>La nota musical corri\u00f3 a cargo de <strong>Sandra Bernal y Narciso Perera<\/strong>. Tocar\u00e1n las Piezas Rom\u00e1nticas de Cecile Chaminade, en piano a cuatro manos.<\/p>\n\n\n\n<figure class=\"wp-block-image size-large\"><a href=\"https:\/\/www.huelvaysusfotografos.com\/wp-content\/uploads\/2024\/11\/3.jpg\"><img loading=\"lazy\" decoding=\"async\" width=\"1024\" height=\"557\" src=\"https:\/\/www.huelvaysusfotografos.com\/wp-content\/uploads\/2024\/11\/3-1024x557.jpg\" alt=\"\" class=\"wp-image-14112\" srcset=\"https:\/\/www.huelvaysusfotografos.com\/wp-content\/uploads\/2024\/11\/3-1024x557.jpg 1024w, https:\/\/www.huelvaysusfotografos.com\/wp-content\/uploads\/2024\/11\/3-300x163.jpg 300w, https:\/\/www.huelvaysusfotografos.com\/wp-content\/uploads\/2024\/11\/3-768x418.jpg 768w, https:\/\/www.huelvaysusfotografos.com\/wp-content\/uploads\/2024\/11\/3-1536x835.jpg 1536w, https:\/\/www.huelvaysusfotografos.com\/wp-content\/uploads\/2024\/11\/3.jpg 1600w\" sizes=\"auto, (max-width: 1024px) 100vw, 1024px\" \/><\/a><\/figure>\n\n\n\n<p>Gracias a todos los que hicieron posible esta gala y a los colaboradores que ayudaron para que se llevara a cabo, como han sido Ayuntamiento de Huelva, Diputaci\u00f3n de Huelva, Puerto de Huelva, Fundaci\u00f3n Caja Rural del Sur, La Canastita, Ferronol l\u00edder en servicios, Cl\u00ednica Gil Pi\u00f1a, Aguas de Huelva, Diviam Inmobiliaria, Los Maestres, Elena S\u00e1nchez Balonga, Federaci\u00f3n Andaluza de Fotograf\u00eda, Videomax y Bodegas Iglesias.<\/p>\n\n\n\n<p><strong><u>Estos fueron los premios entregados<\/u><\/strong>.<\/p>\n\n\n\n<p><strong>Carrete de Hermanamiento.- <\/strong>Se har\u00e1 entrega a distintas Asociaciones de nuestra provincia y de otras a nivel nacional, con el objeto de acercar sinergias entre las distintas asociaciones. Este a\u00f1o el premio recaer\u00e1en<strong> Fundaci\u00f3n Tres Culturas del Mediterr\u00e1neo.<\/strong><\/p>\n\n\n\n<p>Recoge el premio.- <strong>Najib Bouanan Hadi<\/strong><\/p>\n\n\n\n<p>Director de \u00c1rea de Log\u00edstica y Servicios generales.<\/p>\n\n\n\n<p>Entrega el Premio.- <strong>D\u00f1a.<\/strong> <strong>Teresa Herrera Vidarte<\/strong>, Delegada de Turismo, Cultura y Deporte de la Junta de Andaluc\u00eda.<\/p>\n\n\n\n<figure class=\"wp-block-image size-large\"><a href=\"https:\/\/www.huelvaysusfotografos.com\/wp-content\/uploads\/2024\/11\/5.jpg\"><img loading=\"lazy\" decoding=\"async\" width=\"1024\" height=\"753\" src=\"https:\/\/www.huelvaysusfotografos.com\/wp-content\/uploads\/2024\/11\/5-1024x753.jpg\" alt=\"\" class=\"wp-image-14113\" srcset=\"https:\/\/www.huelvaysusfotografos.com\/wp-content\/uploads\/2024\/11\/5-1024x753.jpg 1024w, https:\/\/www.huelvaysusfotografos.com\/wp-content\/uploads\/2024\/11\/5-300x221.jpg 300w, https:\/\/www.huelvaysusfotografos.com\/wp-content\/uploads\/2024\/11\/5-768x564.jpg 768w, https:\/\/www.huelvaysusfotografos.com\/wp-content\/uploads\/2024\/11\/5-1536x1129.jpg 1536w, https:\/\/www.huelvaysusfotografos.com\/wp-content\/uploads\/2024\/11\/5.jpg 1600w\" sizes=\"auto, (max-width: 1024px) 100vw, 1024px\" \/><\/a><\/figure>\n\n\n\n<p><strong>Carrete Literario.- <\/strong>Por su trayectoria incansable al escritor, islam\u00f3logo espa\u00f1ol, profesor de pensamiento \u00e1rabe e isl\u00e1mico en la Universidad de Sevilla<strong> Emilio Gonz\u00e1lez Ferrin.<\/strong><\/p>\n\n\n\n<p>Recoge el premio<strong> Emilio Gonz\u00e1lez Ferrin<\/strong><\/p>\n\n\n\n<p>Entrega el Premio.-<strong> D. David Toscano Contreras<\/strong>, Presidente Diputaci\u00f3n de Huelva.<\/p>\n\n\n\n<figure class=\"wp-block-image size-large\"><a href=\"https:\/\/www.huelvaysusfotografos.com\/wp-content\/uploads\/2024\/11\/7.jpg\"><img loading=\"lazy\" decoding=\"async\" width=\"1024\" height=\"682\" src=\"https:\/\/www.huelvaysusfotografos.com\/wp-content\/uploads\/2024\/11\/7-1024x682.jpg\" alt=\"\" class=\"wp-image-14114\" srcset=\"https:\/\/www.huelvaysusfotografos.com\/wp-content\/uploads\/2024\/11\/7-1024x682.jpg 1024w, https:\/\/www.huelvaysusfotografos.com\/wp-content\/uploads\/2024\/11\/7-300x200.jpg 300w, https:\/\/www.huelvaysusfotografos.com\/wp-content\/uploads\/2024\/11\/7-768x512.jpg 768w, https:\/\/www.huelvaysusfotografos.com\/wp-content\/uploads\/2024\/11\/7-1536x1023.jpg 1536w, https:\/\/www.huelvaysusfotografos.com\/wp-content\/uploads\/2024\/11\/7.jpg 1600w\" sizes=\"auto, (max-width: 1024px) 100vw, 1024px\" \/><\/a><\/figure>\n\n\n\n<p><strong>Carrete Comunicaci\u00f3n.- <\/strong>Al informativo<strong> de Canal Sur en Huelva <\/strong>por su dilatada trayectoria al servicio de los onubenses.<\/p>\n\n\n\n<p>Recoge el premio su director<strong> Norberto Javier.<\/strong><\/p>\n\n\n\n<p>Entrega el Premio<strong>.- D\u00f1a. Gracia Mar\u00eda Baquero Delc\u00e1n, <\/strong>Diputada Provincial responsable del \u00c1rea de Cultura de la Diputaci\u00f3n de Huelva.<\/p>\n\n\n\n<figure class=\"wp-block-image size-large\"><a href=\"https:\/\/www.huelvaysusfotografos.com\/wp-content\/uploads\/2024\/11\/9.jpg\"><img loading=\"lazy\" decoding=\"async\" width=\"1024\" height=\"676\" src=\"https:\/\/www.huelvaysusfotografos.com\/wp-content\/uploads\/2024\/11\/9-1024x676.jpg\" alt=\"\" class=\"wp-image-14115\" srcset=\"https:\/\/www.huelvaysusfotografos.com\/wp-content\/uploads\/2024\/11\/9-1024x676.jpg 1024w, https:\/\/www.huelvaysusfotografos.com\/wp-content\/uploads\/2024\/11\/9-300x198.jpg 300w, https:\/\/www.huelvaysusfotografos.com\/wp-content\/uploads\/2024\/11\/9-768x507.jpg 768w, https:\/\/www.huelvaysusfotografos.com\/wp-content\/uploads\/2024\/11\/9-1536x1014.jpg 1536w, https:\/\/www.huelvaysusfotografos.com\/wp-content\/uploads\/2024\/11\/9.jpg 1600w\" sizes=\"auto, (max-width: 1024px) 100vw, 1024px\" \/><\/a><\/figure>\n\n\n\n<p><strong>Carrete Solidario<\/strong>.-&nbsp; A la <strong>Fundaci\u00f3n Cepaim <\/strong>por su incansable labor humanitaria durante d\u00e9cadas en favor de los m\u00e1s necesitados y en las m\u00faltiples cat\u00e1strofes que nos rodean.<\/p>\n\n\n\n<p>Recoge el premio.-<strong> Javier P\u00e9rez Cepero, <\/strong>Subdirector de Desarrollo Territorial y \u00c1reas de Intervenci\u00f3n de Convive- Fundaci\u00f3n Cepaim<\/p>\n\n\n\n<p>Entrega el premio.- <strong>Alberto Santana Mart\u00ednez<\/strong>, Presidente de la Autoridad Portuaria.<\/p>\n\n\n\n<figure class=\"wp-block-image size-large\"><a href=\"https:\/\/www.huelvaysusfotografos.com\/wp-content\/uploads\/2024\/11\/10.jpg\"><img loading=\"lazy\" decoding=\"async\" width=\"1024\" height=\"672\" src=\"https:\/\/www.huelvaysusfotografos.com\/wp-content\/uploads\/2024\/11\/10-1024x672.jpg\" alt=\"\" class=\"wp-image-14116\" srcset=\"https:\/\/www.huelvaysusfotografos.com\/wp-content\/uploads\/2024\/11\/10-1024x672.jpg 1024w, https:\/\/www.huelvaysusfotografos.com\/wp-content\/uploads\/2024\/11\/10-300x197.jpg 300w, https:\/\/www.huelvaysusfotografos.com\/wp-content\/uploads\/2024\/11\/10-768x504.jpg 768w, https:\/\/www.huelvaysusfotografos.com\/wp-content\/uploads\/2024\/11\/10-1536x1008.jpg 1536w, https:\/\/www.huelvaysusfotografos.com\/wp-content\/uploads\/2024\/11\/10.jpg 1600w\" sizes=\"auto, (max-width: 1024px) 100vw, 1024px\" \/><\/a><\/figure>\n\n\n\n<p><strong>Carrete Dinamizador<\/strong>.- A la empresa netamente onubense <strong>Agr\u00edcola El Bosque<\/strong>, que con su marca comercial La Canastita, con una trayectoria de 125 a\u00f1os de historia,&nbsp; impulsa el sector de los frutos rojos, consolid\u00e1ndose como el mayor productor de moras de la provincia. Diego Velo es fundador de la empresa y gran referente de la marca.<\/p>\n\n\n\n<p>Recoge el premio, su presidente <strong>Diego Velo y Daniel Velo.<\/strong><\/p>\n\n\n\n<p>Entrega el premio.- <strong>D\u00f1a. Adela de Mora Mu\u00f1oz,<\/strong> Tercera teniente alcaldesa de Empleo, Vivienda, Desarrollo Econ\u00f3mico y Fondos Europeos.<\/p>\n\n\n\n<figure class=\"wp-block-image size-large\"><a href=\"https:\/\/www.huelvaysusfotografos.com\/wp-content\/uploads\/2024\/11\/11.jpg\"><img loading=\"lazy\" decoding=\"async\" width=\"1024\" height=\"619\" src=\"https:\/\/www.huelvaysusfotografos.com\/wp-content\/uploads\/2024\/11\/11-1024x619.jpg\" alt=\"\" class=\"wp-image-14117\" srcset=\"https:\/\/www.huelvaysusfotografos.com\/wp-content\/uploads\/2024\/11\/11-1024x619.jpg 1024w, https:\/\/www.huelvaysusfotografos.com\/wp-content\/uploads\/2024\/11\/11-300x181.jpg 300w, https:\/\/www.huelvaysusfotografos.com\/wp-content\/uploads\/2024\/11\/11-768x464.jpg 768w, https:\/\/www.huelvaysusfotografos.com\/wp-content\/uploads\/2024\/11\/11-1536x928.jpg 1536w, https:\/\/www.huelvaysusfotografos.com\/wp-content\/uploads\/2024\/11\/11.jpg 1600w\" sizes=\"auto, (max-width: 1024px) 100vw, 1024px\" \/><\/a><\/figure>\n\n\n\n<p><strong>Carrete Sanitario<\/strong>.-&nbsp; A la <strong>UCI Coronaria <\/strong>delHospital Universitario Juan Ram\u00f3n Jim\u00e9nez de Huelva.<\/p>\n\n\n\n<p>Recoge el premio, <strong>To\u00f1i Tristancho y Manuel Castillo<\/strong>, jefes de la Uci coronaria del Hospital Universitario Juan Ram\u00f3n Jim\u00e9nez de Huelva<\/p>\n\n\n\n<p>Entrega el premio.- <strong>Manuela Caro L\u00f3pez<\/strong>, Delegada de Sanidad de la Junta de Andaluc\u00eda.<\/p>\n\n\n\n<figure class=\"wp-block-image size-large\"><a href=\"https:\/\/www.huelvaysusfotografos.com\/wp-content\/uploads\/2024\/11\/13.jpg\"><img loading=\"lazy\" decoding=\"async\" width=\"1024\" height=\"682\" src=\"https:\/\/www.huelvaysusfotografos.com\/wp-content\/uploads\/2024\/11\/13-1024x682.jpg\" alt=\"\" class=\"wp-image-14118\" srcset=\"https:\/\/www.huelvaysusfotografos.com\/wp-content\/uploads\/2024\/11\/13-1024x682.jpg 1024w, https:\/\/www.huelvaysusfotografos.com\/wp-content\/uploads\/2024\/11\/13-300x200.jpg 300w, https:\/\/www.huelvaysusfotografos.com\/wp-content\/uploads\/2024\/11\/13-768x512.jpg 768w, https:\/\/www.huelvaysusfotografos.com\/wp-content\/uploads\/2024\/11\/13-1536x1023.jpg 1536w, https:\/\/www.huelvaysusfotografos.com\/wp-content\/uploads\/2024\/11\/13.jpg 1600w\" sizes=\"auto, (max-width: 1024px) 100vw, 1024px\" \/><\/a><\/figure>\n\n\n\n<p>Una gala que cerraban con palabras de agradecimiento de las empresas, entidades y personas premiadas y que fueron refrendadas por las autoridades que nos acompa\u00f1aron en el acto, que cerramos con un coctel para charlar de lo vivido en la tarde-noche de nuestro d\u00e9cimo tercer aniversario. Ya tenemos la mirada puesta en nuestra V Gala de los premios carrete.<\/p>\n","protected":false},"excerpt":{"rendered":"<p>La Asociaci\u00f3n Huelva y sus fot\u00f3grafos entregaba en la noche de ayer sus IV Premios Carrete. La Uci Coronaria del Hospital Universitario Juan Ram\u00f3n Jim\u00e9nez, La Canastita, La Fundaci\u00f3n Cepaim, La Fundaci\u00f3n Tres Culturas del Mediterr\u00e1neo, Canal Sur y Emilio Gonz\u00e1lez Ferrin, fueron los galardonados de esta IV edici\u00f3n. Tambi\u00e9n se entreg\u00f3 una menci\u00f3n especial a&nbsp; la ONGD BOMBEROS UNIDOS SIN FRONTERAS Entreg\u00f3 la menci\u00f3n.- &nbsp;&nbsp;&nbsp;Sra Asmae Shyen C\u00f3nsul Adjunta<\/p>\n<div class=\"belowpost\"><a class=\"btnmore\" href=\"https:\/\/www.huelvaysusfotografos.com\/?p=14108\">Seguir leyendo<\/a><\/div>\n","protected":false},"author":8279,"featured_media":14109,"comment_status":"open","ping_status":"open","sticky":false,"template":"","format":"standard","meta":{"footnotes":"","_links_to":"","_links_to_target":""},"categories":[230],"tags":[],"class_list":["post-14108","post","type-post","status-publish","format-standard","has-post-thumbnail","hentry","category-gala-iv-premios-carrete"],"_links":{"self":[{"href":"https:\/\/www.huelvaysusfotografos.com\/index.php?rest_route=\/wp\/v2\/posts\/14108","targetHints":{"allow":["GET"]}}],"collection":[{"href":"https:\/\/www.huelvaysusfotografos.com\/index.php?rest_route=\/wp\/v2\/posts"}],"about":[{"href":"https:\/\/www.huelvaysusfotografos.com\/index.php?rest_route=\/wp\/v2\/types\/post"}],"author":[{"embeddable":true,"href":"https:\/\/www.huelvaysusfotografos.com\/index.php?rest_route=\/wp\/v2\/users\/8279"}],"replies":[{"embeddable":true,"href":"https:\/\/www.huelvaysusfotografos.com\/index.php?rest_route=%2Fwp%2Fv2%2Fcomments&post=14108"}],"version-history":[{"count":1,"href":"https:\/\/www.huelvaysusfotografos.com\/index.php?rest_route=\/wp\/v2\/posts\/14108\/revisions"}],"predecessor-version":[{"id":14119,"href":"https:\/\/www.huelvaysusfotografos.com\/index.php?rest_route=\/wp\/v2\/posts\/14108\/revisions\/14119"}],"wp:featuredmedia":[{"embeddable":true,"href":"https:\/\/www.huelvaysusfotografos.com\/index.php?rest_route=\/wp\/v2\/media\/14109"}],"wp:attachment":[{"href":"https:\/\/www.huelvaysusfotografos.com\/index.php?rest_route=%2Fwp%2Fv2%2Fmedia&parent=14108"}],"wp:term":[{"taxonomy":"category","embeddable":true,"href":"https:\/\/www.huelvaysusfotografos.com\/index.php?rest_route=%2Fwp%2Fv2%2Fcategories&post=14108"},{"taxonomy":"post_tag","embeddable":true,"href":"https:\/\/www.huelvaysusfotografos.com\/index.php?rest_route=%2Fwp%2Fv2%2Ftags&post=14108"}],"curies":[{"name":"wp","href":"https:\/\/api.w.org\/{rel}","templated":true}]}}