{"id":14081,"date":"2024-09-22T19:31:53","date_gmt":"2024-09-22T17:31:53","guid":{"rendered":"https:\/\/www.huelvaysusfotografos.com\/?p=14081"},"modified":"2024-09-22T21:31:35","modified_gmt":"2024-09-22T19:31:35","slug":"greguerias-sigue-su-ruta-nos-vamos-a-almonte","status":"publish","type":"post","link":"https:\/\/www.huelvaysusfotografos.com\/?p=14081","title":{"rendered":"Greguer\u00edas sigue su ruta, nos vamos a Almonte"},"content":{"rendered":"\n<p>Nuestra exposici\u00f3n colectiva de Greguer\u00edas que inauguramos el pasado mes de Enero en la Casa Col\u00f3n de Huelva, sigue recorriendo la provincia.<\/p>\n\n\n\n<p>Ya han podido ver nuestra exposici\u00f3n las localidades de San Bartolom\u00e9 de la Torre, Gibrale\u00f3n, Aljaraque, Ayamonte, Punta Umbr\u00eda, Almonaster la Real y Cartaya.<\/p>\n\n\n\n<p>La localidad del condado de\u00a0<strong>Almonte<\/strong>, albergar\u00e1 la pr\u00f3xima parada de esta exposici\u00f3n, que tantas alegr\u00edas nos est\u00e1 dando en su recorrido por la provincia.<\/p>\n\n\n\n<p>Ser\u00e1 el <strong>Teatro Municipal \u00abSalvador T\u00e1vora<\/strong>\u00bb Casa de la Cultura,\u00a0de la localidad de Almonte, el espacio elegido por el consistorio\u00a0para mostrar nuestras obras.<\/p>\n\n\n\n<p>La inauguraci\u00f3n tendr\u00e1 lugar el pr\u00f3ximo <strong>viernes 4 de octubre a las 19.00 horas.<\/strong><\/p>\n\n\n\n<p>El cartel como los anteriores es obra de nuestra compa\u00f1era Carmen Torres Chaguaceda, con im\u00e1genes de alguno de nuestros compa\u00f1eros, elegidas por sorteo. En esta ocasi\u00f3n, la obra de Sonia Herencia Anillo.<\/p>\n\n\n\n<p>La exposici\u00f3n se podr\u00e1<strong>\u00a0visitar\u00a0<\/strong>en horario de ma\u00f1ana de\u00a0<strong>\ud835\udff5:\ud835\udfec\ud835\udfec \ud835\uddf5 \ud835\uddee \ud835\udfed\ud835\udff0:\ud835\udfec\ud835\udfec \ud835\uddf5 y <\/strong>por la tarde de <strong>\ud835\udfed\ud835\udff2:\ud835\udfec\ud835\udfec \ud835\uddf5 \ud835\uddee \ud835\udfee\ud835\udfed:\ud835\udfec\ud835\udfec \ud835\uddf5.\u00a0<\/strong>de\u00a0<strong>Lunes a Viernes<\/strong>\u2013 hasta el pr\u00f3ximo 31 de octubre.<\/p>\n\n\n<div class=\"wp-block-image\">\n<figure class=\"aligncenter size-large\"><a href=\"https:\/\/www.huelvaysusfotografos.com\/wp-content\/uploads\/2024\/09\/CARTEL-ALMONTE-GREGUERIAS.jpeg\"><img loading=\"lazy\" decoding=\"async\" width=\"593\" height=\"1024\" src=\"https:\/\/www.huelvaysusfotografos.com\/wp-content\/uploads\/2024\/09\/CARTEL-ALMONTE-GREGUERIAS-593x1024.jpeg\" alt=\"\" class=\"wp-image-14082\" srcset=\"https:\/\/www.huelvaysusfotografos.com\/wp-content\/uploads\/2024\/09\/CARTEL-ALMONTE-GREGUERIAS-593x1024.jpeg 593w, https:\/\/www.huelvaysusfotografos.com\/wp-content\/uploads\/2024\/09\/CARTEL-ALMONTE-GREGUERIAS-174x300.jpeg 174w, https:\/\/www.huelvaysusfotografos.com\/wp-content\/uploads\/2024\/09\/CARTEL-ALMONTE-GREGUERIAS-768x1327.jpeg 768w, https:\/\/www.huelvaysusfotografos.com\/wp-content\/uploads\/2024\/09\/CARTEL-ALMONTE-GREGUERIAS-889x1536.jpeg 889w, https:\/\/www.huelvaysusfotografos.com\/wp-content\/uploads\/2024\/09\/CARTEL-ALMONTE-GREGUERIAS.jpeg 926w\" sizes=\"auto, (max-width: 593px) 100vw, 593px\" \/><\/a><\/figure>\n<\/div>","protected":false},"excerpt":{"rendered":"<p>Nuestra exposici\u00f3n colectiva de Greguer\u00edas que inauguramos el pasado mes de Enero en la Casa Col\u00f3n de Huelva, sigue recorriendo la provincia. Ya han podido ver nuestra exposici\u00f3n las localidades de San Bartolom\u00e9 de la Torre, Gibrale\u00f3n, Aljaraque, Ayamonte, Punta Umbr\u00eda, Almonaster la Real y Cartaya. La localidad del condado de\u00a0Almonte, albergar\u00e1 la pr\u00f3xima parada de esta exposici\u00f3n, que tantas alegr\u00edas nos est\u00e1 dando en su recorrido por la provincia.<\/p>\n<div class=\"belowpost\"><a class=\"btnmore\" href=\"https:\/\/www.huelvaysusfotografos.com\/?p=14081\">Seguir leyendo<\/a><\/div>\n","protected":false},"author":8279,"featured_media":14083,"comment_status":"open","ping_status":"open","sticky":false,"template":"","format":"standard","meta":{"footnotes":"","_links_to":"","_links_to_target":""},"categories":[23,3],"tags":[],"class_list":["post-14081","post","type-post","status-publish","format-standard","has-post-thumbnail","hentry","category-exposiciones","category-noticias"],"_links":{"self":[{"href":"https:\/\/www.huelvaysusfotografos.com\/index.php?rest_route=\/wp\/v2\/posts\/14081","targetHints":{"allow":["GET"]}}],"collection":[{"href":"https:\/\/www.huelvaysusfotografos.com\/index.php?rest_route=\/wp\/v2\/posts"}],"about":[{"href":"https:\/\/www.huelvaysusfotografos.com\/index.php?rest_route=\/wp\/v2\/types\/post"}],"author":[{"embeddable":true,"href":"https:\/\/www.huelvaysusfotografos.com\/index.php?rest_route=\/wp\/v2\/users\/8279"}],"replies":[{"embeddable":true,"href":"https:\/\/www.huelvaysusfotografos.com\/index.php?rest_route=%2Fwp%2Fv2%2Fcomments&post=14081"}],"version-history":[{"count":2,"href":"https:\/\/www.huelvaysusfotografos.com\/index.php?rest_route=\/wp\/v2\/posts\/14081\/revisions"}],"predecessor-version":[{"id":14085,"href":"https:\/\/www.huelvaysusfotografos.com\/index.php?rest_route=\/wp\/v2\/posts\/14081\/revisions\/14085"}],"wp:featuredmedia":[{"embeddable":true,"href":"https:\/\/www.huelvaysusfotografos.com\/index.php?rest_route=\/wp\/v2\/media\/14083"}],"wp:attachment":[{"href":"https:\/\/www.huelvaysusfotografos.com\/index.php?rest_route=%2Fwp%2Fv2%2Fmedia&parent=14081"}],"wp:term":[{"taxonomy":"category","embeddable":true,"href":"https:\/\/www.huelvaysusfotografos.com\/index.php?rest_route=%2Fwp%2Fv2%2Fcategories&post=14081"},{"taxonomy":"post_tag","embeddable":true,"href":"https:\/\/www.huelvaysusfotografos.com\/index.php?rest_route=%2Fwp%2Fv2%2Ftags&post=14081"}],"curies":[{"name":"wp","href":"https:\/\/api.w.org\/{rel}","templated":true}]}}