{"id":14078,"date":"2024-09-21T10:45:17","date_gmt":"2024-09-21T08:45:17","guid":{"rendered":"https:\/\/www.huelvaysusfotografos.com\/?p=14078"},"modified":"2024-09-21T10:45:19","modified_gmt":"2024-09-21T08:45:19","slug":"magnifica-sesion-de-modelaje-en-la-rabida","status":"publish","type":"post","link":"https:\/\/www.huelvaysusfotografos.com\/?p=14078","title":{"rendered":"Magnifica sesi\u00f3n de modelaje en La R\u00e1bida"},"content":{"rendered":"\n<p>Bajo la direcci\u00f3n de nuestro compa\u00f1ero\u00a0<strong>Juan Carlos Segura Novoa<\/strong>, se llev\u00f3 a cabo un taller de modelaje al atardecer en los jardines de la Unia en La R\u00e1bida (Huelva)<\/p>\n\n\n\n<p>Se trataba de una actividad pr\u00e1ctica para aprender como dirigir a una modelo y como incide la luz en la fotograf\u00eda de retrato.<\/p>\n\n\n\n<p>Un nutrido grupo de socios venidos de toda la provincia y la lim\u00edtrofe Sevilla, se dieron cita, con puntualidad brit\u00e1nica en el Monolito de la R\u00e1bida para iniciar el curso de modelaje en unos jardines con mucho encanto. <\/p>\n\n\n\n<p>Agradecer a los socios participantes y Juan Carlos Segura por hacerlo posible y como no, a las modelos que participaron de esta sesi\u00f3n, que a buen seguro se llevaron un grato recuerdo y se llevar\u00e1n unas magnificas fotos. <\/p>\n\n\n\n<p>Nos vemos en la pr\u00f3xima quedada. <\/p>\n","protected":false},"excerpt":{"rendered":"<p>Bajo la direcci\u00f3n de nuestro compa\u00f1ero\u00a0Juan Carlos Segura Novoa, se llev\u00f3 a cabo un taller de modelaje al atardecer en los jardines de la Unia en La R\u00e1bida (Huelva) Se trataba de una actividad pr\u00e1ctica para aprender como dirigir a una modelo y como incide la luz en la fotograf\u00eda de retrato. Un nutrido grupo de socios venidos de toda la provincia y la lim\u00edtrofe Sevilla, se dieron cita, con<\/p>\n<div class=\"belowpost\"><a class=\"btnmore\" href=\"https:\/\/www.huelvaysusfotografos.com\/?p=14078\">Seguir leyendo<\/a><\/div>\n","protected":false},"author":8279,"featured_media":14079,"comment_status":"open","ping_status":"open","sticky":false,"template":"","format":"standard","meta":{"footnotes":"","_links_to":"","_links_to_target":""},"categories":[3],"tags":[],"class_list":["post-14078","post","type-post","status-publish","format-standard","has-post-thumbnail","hentry","category-noticias"],"_links":{"self":[{"href":"https:\/\/www.huelvaysusfotografos.com\/index.php?rest_route=\/wp\/v2\/posts\/14078","targetHints":{"allow":["GET"]}}],"collection":[{"href":"https:\/\/www.huelvaysusfotografos.com\/index.php?rest_route=\/wp\/v2\/posts"}],"about":[{"href":"https:\/\/www.huelvaysusfotografos.com\/index.php?rest_route=\/wp\/v2\/types\/post"}],"author":[{"embeddable":true,"href":"https:\/\/www.huelvaysusfotografos.com\/index.php?rest_route=\/wp\/v2\/users\/8279"}],"replies":[{"embeddable":true,"href":"https:\/\/www.huelvaysusfotografos.com\/index.php?rest_route=%2Fwp%2Fv2%2Fcomments&post=14078"}],"version-history":[{"count":1,"href":"https:\/\/www.huelvaysusfotografos.com\/index.php?rest_route=\/wp\/v2\/posts\/14078\/revisions"}],"predecessor-version":[{"id":14080,"href":"https:\/\/www.huelvaysusfotografos.com\/index.php?rest_route=\/wp\/v2\/posts\/14078\/revisions\/14080"}],"wp:featuredmedia":[{"embeddable":true,"href":"https:\/\/www.huelvaysusfotografos.com\/index.php?rest_route=\/wp\/v2\/media\/14079"}],"wp:attachment":[{"href":"https:\/\/www.huelvaysusfotografos.com\/index.php?rest_route=%2Fwp%2Fv2%2Fmedia&parent=14078"}],"wp:term":[{"taxonomy":"category","embeddable":true,"href":"https:\/\/www.huelvaysusfotografos.com\/index.php?rest_route=%2Fwp%2Fv2%2Fcategories&post=14078"},{"taxonomy":"post_tag","embeddable":true,"href":"https:\/\/www.huelvaysusfotografos.com\/index.php?rest_route=%2Fwp%2Fv2%2Ftags&post=14078"}],"curies":[{"name":"wp","href":"https:\/\/api.w.org\/{rel}","templated":true}]}}