{"id":14073,"date":"2024-09-13T20:16:30","date_gmt":"2024-09-13T18:16:30","guid":{"rendered":"https:\/\/www.huelvaysusfotografos.com\/?p=14073"},"modified":"2024-09-13T20:16:33","modified_gmt":"2024-09-13T18:16:33","slug":"taller-de-modelaje-al-atardecer","status":"publish","type":"post","link":"https:\/\/www.huelvaysusfotografos.com\/?p=14073","title":{"rendered":"Taller de modelaje al atardecer"},"content":{"rendered":"\n<p>Os presentamos nuestra pr\u00f3xima actividad, que se llevar\u00e1 a cabo el pr\u00f3ximo <strong>viernes 20 de septiembre<\/strong>.<\/p>\n\n\n\n<p>Bajo la direcci\u00f3n de nuestro compa\u00f1ero <strong>Juan Carlos Segura Novoa<\/strong>, vamos a desarrollar un taller de modelaje al atardecer en los jardines de la Unia en La R\u00e1bida (Huelva)<\/p>\n\n\n\n<p>Se trata de una actividad pr\u00e1ctica para aprender como dirigir a una modelo y como incide la luz en la fotograf\u00eda de retrato.<\/p>\n\n\n\n<p>Al tratarse de una actividad en clase pr\u00e1ctica, debemos conocer quien estar\u00eda interesado en participar para organizar la actividad. Si tenemos un n\u00famero elevado de socios interesados en el taller, se har\u00eda en varios d\u00edas, dividiendo los socios por orden de inscripci\u00f3n. <\/p>\n\n\n\n<p>Para<strong> inscribirse deb\u00e9is mandar un correo<\/strong> con vuestros datos, indicando en el encabezado, Interesado en Taller modelaje la R\u00e1bida y en el cuerpo del mensaje vuestros datos.<\/p>\n\n\n\n<p>Se recomienda para esta actividad un objetico 24-70 o similar, aunque pod\u00e9is llevar el que mejor os venga a vuestra forma de realizar este tipo de fotograf\u00eda. Luz de relleno por si fuera necesario. <\/p>\n\n\n\n<p>Al finalizar la sesi\u00f3n el que lo desee puede llevar bebida y bocadillo para echar un rato de charla.<\/p>\n\n\n\n<p><strong>Datos de Inter\u00e9s<\/strong><\/p>\n\n\n\n<p><strong>Taller.<\/strong>&#8211; Modelaje al Atardecer en la UNIA de la R\u00e1bida (Huelva)<\/p>\n\n\n\n<p><strong>D\u00eda.<\/strong>&#8211; Viernes 20 de septiembre de 2024<\/p>\n\n\n\n<p><strong>Hora.<\/strong>&#8211; A las 18.30 horas-<\/p>\n\n\n\n<p><strong>Lugar de encuentro<\/strong>.- Explanada del Monolito de La R\u00e1bida.<\/p>\n\n\n\n<figure class=\"wp-block-image size-large\"><a href=\"https:\/\/www.huelvaysusfotografos.com\/wp-content\/uploads\/2024\/09\/CARTEL-LA-RABIDA-MODELAGE-AL-ATARDECER-20-DEL-9-FAF.jpg\"><img loading=\"lazy\" decoding=\"async\" width=\"669\" height=\"1024\" src=\"https:\/\/www.huelvaysusfotografos.com\/wp-content\/uploads\/2024\/09\/CARTEL-LA-RABIDA-MODELAGE-AL-ATARDECER-20-DEL-9-FAF-669x1024.jpg\" alt=\"\" class=\"wp-image-14075\" srcset=\"https:\/\/www.huelvaysusfotografos.com\/wp-content\/uploads\/2024\/09\/CARTEL-LA-RABIDA-MODELAGE-AL-ATARDECER-20-DEL-9-FAF-669x1024.jpg 669w, https:\/\/www.huelvaysusfotografos.com\/wp-content\/uploads\/2024\/09\/CARTEL-LA-RABIDA-MODELAGE-AL-ATARDECER-20-DEL-9-FAF-196x300.jpg 196w, https:\/\/www.huelvaysusfotografos.com\/wp-content\/uploads\/2024\/09\/CARTEL-LA-RABIDA-MODELAGE-AL-ATARDECER-20-DEL-9-FAF-768x1175.jpg 768w, https:\/\/www.huelvaysusfotografos.com\/wp-content\/uploads\/2024\/09\/CARTEL-LA-RABIDA-MODELAGE-AL-ATARDECER-20-DEL-9-FAF-1004x1536.jpg 1004w, https:\/\/www.huelvaysusfotografos.com\/wp-content\/uploads\/2024\/09\/CARTEL-LA-RABIDA-MODELAGE-AL-ATARDECER-20-DEL-9-FAF.jpg 1244w\" sizes=\"auto, (max-width: 669px) 100vw, 669px\" \/><\/a><\/figure>\n","protected":false},"excerpt":{"rendered":"<p>Os presentamos nuestra pr\u00f3xima actividad, que se llevar\u00e1 a cabo el pr\u00f3ximo viernes 20 de septiembre. Bajo la direcci\u00f3n de nuestro compa\u00f1ero Juan Carlos Segura Novoa, vamos a desarrollar un taller de modelaje al atardecer en los jardines de la Unia en La R\u00e1bida (Huelva) Se trata de una actividad pr\u00e1ctica para aprender como dirigir a una modelo y como incide la luz en la fotograf\u00eda de retrato. Al tratarse<\/p>\n<div class=\"belowpost\"><a class=\"btnmore\" href=\"https:\/\/www.huelvaysusfotografos.com\/?p=14073\">Seguir leyendo<\/a><\/div>\n","protected":false},"author":8279,"featured_media":14074,"comment_status":"open","ping_status":"open","sticky":false,"template":"","format":"standard","meta":{"footnotes":"","_links_to":"","_links_to_target":""},"categories":[3],"tags":[],"class_list":["post-14073","post","type-post","status-publish","format-standard","has-post-thumbnail","hentry","category-noticias"],"_links":{"self":[{"href":"https:\/\/www.huelvaysusfotografos.com\/index.php?rest_route=\/wp\/v2\/posts\/14073","targetHints":{"allow":["GET"]}}],"collection":[{"href":"https:\/\/www.huelvaysusfotografos.com\/index.php?rest_route=\/wp\/v2\/posts"}],"about":[{"href":"https:\/\/www.huelvaysusfotografos.com\/index.php?rest_route=\/wp\/v2\/types\/post"}],"author":[{"embeddable":true,"href":"https:\/\/www.huelvaysusfotografos.com\/index.php?rest_route=\/wp\/v2\/users\/8279"}],"replies":[{"embeddable":true,"href":"https:\/\/www.huelvaysusfotografos.com\/index.php?rest_route=%2Fwp%2Fv2%2Fcomments&post=14073"}],"version-history":[{"count":1,"href":"https:\/\/www.huelvaysusfotografos.com\/index.php?rest_route=\/wp\/v2\/posts\/14073\/revisions"}],"predecessor-version":[{"id":14076,"href":"https:\/\/www.huelvaysusfotografos.com\/index.php?rest_route=\/wp\/v2\/posts\/14073\/revisions\/14076"}],"wp:featuredmedia":[{"embeddable":true,"href":"https:\/\/www.huelvaysusfotografos.com\/index.php?rest_route=\/wp\/v2\/media\/14074"}],"wp:attachment":[{"href":"https:\/\/www.huelvaysusfotografos.com\/index.php?rest_route=%2Fwp%2Fv2%2Fmedia&parent=14073"}],"wp:term":[{"taxonomy":"category","embeddable":true,"href":"https:\/\/www.huelvaysusfotografos.com\/index.php?rest_route=%2Fwp%2Fv2%2Fcategories&post=14073"},{"taxonomy":"post_tag","embeddable":true,"href":"https:\/\/www.huelvaysusfotografos.com\/index.php?rest_route=%2Fwp%2Fv2%2Ftags&post=14073"}],"curies":[{"name":"wp","href":"https:\/\/api.w.org\/{rel}","templated":true}]}}