{"id":14071,"date":"2024-09-11T10:52:00","date_gmt":"2024-09-11T08:52:00","guid":{"rendered":"https:\/\/www.huelvaysusfotografos.com\/?p=14071"},"modified":"2024-09-11T15:58:05","modified_gmt":"2024-09-11T13:58:05","slug":"los-iv-premios-carrete-son-noticia-en-canal-sur","status":"publish","type":"post","link":"https:\/\/www.huelvaysusfotografos.com\/?p=14071","title":{"rendered":"Los IV Premios Carrete, son noticia en Canal Sur"},"content":{"rendered":"\n<p>Los servicios informativos de Canal Sur en Huelva, han sido galardonados con el Premio Carrete de Comunicaci\u00f3n en su IV Edici\u00f3n. <\/p>\n\n\n\n<p>En el siguiente enlace pod\u00e9is ver la noticia que los propios medios de canal sur, han emitido en su informativo del 10 de septiembre en su desconexi\u00f3n local a las 21.00 horas y en el de hoy 11 de septiembre a las 14.15 horas. <\/p>\n\n\n\n<p><a href=\"https:\/\/www.canalsurmas.es\/videos\/167559-noticias-2-huelva-10092024\">https:\/\/www.canalsurmas.es\/videos\/167559-noticias-2-huelva-10092024<\/a><\/p>\n\n\n\n<p>Muchas gracias a Canal Sur por seguir siendo el punto de referencia en la informaci\u00f3n local de Huelva y la provincia. <\/p>\n\n\n\n<p><\/p>\n","protected":false},"excerpt":{"rendered":"<p>Los servicios informativos de Canal Sur en Huelva, han sido galardonados con el Premio Carrete de Comunicaci\u00f3n en su IV Edici\u00f3n. En el siguiente enlace pod\u00e9is ver la noticia que los propios medios de canal sur, han emitido en su informativo del 10 de septiembre en su desconexi\u00f3n local a las 21.00 horas y en el de hoy 11 de septiembre a las 14.15 horas. https:\/\/www.canalsurmas.es\/videos\/167559-noticias-2-huelva-10092024 Muchas gracias a Canal<\/p>\n<div class=\"belowpost\"><a class=\"btnmore\" href=\"https:\/\/www.huelvaysusfotografos.com\/?p=14071\">Seguir leyendo<\/a><\/div>\n","protected":false},"author":8279,"featured_media":14065,"comment_status":"open","ping_status":"open","sticky":false,"template":"","format":"standard","meta":{"footnotes":"","_links_to":"","_links_to_target":""},"categories":[230],"tags":[],"class_list":["post-14071","post","type-post","status-publish","format-standard","has-post-thumbnail","hentry","category-gala-iv-premios-carrete"],"_links":{"self":[{"href":"https:\/\/www.huelvaysusfotografos.com\/index.php?rest_route=\/wp\/v2\/posts\/14071","targetHints":{"allow":["GET"]}}],"collection":[{"href":"https:\/\/www.huelvaysusfotografos.com\/index.php?rest_route=\/wp\/v2\/posts"}],"about":[{"href":"https:\/\/www.huelvaysusfotografos.com\/index.php?rest_route=\/wp\/v2\/types\/post"}],"author":[{"embeddable":true,"href":"https:\/\/www.huelvaysusfotografos.com\/index.php?rest_route=\/wp\/v2\/users\/8279"}],"replies":[{"embeddable":true,"href":"https:\/\/www.huelvaysusfotografos.com\/index.php?rest_route=%2Fwp%2Fv2%2Fcomments&post=14071"}],"version-history":[{"count":1,"href":"https:\/\/www.huelvaysusfotografos.com\/index.php?rest_route=\/wp\/v2\/posts\/14071\/revisions"}],"predecessor-version":[{"id":14072,"href":"https:\/\/www.huelvaysusfotografos.com\/index.php?rest_route=\/wp\/v2\/posts\/14071\/revisions\/14072"}],"wp:featuredmedia":[{"embeddable":true,"href":"https:\/\/www.huelvaysusfotografos.com\/index.php?rest_route=\/wp\/v2\/media\/14065"}],"wp:attachment":[{"href":"https:\/\/www.huelvaysusfotografos.com\/index.php?rest_route=%2Fwp%2Fv2%2Fmedia&parent=14071"}],"wp:term":[{"taxonomy":"category","embeddable":true,"href":"https:\/\/www.huelvaysusfotografos.com\/index.php?rest_route=%2Fwp%2Fv2%2Fcategories&post=14071"},{"taxonomy":"post_tag","embeddable":true,"href":"https:\/\/www.huelvaysusfotografos.com\/index.php?rest_route=%2Fwp%2Fv2%2Ftags&post=14071"}],"curies":[{"name":"wp","href":"https:\/\/api.w.org\/{rel}","templated":true}]}}