{"id":14068,"date":"2024-09-11T10:45:00","date_gmt":"2024-09-11T08:45:00","guid":{"rendered":"https:\/\/www.huelvaysusfotografos.com\/?p=14068"},"modified":"2024-09-11T15:48:59","modified_gmt":"2024-09-11T13:48:59","slug":"los-medicos-de-la-uci-coronaria-del-hospital-juan-ramon-jimenez-agradecen-el-premio-carrete","status":"publish","type":"post","link":"https:\/\/www.huelvaysusfotografos.com\/?p=14068","title":{"rendered":"Los m\u00e9dicos de la UCI Coronaria del Hospital Juan Ram\u00f3n Jim\u00e9nez agradecen el Premio Carrete"},"content":{"rendered":"\n<p>La asociaci\u00f3n \u2018Huelva y sus fot\u00f3grafos\u2019 ha distinguido la labor de los profesionales de esta unidad. Desde el Colegio de M\u00e9dicos, muy satisfechos por el reconocimiento que recoger\u00e1n en noviembre la doctora Antonia Tristancho, miembro de la junta directiva y el doctor Manuel Castillo.<\/p>\n\n\n\n<p><strong>El trabajo de los profesionales de la UCI Coronaria del Hospital Juan Ram\u00f3n Jim\u00e9nez ha sido reconocido con el IV Premio Carrete en el apartado Sanitario, que otorga la asociaci\u00f3n \u2018<a href=\"https:\/\/www.huelvaysusfotografos.com\/?p=14058&amp;fbclid=IwZXh0bgNhZW0CMTEAAR0fVBr9c6MnrKlksjko2jLktQEgg-bbcqVFMd_r9OfFDNC2g-CDue-17Eg_aem_8nzExuw0UfwmNUovXHD5mA\">Huelva y sus fot\u00f3grafos<\/a>\u2018.<\/strong>&nbsp;<strong>Los doctores Antonia Tristancho, miembro de la junta directiva del Colegio de M\u00e9dicos de Huelva y Manuel Castillo, ambos especialistas en Medicina Intensiva,<\/strong>&nbsp;ser\u00e1n los encargados de&nbsp;<strong>recoger el galard\u00f3n<\/strong>&nbsp;en una gala que se celebrar\u00e1 el pr\u00f3ximo 8 de noviembre.<\/p>\n\n\n\n<p>Para el Colegio de M\u00e9dicos de Huelva constituye un \u00aborgullo que otorguen este premio, porque reconoce el trabajo diario de los profesionales m\u00e9dicos de la Unidad Coronaria y del resto de su equipo\u00bb. Adem\u00e1s, desde la instituci\u00f3n colegial se destaca la importancia de que \u00absurja de un colectivo que forma parte del tejido asociativo de la sociedad onubense, receptora de estos cuidados\u00bb.<\/p>\n\n\n\n<p><strong>Tristancho y Castillo, en nombre del equipo de la UCI Coronaria del Hospital Juan Ram\u00f3n Jim\u00e9nez, han querido agradecer el premio, que refrenda la labor que realiza a diario todo su personal,<\/strong>&nbsp;\u00abcompuesto por m\u00e9dicos especializadas en Medicina Intensiva, enfermeras, t\u00e9cnicos de asistencia sanitaria, celadores y personal del servicio de limpieza. Todos los eslabones son muy importantes para una correcta atenci\u00f3n del enfermo cardiaco cr\u00edtico, y si falla un eslab\u00f3n, no funciona el trabajo en equipo, el cual es siempre fundamental en la Unidad de Cuidados Intensivos\u00bb, explican Antonia Tristancho y Manuel Castillo.<\/p>\n\n\n\n<p><strong>La UCI Coronaria es una parte del Servicio de Medicina Intensiva que se cre\u00f3 el 20 de enero del a\u00f1o 2003, con seis camas, con el objetivo de mejorar la atenci\u00f3n del enfermo cardiaco cr\u00edtico.<\/strong><br><br><strong>Desde entonces ha atendido 8.000 pacientes agudos<\/strong>, en su mayor\u00eda enfermos cr\u00edticos coronarios, pero tambi\u00e9n postoperatorios de intervenciones cardiacas, arritmias, descompensaciones cardiacas agudas, infecciones valvulares cardiacas, afecciones peric\u00e1rdicas, patolog\u00eda vascular aguda y tromboembolias pulmonares.<br><br>La&nbsp;<strong>UCI Coronaria trabaja junto a otros servicios hospitalarios<\/strong>&nbsp;como son Hemodin\u00e1mica de Cardiolog\u00eda, Urgencias y equipos de asistencia prehospitalaria como el 061, para dar respuesta al \u201cc\u00f3digo infarto\u201d principalmente.&nbsp;<br><br>Los doctores Tristancho y Castillo, en nombre del equipo, \u00ab<strong>queremos agradecer tambi\u00e9n el cari\u00f1o de los muchos enfermos que han sobrevivido a su enfermedad cardiaca aguda y cr\u00edtica y tambi\u00e9n el de los familiares de los pacientes que no pudieron superarlo<\/strong>\u00ab.<br><br>La gala de entrega de los Premios Carrete tendr\u00e1 lugar el viernes 8 de noviembre en el Centro de Recepci\u00f3n y Documentaci\u00f3n del Puerto de Huelva.<\/p>\n","protected":false},"excerpt":{"rendered":"<p>La asociaci\u00f3n \u2018Huelva y sus fot\u00f3grafos\u2019 ha distinguido la labor de los profesionales de esta unidad. Desde el Colegio de M\u00e9dicos, muy satisfechos por el reconocimiento que recoger\u00e1n en noviembre la doctora Antonia Tristancho, miembro de la junta directiva y el doctor Manuel Castillo. El trabajo de los profesionales de la UCI Coronaria del Hospital Juan Ram\u00f3n Jim\u00e9nez ha sido reconocido con el IV Premio Carrete en el apartado Sanitario,<\/p>\n<div class=\"belowpost\"><a class=\"btnmore\" href=\"https:\/\/www.huelvaysusfotografos.com\/?p=14068\">Seguir leyendo<\/a><\/div>\n","protected":false},"author":8279,"featured_media":14069,"comment_status":"open","ping_status":"open","sticky":false,"template":"","format":"standard","meta":{"footnotes":"","_links_to":"","_links_to_target":""},"categories":[3],"tags":[],"class_list":["post-14068","post","type-post","status-publish","format-standard","has-post-thumbnail","hentry","category-noticias"],"_links":{"self":[{"href":"https:\/\/www.huelvaysusfotografos.com\/index.php?rest_route=\/wp\/v2\/posts\/14068","targetHints":{"allow":["GET"]}}],"collection":[{"href":"https:\/\/www.huelvaysusfotografos.com\/index.php?rest_route=\/wp\/v2\/posts"}],"about":[{"href":"https:\/\/www.huelvaysusfotografos.com\/index.php?rest_route=\/wp\/v2\/types\/post"}],"author":[{"embeddable":true,"href":"https:\/\/www.huelvaysusfotografos.com\/index.php?rest_route=\/wp\/v2\/users\/8279"}],"replies":[{"embeddable":true,"href":"https:\/\/www.huelvaysusfotografos.com\/index.php?rest_route=%2Fwp%2Fv2%2Fcomments&post=14068"}],"version-history":[{"count":1,"href":"https:\/\/www.huelvaysusfotografos.com\/index.php?rest_route=\/wp\/v2\/posts\/14068\/revisions"}],"predecessor-version":[{"id":14070,"href":"https:\/\/www.huelvaysusfotografos.com\/index.php?rest_route=\/wp\/v2\/posts\/14068\/revisions\/14070"}],"wp:featuredmedia":[{"embeddable":true,"href":"https:\/\/www.huelvaysusfotografos.com\/index.php?rest_route=\/wp\/v2\/media\/14069"}],"wp:attachment":[{"href":"https:\/\/www.huelvaysusfotografos.com\/index.php?rest_route=%2Fwp%2Fv2%2Fmedia&parent=14068"}],"wp:term":[{"taxonomy":"category","embeddable":true,"href":"https:\/\/www.huelvaysusfotografos.com\/index.php?rest_route=%2Fwp%2Fv2%2Fcategories&post=14068"},{"taxonomy":"post_tag","embeddable":true,"href":"https:\/\/www.huelvaysusfotografos.com\/index.php?rest_route=%2Fwp%2Fv2%2Ftags&post=14068"}],"curies":[{"name":"wp","href":"https:\/\/api.w.org\/{rel}","templated":true}]}}