{"id":14063,"date":"2024-09-11T15:41:27","date_gmt":"2024-09-11T13:41:27","guid":{"rendered":"https:\/\/www.huelvaysusfotografos.com\/?p=14063"},"modified":"2024-09-11T15:41:29","modified_gmt":"2024-09-11T13:41:29","slug":"canal-sur-agradece-el-iv-premio-carrete-de-comunicacion","status":"publish","type":"post","link":"https:\/\/www.huelvaysusfotografos.com\/?p=14063","title":{"rendered":"Canal Sur agradece el IV Premio Carrete de Comunicaci\u00f3n"},"content":{"rendered":"\n<p><strong><em>Los servicios informativos de Canal Sur en su desconexi\u00f3n local, han sido premiados en la IV edici\u00f3n de los Premios Carrete<\/em><\/strong>.<\/p>\n\n\n\n<figure class=\"wp-block-image size-large\"><a href=\"https:\/\/www.huelvaysusfotografos.com\/wp-content\/uploads\/2024\/09\/canal-sur-1.jpeg\"><img loading=\"lazy\" decoding=\"async\" width=\"1024\" height=\"461\" src=\"https:\/\/www.huelvaysusfotografos.com\/wp-content\/uploads\/2024\/09\/canal-sur-1-1024x461.jpeg\" alt=\"\" class=\"wp-image-14065\" srcset=\"https:\/\/www.huelvaysusfotografos.com\/wp-content\/uploads\/2024\/09\/canal-sur-1-1024x461.jpeg 1024w, https:\/\/www.huelvaysusfotografos.com\/wp-content\/uploads\/2024\/09\/canal-sur-1-300x135.jpeg 300w, https:\/\/www.huelvaysusfotografos.com\/wp-content\/uploads\/2024\/09\/canal-sur-1-768x345.jpeg 768w, https:\/\/www.huelvaysusfotografos.com\/wp-content\/uploads\/2024\/09\/canal-sur-1-1536x691.jpeg 1536w, https:\/\/www.huelvaysusfotografos.com\/wp-content\/uploads\/2024\/09\/canal-sur-1.jpeg 2048w\" sizes=\"auto, (max-width: 1024px) 100vw, 1024px\" \/><\/a><\/figure>\n\n\n\n<p>Ayer se daba a conocer la noticia en los medios de comunicaci\u00f3n y su director <strong>Norberto Javier<\/strong>, ha querido trasladarnos su agradecimiento en nombre de todo su equipo.<\/p>\n\n\n\n<p>De tal modo que indicaba: <strong><em>\u00abPara Canal Sur es una satisfacci\u00f3n especial, puesto que no solo se trata de un reconocimiento muy importante por nuestra vocaci\u00f3n de proximidad, sino que, adem\u00e1s, viene de compa\u00f1eros de profesi\u00f3n, y eso es muy importante para nosotros<\/em><\/strong>\u00ab.<\/p>\n\n\n\n<p>Al tiempo que nos dec\u00eda: <strong><em>\u00abUna de las se\u00f1as de identidad de Canal Sur es la informaci\u00f3n de proximidad. Y en ello volcamos nuestro esfuerzo. Por eso, este premio nos sirve de acicate para seguir trabajando en ese sentido\u00bb, <\/em><\/strong>conclu\u00eda Norberto Javier.<\/p>\n\n\n\n<p>Es sin duda un premio m\u00e1s que merecido para estos profesionales de Canal Sur en Huelva, que llevan por bandera las se\u00f1as de identidad de nuestra provincia, tanto en radio como en televisi\u00f3n.<\/p>\n\n\n\n<p>Recordamos que los premios se entregar\u00e1n el pr\u00f3ximo 8 de noviembre en una Gala, junto al resto de premiados de los Premios Carrete 2024, en su IV edici\u00f3n.<\/p>\n\n\n\n<figure class=\"wp-block-image size-full\"><a href=\"https:\/\/www.huelvaysusfotografos.com\/wp-content\/uploads\/2024\/09\/canal-sur-2.jpeg\"><img loading=\"lazy\" decoding=\"async\" width=\"780\" height=\"960\" src=\"https:\/\/www.huelvaysusfotografos.com\/wp-content\/uploads\/2024\/09\/canal-sur-2.jpeg\" alt=\"\" class=\"wp-image-14066\" srcset=\"https:\/\/www.huelvaysusfotografos.com\/wp-content\/uploads\/2024\/09\/canal-sur-2.jpeg 780w, https:\/\/www.huelvaysusfotografos.com\/wp-content\/uploads\/2024\/09\/canal-sur-2-244x300.jpeg 244w, https:\/\/www.huelvaysusfotografos.com\/wp-content\/uploads\/2024\/09\/canal-sur-2-768x945.jpeg 768w\" sizes=\"auto, (max-width: 780px) 100vw, 780px\" \/><\/a><\/figure>\n","protected":false},"excerpt":{"rendered":"<p>Los servicios informativos de Canal Sur en su desconexi\u00f3n local, han sido premiados en la IV edici\u00f3n de los Premios Carrete. Ayer se daba a conocer la noticia en los medios de comunicaci\u00f3n y su director Norberto Javier, ha querido trasladarnos su agradecimiento en nombre de todo su equipo. De tal modo que indicaba: \u00abPara Canal Sur es una satisfacci\u00f3n especial, puesto que no solo se trata de un reconocimiento<\/p>\n<div class=\"belowpost\"><a class=\"btnmore\" href=\"https:\/\/www.huelvaysusfotografos.com\/?p=14063\">Seguir leyendo<\/a><\/div>\n","protected":false},"author":8279,"featured_media":14064,"comment_status":"open","ping_status":"open","sticky":false,"template":"","format":"standard","meta":{"footnotes":"","_links_to":"","_links_to_target":""},"categories":[230],"tags":[],"class_list":["post-14063","post","type-post","status-publish","format-standard","has-post-thumbnail","hentry","category-gala-iv-premios-carrete"],"_links":{"self":[{"href":"https:\/\/www.huelvaysusfotografos.com\/index.php?rest_route=\/wp\/v2\/posts\/14063","targetHints":{"allow":["GET"]}}],"collection":[{"href":"https:\/\/www.huelvaysusfotografos.com\/index.php?rest_route=\/wp\/v2\/posts"}],"about":[{"href":"https:\/\/www.huelvaysusfotografos.com\/index.php?rest_route=\/wp\/v2\/types\/post"}],"author":[{"embeddable":true,"href":"https:\/\/www.huelvaysusfotografos.com\/index.php?rest_route=\/wp\/v2\/users\/8279"}],"replies":[{"embeddable":true,"href":"https:\/\/www.huelvaysusfotografos.com\/index.php?rest_route=%2Fwp%2Fv2%2Fcomments&post=14063"}],"version-history":[{"count":1,"href":"https:\/\/www.huelvaysusfotografos.com\/index.php?rest_route=\/wp\/v2\/posts\/14063\/revisions"}],"predecessor-version":[{"id":14067,"href":"https:\/\/www.huelvaysusfotografos.com\/index.php?rest_route=\/wp\/v2\/posts\/14063\/revisions\/14067"}],"wp:featuredmedia":[{"embeddable":true,"href":"https:\/\/www.huelvaysusfotografos.com\/index.php?rest_route=\/wp\/v2\/media\/14064"}],"wp:attachment":[{"href":"https:\/\/www.huelvaysusfotografos.com\/index.php?rest_route=%2Fwp%2Fv2%2Fmedia&parent=14063"}],"wp:term":[{"taxonomy":"category","embeddable":true,"href":"https:\/\/www.huelvaysusfotografos.com\/index.php?rest_route=%2Fwp%2Fv2%2Fcategories&post=14063"},{"taxonomy":"post_tag","embeddable":true,"href":"https:\/\/www.huelvaysusfotografos.com\/index.php?rest_route=%2Fwp%2Fv2%2Ftags&post=14063"}],"curies":[{"name":"wp","href":"https:\/\/api.w.org\/{rel}","templated":true}]}}