{"id":14058,"date":"2024-09-10T14:39:27","date_gmt":"2024-09-10T12:39:27","guid":{"rendered":"https:\/\/www.huelvaysusfotografos.com\/?p=14058"},"modified":"2024-09-10T15:34:36","modified_gmt":"2024-09-10T13:34:36","slug":"llega-la-iv-gala-de-los-premios-carrete","status":"publish","type":"post","link":"https:\/\/www.huelvaysusfotografos.com\/?p=14058","title":{"rendered":"Llega la IV Gala de los Premios Carrete"},"content":{"rendered":"\n<p><strong><em>La empresa Plus Berries, La UCI Coronaria del Hospital Juan Ram\u00f3n Jim\u00e9nez y Canal Sur TV en Huelva, nombres propios de los IV Premios Carrete&nbsp;&nbsp;&nbsp;&nbsp;&nbsp;&nbsp;&nbsp;&nbsp;&nbsp;&nbsp;&nbsp;&nbsp;&nbsp;&nbsp;&nbsp;&nbsp;&nbsp;&nbsp;&nbsp;&nbsp;&nbsp;&nbsp;&nbsp;&nbsp;&nbsp;&nbsp;&nbsp;&nbsp;&nbsp;&nbsp;&nbsp;&nbsp;&nbsp;&nbsp;&nbsp;&nbsp;&nbsp;&nbsp;&nbsp;&nbsp;&nbsp;&nbsp;&nbsp;&nbsp;&nbsp;&nbsp;&nbsp;&nbsp;&nbsp;&nbsp;&nbsp;&nbsp;&nbsp;&nbsp;<\/em><\/strong><\/p>\n\n\n\n<p>Nos complace informarles que han sido galardonados estas empresas, entidades y medios con los IV Premios Carrete, para reconocer la labor y el trabajo de las distintas personas, Asociaciones e instituciones que hacen lo mejor por y para nuestra Huelva.<\/p>\n\n\n\n<p>La junta directiva de la Asociaci\u00f3n Huelva y sus Fot\u00f3grafos, dan a conocer los primeros premios de la IV Gala de los Premios Carrete 2024.<\/p>\n\n\n\n<p><strong>Carrete Dinamizador.- <\/strong>A la empresa <strong>Plus Berries<\/strong>, empresa netamente onubense que impulsa el sector de los Berries fuera de nuestras fronteras.<\/p>\n\n\n\n<p>Recogen el premio, su presidente <strong>Diego Velo y Daniel Velo<\/strong>.<\/p>\n\n\n\n<p><strong>Carrete Sanitario.- <\/strong>A la <strong>UCI Coronaria del Servicio de Medicina Intensiva <\/strong>alHospital Universitario Juan Ram\u00f3n Jim\u00e9nez de Huelva<strong>.<\/strong><\/p>\n\n\n\n<p>Recoger\u00e1 el premio<strong>.- D\u00f1a. Antonia Tristancho y D. Manuel Castillo.<\/strong><\/p>\n\n\n\n<p><strong>Carrete Comunicaci\u00f3n.- <\/strong>A los <strong>Servicios Informativos de Canal Sur Televisi\u00f3n en Huelva.<\/strong><\/p>\n\n\n\n<p>Recoger\u00e1 el premio<strong>.- <\/strong><\/p>\n\n\n\n<p>Estos Premios se entregar\u00e1n en la Gala del XIII aniversario de nuestra Asociaci\u00f3n Huelva y sus Fot\u00f3grafos.<\/p>\n\n\n\n<p><strong>D\u00eda<\/strong>.- viernes 8 de noviembre de 2024<\/p>\n\n\n\n<p><strong>Lugar<\/strong>.- Centro de Recepci\u00f3n y Documentaci\u00f3n del Puerto de Huelva. Avenida de Hispanoam\u00e9rica. Huelva.<\/p>\n\n\n\n<p><strong>Hora<\/strong>.- 20.00 horas.<\/p>\n","protected":false},"excerpt":{"rendered":"<p>La empresa Plus Berries, La UCI Coronaria del Hospital Juan Ram\u00f3n Jim\u00e9nez y Canal Sur TV en Huelva, nombres propios de los IV Premios Carrete&nbsp;&nbsp;&nbsp;&nbsp;&nbsp;&nbsp;&nbsp;&nbsp;&nbsp;&nbsp;&nbsp;&nbsp;&nbsp;&nbsp;&nbsp;&nbsp;&nbsp;&nbsp;&nbsp;&nbsp;&nbsp;&nbsp;&nbsp;&nbsp;&nbsp;&nbsp;&nbsp;&nbsp;&nbsp;&nbsp;&nbsp;&nbsp;&nbsp;&nbsp;&nbsp;&nbsp;&nbsp;&nbsp;&nbsp;&nbsp;&nbsp;&nbsp;&nbsp;&nbsp;&nbsp;&nbsp;&nbsp;&nbsp;&nbsp;&nbsp;&nbsp;&nbsp;&nbsp;&nbsp; Nos complace informarles que han sido galardonados estas empresas, entidades y medios con los IV Premios Carrete, para reconocer la labor y el trabajo de las distintas personas, Asociaciones e instituciones que hacen lo mejor por y para nuestra Huelva. La junta directiva de la<\/p>\n<div class=\"belowpost\"><a class=\"btnmore\" href=\"https:\/\/www.huelvaysusfotografos.com\/?p=14058\">Seguir leyendo<\/a><\/div>\n","protected":false},"author":8279,"featured_media":13622,"comment_status":"open","ping_status":"open","sticky":false,"template":"","format":"standard","meta":{"footnotes":"","_links_to":"","_links_to_target":""},"categories":[230],"tags":[],"class_list":["post-14058","post","type-post","status-publish","format-standard","has-post-thumbnail","hentry","category-gala-iv-premios-carrete"],"_links":{"self":[{"href":"https:\/\/www.huelvaysusfotografos.com\/index.php?rest_route=\/wp\/v2\/posts\/14058","targetHints":{"allow":["GET"]}}],"collection":[{"href":"https:\/\/www.huelvaysusfotografos.com\/index.php?rest_route=\/wp\/v2\/posts"}],"about":[{"href":"https:\/\/www.huelvaysusfotografos.com\/index.php?rest_route=\/wp\/v2\/types\/post"}],"author":[{"embeddable":true,"href":"https:\/\/www.huelvaysusfotografos.com\/index.php?rest_route=\/wp\/v2\/users\/8279"}],"replies":[{"embeddable":true,"href":"https:\/\/www.huelvaysusfotografos.com\/index.php?rest_route=%2Fwp%2Fv2%2Fcomments&post=14058"}],"version-history":[{"count":3,"href":"https:\/\/www.huelvaysusfotografos.com\/index.php?rest_route=\/wp\/v2\/posts\/14058\/revisions"}],"predecessor-version":[{"id":14062,"href":"https:\/\/www.huelvaysusfotografos.com\/index.php?rest_route=\/wp\/v2\/posts\/14058\/revisions\/14062"}],"wp:featuredmedia":[{"embeddable":true,"href":"https:\/\/www.huelvaysusfotografos.com\/index.php?rest_route=\/wp\/v2\/media\/13622"}],"wp:attachment":[{"href":"https:\/\/www.huelvaysusfotografos.com\/index.php?rest_route=%2Fwp%2Fv2%2Fmedia&parent=14058"}],"wp:term":[{"taxonomy":"category","embeddable":true,"href":"https:\/\/www.huelvaysusfotografos.com\/index.php?rest_route=%2Fwp%2Fv2%2Fcategories&post=14058"},{"taxonomy":"post_tag","embeddable":true,"href":"https:\/\/www.huelvaysusfotografos.com\/index.php?rest_route=%2Fwp%2Fv2%2Ftags&post=14058"}],"curies":[{"name":"wp","href":"https:\/\/api.w.org\/{rel}","templated":true}]}}