{"id":14030,"date":"2024-09-01T16:29:33","date_gmt":"2024-09-01T14:29:33","guid":{"rendered":"https:\/\/www.huelvaysusfotografos.com\/?p=14030"},"modified":"2024-09-04T16:37:56","modified_gmt":"2024-09-04T14:37:56","slug":"greguerias-aterriza-en-cartaya","status":"publish","type":"post","link":"https:\/\/www.huelvaysusfotografos.com\/?p=14030","title":{"rendered":"Greguer\u00edas aterriza en Cartaya"},"content":{"rendered":"\n<p>Nuestra exposici\u00f3n colectiva de Greguer\u00edas que inauguramos el pasado mes de Enero en la Casa Col\u00f3n de Huelva, sigue recorriendo la provincia.<\/p>\n\n\n\n<p>Ya han podido ver nuestra exposici\u00f3n las localidades de San Bartolom\u00e9 de la Torre, Gibrale\u00f3n, Aljaraque, Ayamonte, Punta Umbr\u00eda y Almonaster la Rel.<\/p>\n\n\n\n<p>La localidad costera de <strong>Cartaya<\/strong>,  albergar\u00e1 la pr\u00f3xima parada de esta exposici\u00f3n, que tantas alegr\u00edas nos est\u00e1 dando en su recorrido por la provincia.<\/p>\n\n\n\n<p>Ser\u00e1 la sala de exposiciones del\u00a0<strong>Centro Cultural de la Villa<\/strong>,\u00a0la localidad costera, el espacio elegido por el consistorio\u00a0para mostrar nuestras obras.<\/p>\n\n\n\n<p>La inauguraci\u00f3n tendr\u00e1 lugar el pr\u00f3ximo martes 3 de septiembre a las 11.30 horas.<\/p>\n\n\n\n<p>El cartel como los anteriores es obra de nuestra compa\u00f1era Carmen Torres Chaguaceda, con im\u00e1genes de tres de nuestros compa\u00f1eros, elegidas por sorteo. En esta ocasi\u00f3n, son las obras de Antonio Salas y Dulfi<\/p>\n\n\n\n<p>La exposici\u00f3n se podr\u00e1<strong>\u00a0visitar\u00a0<\/strong>en horario de ma\u00f1ana de\u00a0<strong>\ud835\udff5:\ud835\udfec\ud835\udfec \ud835\uddf5 \ud835\uddee \ud835\udfed\ud835\udff0:\ud835\udfec\ud835\udfec \ud835\uddf5 y por la tarde de \ud835\udfed\ud835\udff2:\ud835\udfec\ud835\udfec \ud835\uddf5 \ud835\uddee \ud835\udfee\ud835\udfed:\ud835\udfec\ud835\udfec \ud835\uddf5.\u00a0<\/strong>de\u00a0<strong>Lunes a Viernes<\/strong>\u2013 hasta el pr\u00f3ximo 30 de septiembre.<\/p>\n\n\n\n<p>Os esperamos.<\/p>\n\n\n\n<figure class=\"wp-block-image size-large\"><a href=\"https:\/\/www.huelvaysusfotografos.com\/wp-content\/uploads\/2024\/09\/CARTEL-CARTAYA.jpeg\"><img loading=\"lazy\" decoding=\"async\" width=\"576\" height=\"1024\" src=\"https:\/\/www.huelvaysusfotografos.com\/wp-content\/uploads\/2024\/09\/CARTEL-CARTAYA-576x1024.jpeg\" alt=\"\" class=\"wp-image-14032\" srcset=\"https:\/\/www.huelvaysusfotografos.com\/wp-content\/uploads\/2024\/09\/CARTEL-CARTAYA-576x1024.jpeg 576w, https:\/\/www.huelvaysusfotografos.com\/wp-content\/uploads\/2024\/09\/CARTEL-CARTAYA-169x300.jpeg 169w, https:\/\/www.huelvaysusfotografos.com\/wp-content\/uploads\/2024\/09\/CARTEL-CARTAYA-768x1365.jpeg 768w, https:\/\/www.huelvaysusfotografos.com\/wp-content\/uploads\/2024\/09\/CARTEL-CARTAYA-864x1536.jpeg 864w, https:\/\/www.huelvaysusfotografos.com\/wp-content\/uploads\/2024\/09\/CARTEL-CARTAYA.jpeg 1080w\" sizes=\"auto, (max-width: 576px) 100vw, 576px\" \/><\/a><\/figure>\n","protected":false},"excerpt":{"rendered":"<p>Nuestra exposici\u00f3n colectiva de Greguer\u00edas que inauguramos el pasado mes de Enero en la Casa Col\u00f3n de Huelva, sigue recorriendo la provincia. Ya han podido ver nuestra exposici\u00f3n las localidades de San Bartolom\u00e9 de la Torre, Gibrale\u00f3n, Aljaraque, Ayamonte, Punta Umbr\u00eda y Almonaster la Rel. La localidad costera de Cartaya, albergar\u00e1 la pr\u00f3xima parada de esta exposici\u00f3n, que tantas alegr\u00edas nos est\u00e1 dando en su recorrido por la provincia. Ser\u00e1<\/p>\n<div class=\"belowpost\"><a class=\"btnmore\" href=\"https:\/\/www.huelvaysusfotografos.com\/?p=14030\">Seguir leyendo<\/a><\/div>\n","protected":false},"author":8279,"featured_media":14031,"comment_status":"open","ping_status":"open","sticky":false,"template":"","format":"standard","meta":{"footnotes":"","_links_to":"","_links_to_target":""},"categories":[23],"tags":[],"class_list":["post-14030","post","type-post","status-publish","format-standard","has-post-thumbnail","hentry","category-exposiciones"],"_links":{"self":[{"href":"https:\/\/www.huelvaysusfotografos.com\/index.php?rest_route=\/wp\/v2\/posts\/14030","targetHints":{"allow":["GET"]}}],"collection":[{"href":"https:\/\/www.huelvaysusfotografos.com\/index.php?rest_route=\/wp\/v2\/posts"}],"about":[{"href":"https:\/\/www.huelvaysusfotografos.com\/index.php?rest_route=\/wp\/v2\/types\/post"}],"author":[{"embeddable":true,"href":"https:\/\/www.huelvaysusfotografos.com\/index.php?rest_route=\/wp\/v2\/users\/8279"}],"replies":[{"embeddable":true,"href":"https:\/\/www.huelvaysusfotografos.com\/index.php?rest_route=%2Fwp%2Fv2%2Fcomments&post=14030"}],"version-history":[{"count":2,"href":"https:\/\/www.huelvaysusfotografos.com\/index.php?rest_route=\/wp\/v2\/posts\/14030\/revisions"}],"predecessor-version":[{"id":14034,"href":"https:\/\/www.huelvaysusfotografos.com\/index.php?rest_route=\/wp\/v2\/posts\/14030\/revisions\/14034"}],"wp:featuredmedia":[{"embeddable":true,"href":"https:\/\/www.huelvaysusfotografos.com\/index.php?rest_route=\/wp\/v2\/media\/14031"}],"wp:attachment":[{"href":"https:\/\/www.huelvaysusfotografos.com\/index.php?rest_route=%2Fwp%2Fv2%2Fmedia&parent=14030"}],"wp:term":[{"taxonomy":"category","embeddable":true,"href":"https:\/\/www.huelvaysusfotografos.com\/index.php?rest_route=%2Fwp%2Fv2%2Fcategories&post=14030"},{"taxonomy":"post_tag","embeddable":true,"href":"https:\/\/www.huelvaysusfotografos.com\/index.php?rest_route=%2Fwp%2Fv2%2Ftags&post=14030"}],"curies":[{"name":"wp","href":"https:\/\/api.w.org\/{rel}","templated":true}]}}