{"id":14017,"date":"2024-07-02T12:36:00","date_gmt":"2024-07-02T10:36:00","guid":{"rendered":"https:\/\/www.huelvaysusfotografos.com\/?p=14017"},"modified":"2024-07-02T19:44:02","modified_gmt":"2024-07-02T17:44:02","slug":"la-exposicion-greguerias-llega-a-la-sala-teatro-del-mar-de-punta-umbria","status":"publish","type":"post","link":"https:\/\/www.huelvaysusfotografos.com\/?p=14017","title":{"rendered":"La exposici\u00f3n &#8216;Greguer\u00edas&#8217; llega a la Sala Teatro del Mar de Punta Umbr\u00eda"},"content":{"rendered":"\n<p><strong>Esta muestra de fotograf\u00eda podr\u00e1 visitarse hasta el 11 de julio en horario de ma\u00f1ana y tarde<\/strong>.<\/p>\n\n\n\n<p>La&nbsp;<strong>Sala de Exposiciones Teatro del Mar&nbsp;<\/strong>del Centro Cultural de<strong>&nbsp;Punta Umbr\u00eda&nbsp;<\/strong>inaugur\u00f3 ayer una&nbsp;<strong>nueva muestra<\/strong>&nbsp;dentro de su agenda de verano 2024. En concreto, se trata de la&nbsp;<strong>exposici\u00f3n \u2018Greguer\u00edas\u2019&nbsp;<\/strong>de la&nbsp;<strong>Asociaci\u00f3n \u2018Huelva y sus Fot\u00f3grafos\u2019.<\/strong><\/p>\n\n\n\n<p>La<strong>&nbsp;Asociaci\u00f3n \u2018Huelva y sus Fot\u00f3grafos\u2019&nbsp;<\/strong>ha llevado a cabo un<strong>&nbsp;interesante proyecto<\/strong>, convertir greguer\u00edas en im\u00e1genes. Este proyecto se ha convertido en la tem\u00e1tica de su exposici\u00f3n colectiva anual que inici\u00f3 su trayectoria en enero de 2024 y que se ha transformado en una exposici\u00f3n itinerante que durante este a\u00f1o est\u00e1 recorriendo diferentes localidades onubenses como&nbsp;<strong>Aljaraque, Gibrale\u00f3n, y actualmente Punta Umbr\u00eda.<\/strong><\/p>\n\n\n\n<p><strong>Enrique Orta Fern\u00e1ndez,<\/strong>\u00a0concejal de Cultura, acudi\u00f3 a la inauguraci\u00f3n para mostrar apoyo por parte del Ayuntamiento a la muestra. A la inauguraci\u00f3n tambi\u00e9n acudi\u00f3\u00a0<strong>Jos\u00e9 Luis Arizmendi Llanes<\/strong>, presidente de la asociaci\u00f3n<strong>\u00a0\u2018Huelva y sus fot\u00f3grafos\u2019,\u00a0<\/strong>que traslad\u00f3 que \u201ccada autor ha querido interpretar esta\u00a0<strong>fotograf\u00eda en una peque\u00f1a frase\u201d<\/strong>. Igualmente, recomend\u00f3\u00a0<strong>\u201cprimero leer el cartel al lado de la fotograf\u00eda<\/strong>, y\u00a0<strong>luego ver la fotograf\u00eda,\u00a0<\/strong>para que interprete como el autor ha sido capaz de reflejar esa peque\u00f1a frase\u201d.<\/p>\n\n\n\n<p>Esta muestra est\u00e1 constituida por<strong>&nbsp;27 obras de Ram\u00f3n G\u00f3mez de la Serna,<\/strong>&nbsp;en soportes, tama\u00f1os y formatos diferentes. Cada una es reflejo de la interpretaci\u00f3n de su autor sobre una greguer\u00eda concreta.<\/p>\n\n\n\n<p>No obstante las\u00a0<strong>\u2018greger\u00edas\u2019<\/strong>, surgidas del ingenio creativo de<strong>\u00a0Ram\u00f3n G\u00f3mez de la Serna<\/strong>\u00a0a principios del S XIX, son<strong>\u00a0expresiones literarias<\/strong>\u00a0se caracterizan por ser c<strong>omposiciones muy breves en prosa<\/strong>, que mediante el<strong>\u00a0humor y la met\u00e1fora<\/strong>, que intentan hacernos ver algunos aspectos de la realidad con una visi\u00f3n diferente a la que ser\u00eda la habitual.<\/p>\n\n\n\n<p>Los autores de estas 27 fotograf\u00edas son Salom\u00e9 \u00c1gueda, Jos\u00e9 Luis Arizmendi, Alberto Bouz\u00f3n, Alicia Clerencia, Juani Coronel, Dulfi Doulfikar, Ruth Flores, Paco Gil, Eva Herencia, Sonia Herencia, Mar\u00eda Izquierdo, Juli\u00e1n L\u00f3pez, Flor N\u00fa\u00f1ez, \u00c1ngel Oliva, Carmen Pascual, AntonioP\u00e9rez, Pilar Rodr\u00edguez, Ana M\u00aa Rosa, Pedro Ruiz-Constantino, Antonio Salas, Cayetana Santana, Carmen Torres, Carmelo V\u00e1zquez, Amparo Vicente y Dolores Vidosa.<\/p>\n\n\n\n<p>Podr\u00e1 ser visitada hasta el 11 de julio, en horario de 9 a 14 horas y de 17 a 21 horas de lunes a viernes, en la sala Teatro del Mar del Centro Cultural.<\/p>\n","protected":false},"excerpt":{"rendered":"<p>Esta muestra de fotograf\u00eda podr\u00e1 visitarse hasta el 11 de julio en horario de ma\u00f1ana y tarde. La&nbsp;Sala de Exposiciones Teatro del Mar&nbsp;del Centro Cultural de&nbsp;Punta Umbr\u00eda&nbsp;inaugur\u00f3 ayer una&nbsp;nueva muestra&nbsp;dentro de su agenda de verano 2024. En concreto, se trata de la&nbsp;exposici\u00f3n \u2018Greguer\u00edas\u2019&nbsp;de la&nbsp;Asociaci\u00f3n \u2018Huelva y sus Fot\u00f3grafos\u2019. La&nbsp;Asociaci\u00f3n \u2018Huelva y sus Fot\u00f3grafos\u2019&nbsp;ha llevado a cabo un&nbsp;interesante proyecto, convertir greguer\u00edas en im\u00e1genes. Este proyecto se ha convertido en la tem\u00e1tica<\/p>\n<div class=\"belowpost\"><a class=\"btnmore\" href=\"https:\/\/www.huelvaysusfotografos.com\/?p=14017\">Seguir leyendo<\/a><\/div>\n","protected":false},"author":8279,"featured_media":14018,"comment_status":"open","ping_status":"open","sticky":false,"template":"","format":"standard","meta":{"footnotes":"","_links_to":"","_links_to_target":""},"categories":[23],"tags":[],"class_list":["post-14017","post","type-post","status-publish","format-standard","has-post-thumbnail","hentry","category-exposiciones"],"_links":{"self":[{"href":"https:\/\/www.huelvaysusfotografos.com\/index.php?rest_route=\/wp\/v2\/posts\/14017","targetHints":{"allow":["GET"]}}],"collection":[{"href":"https:\/\/www.huelvaysusfotografos.com\/index.php?rest_route=\/wp\/v2\/posts"}],"about":[{"href":"https:\/\/www.huelvaysusfotografos.com\/index.php?rest_route=\/wp\/v2\/types\/post"}],"author":[{"embeddable":true,"href":"https:\/\/www.huelvaysusfotografos.com\/index.php?rest_route=\/wp\/v2\/users\/8279"}],"replies":[{"embeddable":true,"href":"https:\/\/www.huelvaysusfotografos.com\/index.php?rest_route=%2Fwp%2Fv2%2Fcomments&post=14017"}],"version-history":[{"count":1,"href":"https:\/\/www.huelvaysusfotografos.com\/index.php?rest_route=\/wp\/v2\/posts\/14017\/revisions"}],"predecessor-version":[{"id":14019,"href":"https:\/\/www.huelvaysusfotografos.com\/index.php?rest_route=\/wp\/v2\/posts\/14017\/revisions\/14019"}],"wp:featuredmedia":[{"embeddable":true,"href":"https:\/\/www.huelvaysusfotografos.com\/index.php?rest_route=\/wp\/v2\/media\/14018"}],"wp:attachment":[{"href":"https:\/\/www.huelvaysusfotografos.com\/index.php?rest_route=%2Fwp%2Fv2%2Fmedia&parent=14017"}],"wp:term":[{"taxonomy":"category","embeddable":true,"href":"https:\/\/www.huelvaysusfotografos.com\/index.php?rest_route=%2Fwp%2Fv2%2Fcategories&post=14017"},{"taxonomy":"post_tag","embeddable":true,"href":"https:\/\/www.huelvaysusfotografos.com\/index.php?rest_route=%2Fwp%2Fv2%2Ftags&post=14017"}],"curies":[{"name":"wp","href":"https:\/\/api.w.org\/{rel}","templated":true}]}}