{"id":14014,"date":"2024-06-30T20:22:48","date_gmt":"2024-06-30T18:22:48","guid":{"rendered":"https:\/\/www.huelvaysusfotografos.com\/?p=14014"},"modified":"2024-06-30T20:22:50","modified_gmt":"2024-06-30T18:22:50","slug":"magnifica-jornada-nautica-por-marismas-del-odiel","status":"publish","type":"post","link":"https:\/\/www.huelvaysusfotografos.com\/?p=14014","title":{"rendered":"Magn\u00edfica jornada n\u00e1utica por Marismas del Odiel"},"content":{"rendered":"\n<p>El pasado viernes 28 de junio nos emplaz\u00e1bamos en el Muelle de Levanta para navegar por Marismas del Odiel.<\/p>\n\n\n\n<p>Un nutrido grupo de socios y acompa\u00f1antes se daban cita para vivir un a\u00f1o m\u00e1s, esta extraordinaria jornada, gracias a la Autoridad Portuaria y a la empresa Serodiel, quienes nos tratan de exquisitas maneras. <\/p>\n\n\n\n<p>El recorrido por nuestro r\u00edo Odiel, nos llevaba por los m\u00e1rgenes de la Avda Montenegro hasta las plantas del Monumento a Col\u00f3n donde hac\u00edamos una breve parada para inmortalizar el momento, antes de dirigir la proa al puente del Burro y encaminar nuestro navegar por Marismas del Odiel y alcanzar la costa en la localidad costera de Punta Umbr\u00eda.<\/p>\n\n\n\n<p>El disfrute del paseo y la brisa marinera nos acompa\u00f1o en la traves\u00eda, donde decenas de c\u00e1maras inmortalizaban cada rinc\u00f3n de nuestro recorrido.<\/p>\n\n\n\n<p>La puesta de sol y el ambig\u00fa hac\u00eda del recorrido una m\u00e1s que agradable traves\u00eda, hasta el amarre de nuevo en el Muelle del Tinto. <\/p>\n\n\n\n<p>Gracias a tod@s por este rato tan agradable.  <\/p>\n","protected":false},"excerpt":{"rendered":"<p>El pasado viernes 28 de junio nos emplaz\u00e1bamos en el Muelle de Levanta para navegar por Marismas del Odiel. Un nutrido grupo de socios y acompa\u00f1antes se daban cita para vivir un a\u00f1o m\u00e1s, esta extraordinaria jornada, gracias a la Autoridad Portuaria y a la empresa Serodiel, quienes nos tratan de exquisitas maneras. El recorrido por nuestro r\u00edo Odiel, nos llevaba por los m\u00e1rgenes de la Avda Montenegro hasta las<\/p>\n<div class=\"belowpost\"><a class=\"btnmore\" href=\"https:\/\/www.huelvaysusfotografos.com\/?p=14014\">Seguir leyendo<\/a><\/div>\n","protected":false},"author":8279,"featured_media":14015,"comment_status":"open","ping_status":"open","sticky":false,"template":"","format":"standard","meta":{"footnotes":"","_links_to":"","_links_to_target":""},"categories":[4,6],"tags":[],"class_list":["post-14014","post","type-post","status-publish","format-standard","has-post-thumbnail","hentry","category-actividades","category-quedadas"],"_links":{"self":[{"href":"https:\/\/www.huelvaysusfotografos.com\/index.php?rest_route=\/wp\/v2\/posts\/14014","targetHints":{"allow":["GET"]}}],"collection":[{"href":"https:\/\/www.huelvaysusfotografos.com\/index.php?rest_route=\/wp\/v2\/posts"}],"about":[{"href":"https:\/\/www.huelvaysusfotografos.com\/index.php?rest_route=\/wp\/v2\/types\/post"}],"author":[{"embeddable":true,"href":"https:\/\/www.huelvaysusfotografos.com\/index.php?rest_route=\/wp\/v2\/users\/8279"}],"replies":[{"embeddable":true,"href":"https:\/\/www.huelvaysusfotografos.com\/index.php?rest_route=%2Fwp%2Fv2%2Fcomments&post=14014"}],"version-history":[{"count":1,"href":"https:\/\/www.huelvaysusfotografos.com\/index.php?rest_route=\/wp\/v2\/posts\/14014\/revisions"}],"predecessor-version":[{"id":14016,"href":"https:\/\/www.huelvaysusfotografos.com\/index.php?rest_route=\/wp\/v2\/posts\/14014\/revisions\/14016"}],"wp:featuredmedia":[{"embeddable":true,"href":"https:\/\/www.huelvaysusfotografos.com\/index.php?rest_route=\/wp\/v2\/media\/14015"}],"wp:attachment":[{"href":"https:\/\/www.huelvaysusfotografos.com\/index.php?rest_route=%2Fwp%2Fv2%2Fmedia&parent=14014"}],"wp:term":[{"taxonomy":"category","embeddable":true,"href":"https:\/\/www.huelvaysusfotografos.com\/index.php?rest_route=%2Fwp%2Fv2%2Fcategories&post=14014"},{"taxonomy":"post_tag","embeddable":true,"href":"https:\/\/www.huelvaysusfotografos.com\/index.php?rest_route=%2Fwp%2Fv2%2Ftags&post=14014"}],"curies":[{"name":"wp","href":"https:\/\/api.w.org\/{rel}","templated":true}]}}