{"id":14008,"date":"2024-06-27T23:46:07","date_gmt":"2024-06-27T21:46:07","guid":{"rendered":"https:\/\/www.huelvaysusfotografos.com\/?p=14008"},"modified":"2024-06-27T23:46:09","modified_gmt":"2024-06-27T21:46:09","slug":"nuestras-greguerias-se-van-a-punta-umbria","status":"publish","type":"post","link":"https:\/\/www.huelvaysusfotografos.com\/?p=14008","title":{"rendered":"Nuestras Greguer\u00edas se van a Punta Umbr\u00eda"},"content":{"rendered":"\n<p>Nuestra exposici\u00f3n colectiva de Greguer\u00edas que inauguramos el pasado mes de Enero en la Casa Col\u00f3n de Huelva, sigue recorriendo la provincia.<\/p>\n\n\n\n<p>Ya han podido ver nuestra exposici\u00f3n las localidades de San Bartolom\u00e9 de la Torre, Gibrale\u00f3n, Aljaraque y Ayamonte.<\/p>\n\n\n\n<p>La localidad costera de Punta Umbr\u00eda, albergar\u00e1 la pr\u00f3xima parada de esta exposici\u00f3n, que tantas alegr\u00edas nos est\u00e1 dando en su recorrido por la provincia. <\/p>\n\n\n\n<p>Ser\u00e1 la sala de exposiciones del Teatro del Mar, el espacio elegido por el consistorio puntaumbrie\u00f1o, para mostrar nuestras obras.<\/p>\n\n\n\n<p>La inauguraci\u00f3n tendr\u00e1 lugar el pr\u00f3ximo lunes 1 de julio a las 20.00 horas.<\/p>\n\n\n\n<p>El cartel como los anteriores es obra de nuestra compa\u00f1era Carmen Torres Chaguaceda, con im\u00e1genes de tres de nuestros compa\u00f1eros, elegidas por sorteo. En esta ocasi\u00f3n, son las obras de Alicia Clerencia, Mar\u00eda Izquierdo y Salom\u00e9 \u00c1gueda.<\/p>\n\n\n\n<p>La exposici\u00f3n se podr\u00e1 visitar en horario de ma\u00f1ana de 09.00 a 14.00 horas y tarde de 17.00 a 21.00 horas de Lunes a Viernes<\/p>\n\n\n\n<p>Os esperamos.  <\/p>\n\n\n\n<figure class=\"wp-block-image size-large\"><a href=\"https:\/\/www.huelvaysusfotografos.com\/wp-content\/uploads\/2024\/06\/CARTEL-GREGUERIAS-PUNTA-UMBRIA.jpg\"><img loading=\"lazy\" decoding=\"async\" width=\"724\" height=\"1024\" src=\"https:\/\/www.huelvaysusfotografos.com\/wp-content\/uploads\/2024\/06\/CARTEL-GREGUERIAS-PUNTA-UMBRIA-724x1024.jpg\" alt=\"\" class=\"wp-image-14010\" srcset=\"https:\/\/www.huelvaysusfotografos.com\/wp-content\/uploads\/2024\/06\/CARTEL-GREGUERIAS-PUNTA-UMBRIA-724x1024.jpg 724w, https:\/\/www.huelvaysusfotografos.com\/wp-content\/uploads\/2024\/06\/CARTEL-GREGUERIAS-PUNTA-UMBRIA-212x300.jpg 212w, https:\/\/www.huelvaysusfotografos.com\/wp-content\/uploads\/2024\/06\/CARTEL-GREGUERIAS-PUNTA-UMBRIA-768x1086.jpg 768w, https:\/\/www.huelvaysusfotografos.com\/wp-content\/uploads\/2024\/06\/CARTEL-GREGUERIAS-PUNTA-UMBRIA-1086x1536.jpg 1086w, https:\/\/www.huelvaysusfotografos.com\/wp-content\/uploads\/2024\/06\/CARTEL-GREGUERIAS-PUNTA-UMBRIA.jpg 1414w\" sizes=\"auto, (max-width: 724px) 100vw, 724px\" \/><\/a><\/figure>\n","protected":false},"excerpt":{"rendered":"<p>Nuestra exposici\u00f3n colectiva de Greguer\u00edas que inauguramos el pasado mes de Enero en la Casa Col\u00f3n de Huelva, sigue recorriendo la provincia. Ya han podido ver nuestra exposici\u00f3n las localidades de San Bartolom\u00e9 de la Torre, Gibrale\u00f3n, Aljaraque y Ayamonte. La localidad costera de Punta Umbr\u00eda, albergar\u00e1 la pr\u00f3xima parada de esta exposici\u00f3n, que tantas alegr\u00edas nos est\u00e1 dando en su recorrido por la provincia. Ser\u00e1 la sala de exposiciones<\/p>\n<div class=\"belowpost\"><a class=\"btnmore\" href=\"https:\/\/www.huelvaysusfotografos.com\/?p=14008\">Seguir leyendo<\/a><\/div>\n","protected":false},"author":8279,"featured_media":14009,"comment_status":"open","ping_status":"open","sticky":false,"template":"","format":"standard","meta":{"footnotes":"","_links_to":"","_links_to_target":""},"categories":[23],"tags":[],"class_list":["post-14008","post","type-post","status-publish","format-standard","has-post-thumbnail","hentry","category-exposiciones"],"_links":{"self":[{"href":"https:\/\/www.huelvaysusfotografos.com\/index.php?rest_route=\/wp\/v2\/posts\/14008","targetHints":{"allow":["GET"]}}],"collection":[{"href":"https:\/\/www.huelvaysusfotografos.com\/index.php?rest_route=\/wp\/v2\/posts"}],"about":[{"href":"https:\/\/www.huelvaysusfotografos.com\/index.php?rest_route=\/wp\/v2\/types\/post"}],"author":[{"embeddable":true,"href":"https:\/\/www.huelvaysusfotografos.com\/index.php?rest_route=\/wp\/v2\/users\/8279"}],"replies":[{"embeddable":true,"href":"https:\/\/www.huelvaysusfotografos.com\/index.php?rest_route=%2Fwp%2Fv2%2Fcomments&post=14008"}],"version-history":[{"count":1,"href":"https:\/\/www.huelvaysusfotografos.com\/index.php?rest_route=\/wp\/v2\/posts\/14008\/revisions"}],"predecessor-version":[{"id":14011,"href":"https:\/\/www.huelvaysusfotografos.com\/index.php?rest_route=\/wp\/v2\/posts\/14008\/revisions\/14011"}],"wp:featuredmedia":[{"embeddable":true,"href":"https:\/\/www.huelvaysusfotografos.com\/index.php?rest_route=\/wp\/v2\/media\/14009"}],"wp:attachment":[{"href":"https:\/\/www.huelvaysusfotografos.com\/index.php?rest_route=%2Fwp%2Fv2%2Fmedia&parent=14008"}],"wp:term":[{"taxonomy":"category","embeddable":true,"href":"https:\/\/www.huelvaysusfotografos.com\/index.php?rest_route=%2Fwp%2Fv2%2Fcategories&post=14008"},{"taxonomy":"post_tag","embeddable":true,"href":"https:\/\/www.huelvaysusfotografos.com\/index.php?rest_route=%2Fwp%2Fv2%2Ftags&post=14008"}],"curies":[{"name":"wp","href":"https:\/\/api.w.org\/{rel}","templated":true}]}}