{"id":14005,"date":"2024-06-27T21:43:29","date_gmt":"2024-06-27T19:43:29","guid":{"rendered":"https:\/\/www.huelvaysusfotografos.com\/?p=14005"},"modified":"2024-06-27T21:43:31","modified_gmt":"2024-06-27T19:43:31","slug":"intensa-jornada-de-la-saca-de-las-yeguas","status":"publish","type":"post","link":"https:\/\/www.huelvaysusfotografos.com\/?p=14005","title":{"rendered":"Intensa jornada de la Saca de las Yeguas"},"content":{"rendered":"\n<p>Eran poco m\u00e1s de las 7.30 de la ma\u00f1ana, cuando llegamos al punto de encuentro en El Roc\u00edo, donde un nutrido grupo de socios nos congreg\u00e1bamos para vivir una intensa jornada de la Saca de las Yeguas.<\/p>\n\n\n\n<p>La&nbsp;<strong>Saca de las Yeguas<\/strong>&nbsp;es una tradici\u00f3n centenaria que se celebra en&nbsp;<a href=\"https:\/\/www.andalucia.org\/es\/almonte\" target=\"_blank\" rel=\"noreferrer noopener\">Almonte<\/a>, coincidiendo con la&nbsp;<strong>Feria San Pedro<\/strong>, fiesta patronal y antigua feria ganadera.<\/p>\n\n\n\n<p>En los d\u00edas previos a la fecha, los almonte\u00f1os se adentran en la marisma para recoger las yeguas y potrillos que pastan durante todo el a\u00f1o en las distintas zonas de Do\u00f1ana y agruparlos. La ma\u00f1ana del 26, todo el grupo recorre varias calles de la aldea de El Roc\u00edo, hasta llegar a la Ermita, donde es bendecido por el p\u00e1rroco. En este momento, la Asociaci\u00f3n de Ganado Marisme\u00f1o regala un potrillo a la Virgen del Roc\u00edo y sigue su camino para salir de la aldea y dirigirse hacia Almonte.<\/p>\n\n\n\n<p>Una vez llegados all\u00ed, los animales son encerrados para la limpieza, conocida como tuza, y el herraje de los potros para su futura venta. Los ejemplares que no son vendidos, ya preparados, son devueltos a la marisma.<\/p>\n\n\n\n<p>Varios puntos de encuentro ten\u00edamos preparados para captar los mejores momentos de la jornada, tanto en los aleda\u00f1os de la aldea, como en el recorrido por El Roc\u00edo, as\u00ed como en el lugar donde descansan para el sesteo, antes de partir hacia Almonte al recinto ferial. Un d\u00eda de agradable temperatura nos acompa\u00f1o en esta jornada inolvidable, donde tuvimos el momento de asueto a la hora del almuerzo, charlas y risas en torno a una mesa para degustar productos de la tierra. <\/p>\n\n\n\n<p>Gracias a tod@s y cada uno de los que formaron parte de esta quedada. Nos vemos en la Saca de las Yeguas de 2025.<\/p>\n","protected":false},"excerpt":{"rendered":"<p>Eran poco m\u00e1s de las 7.30 de la ma\u00f1ana, cuando llegamos al punto de encuentro en El Roc\u00edo, donde un nutrido grupo de socios nos congreg\u00e1bamos para vivir una intensa jornada de la Saca de las Yeguas. La&nbsp;Saca de las Yeguas&nbsp;es una tradici\u00f3n centenaria que se celebra en&nbsp;Almonte, coincidiendo con la&nbsp;Feria San Pedro, fiesta patronal y antigua feria ganadera. En los d\u00edas previos a la fecha, los almonte\u00f1os se adentran<\/p>\n<div class=\"belowpost\"><a class=\"btnmore\" href=\"https:\/\/www.huelvaysusfotografos.com\/?p=14005\">Seguir leyendo<\/a><\/div>\n","protected":false},"author":8279,"featured_media":14006,"comment_status":"open","ping_status":"open","sticky":false,"template":"","format":"standard","meta":{"footnotes":"","_links_to":"","_links_to_target":""},"categories":[4],"tags":[],"class_list":["post-14005","post","type-post","status-publish","format-standard","has-post-thumbnail","hentry","category-actividades"],"_links":{"self":[{"href":"https:\/\/www.huelvaysusfotografos.com\/index.php?rest_route=\/wp\/v2\/posts\/14005","targetHints":{"allow":["GET"]}}],"collection":[{"href":"https:\/\/www.huelvaysusfotografos.com\/index.php?rest_route=\/wp\/v2\/posts"}],"about":[{"href":"https:\/\/www.huelvaysusfotografos.com\/index.php?rest_route=\/wp\/v2\/types\/post"}],"author":[{"embeddable":true,"href":"https:\/\/www.huelvaysusfotografos.com\/index.php?rest_route=\/wp\/v2\/users\/8279"}],"replies":[{"embeddable":true,"href":"https:\/\/www.huelvaysusfotografos.com\/index.php?rest_route=%2Fwp%2Fv2%2Fcomments&post=14005"}],"version-history":[{"count":1,"href":"https:\/\/www.huelvaysusfotografos.com\/index.php?rest_route=\/wp\/v2\/posts\/14005\/revisions"}],"predecessor-version":[{"id":14007,"href":"https:\/\/www.huelvaysusfotografos.com\/index.php?rest_route=\/wp\/v2\/posts\/14005\/revisions\/14007"}],"wp:featuredmedia":[{"embeddable":true,"href":"https:\/\/www.huelvaysusfotografos.com\/index.php?rest_route=\/wp\/v2\/media\/14006"}],"wp:attachment":[{"href":"https:\/\/www.huelvaysusfotografos.com\/index.php?rest_route=%2Fwp%2Fv2%2Fmedia&parent=14005"}],"wp:term":[{"taxonomy":"category","embeddable":true,"href":"https:\/\/www.huelvaysusfotografos.com\/index.php?rest_route=%2Fwp%2Fv2%2Fcategories&post=14005"},{"taxonomy":"post_tag","embeddable":true,"href":"https:\/\/www.huelvaysusfotografos.com\/index.php?rest_route=%2Fwp%2Fv2%2Ftags&post=14005"}],"curies":[{"name":"wp","href":"https:\/\/api.w.org\/{rel}","templated":true}]}}