{"id":14001,"date":"2024-06-16T12:05:24","date_gmt":"2024-06-16T10:05:24","guid":{"rendered":"https:\/\/www.huelvaysusfotografos.com\/?p=14001"},"modified":"2024-06-16T12:05:26","modified_gmt":"2024-06-16T10:05:26","slug":"paseo-en-catamaran-por-marismas-del-odiel-3","status":"publish","type":"post","link":"https:\/\/www.huelvaysusfotografos.com\/?p=14001","title":{"rendered":"Paseo en Catamar\u00e1n por Marismas del Odiel"},"content":{"rendered":"\n<p>Nos vamos de paseo mar\u00edtimo, volvemos un a\u00f1o m\u00e1s a realizar una traves\u00eda n\u00e1utica gracias a la Autoridad Portuaria de Huelva, un paseo en Catamar\u00e1n por el R\u00edo Odiel y Marismas del Odiel, donde poder ver y disfrutar de los Parajes Naturales reserva de la Biosfera.<\/p>\n\n\n\n<p>Un paseo al atardecer para disfrutar de un paisaje espectacular y unos atardeceres \u00fanicos donde podremos dejar fluir nuestra imaginaci\u00f3n, c\u00e1mara en mano.<\/p>\n\n\n\n<p><strong>Evento<\/strong>.- Paseo en Catamar\u00e1n por R\u00edo Odiel y Marismas del Odiel.<\/p>\n\n\n\n<p><strong>D\u00eda.<\/strong>\u2013 \u00a0Viernes 28 de junio de 2024<\/p>\n\n\n\n<p><strong>Hora.<\/strong>\u2013 &nbsp;Salida a las 20.00 horas, llegada a las 22.00 horas.<\/p>\n\n\n\n<p><strong>Lugar de salida<\/strong>.- &nbsp;Muelle de Levante Comercial de Huelva (junto a Cervecer\u00eda Bonilla Puerto).<\/p>\n\n\n\n<p><strong>Normas<\/strong>.- debemos estar en el lugar de salida con media hora de antelaci\u00f3n para organizar la subida al catamar\u00e1n.<\/p>\n\n\n\n<p><strong><u>OBLIGACIONES.-<\/u><\/strong><\/p>\n\n\n\n<p>1.- El grupo se compromete a cumplir las normas establecidas por la empresa de transporte mar\u00edtimo.<\/p>\n\n\n\n<p>2.- Se proh\u00edbe fumar.&nbsp;&nbsp;&nbsp;&nbsp;&nbsp;&nbsp;&nbsp;&nbsp;&nbsp;&nbsp;&nbsp;&nbsp;&nbsp;&nbsp;&nbsp;&nbsp;<\/p>\n\n\n\n<p>3.- Se proh\u00edbe arrojar objetos o basuras por la borda.<\/p>\n\n\n\n<p>4.- Se comunicar\u00e1 cualquier incidencia durante la traves\u00eda a la tripulaci\u00f3n de la embarcaci\u00f3n.<\/p>\n\n\n\n<p>5.- Queda totalmente prohibido llevar bebidas, se podr\u00e1n comprar en el bar del catamar\u00e1n.<\/p>\n\n\n\n<p>6.- Si se podr\u00e1n llevar alimentos.<\/p>\n\n\n\n<p>Os recordamos que aquellos interesados en acudir a la traves\u00eda, deb\u00e9is enviar un correo a <a href=\"mailto:huelvaysf@gmail.com\">huelvaysf@gmail.com<\/a> con los datos personales de los asistentes al paseo.<\/p>\n\n\n\n<p>Foto del cartel por Antonio Asencio<\/p>\n\n\n\n<figure class=\"wp-block-image size-large\"><a href=\"https:\/\/www.huelvaysusfotografos.com\/wp-content\/uploads\/2024\/06\/cartel-paseo-en-Catamaran-2024-1.jpg\"><img loading=\"lazy\" decoding=\"async\" width=\"1024\" height=\"682\" src=\"https:\/\/www.huelvaysusfotografos.com\/wp-content\/uploads\/2024\/06\/cartel-paseo-en-Catamaran-2024-1-1024x682.jpg\" alt=\"\" class=\"wp-image-14003\" srcset=\"https:\/\/www.huelvaysusfotografos.com\/wp-content\/uploads\/2024\/06\/cartel-paseo-en-Catamaran-2024-1-1024x682.jpg 1024w, https:\/\/www.huelvaysusfotografos.com\/wp-content\/uploads\/2024\/06\/cartel-paseo-en-Catamaran-2024-1-300x200.jpg 300w, https:\/\/www.huelvaysusfotografos.com\/wp-content\/uploads\/2024\/06\/cartel-paseo-en-Catamaran-2024-1-768x512.jpg 768w, https:\/\/www.huelvaysusfotografos.com\/wp-content\/uploads\/2024\/06\/cartel-paseo-en-Catamaran-2024-1-1536x1023.jpg 1536w, https:\/\/www.huelvaysusfotografos.com\/wp-content\/uploads\/2024\/06\/cartel-paseo-en-Catamaran-2024-1.jpg 1600w\" sizes=\"auto, (max-width: 1024px) 100vw, 1024px\" \/><\/a><\/figure>\n","protected":false},"excerpt":{"rendered":"<p>Nos vamos de paseo mar\u00edtimo, volvemos un a\u00f1o m\u00e1s a realizar una traves\u00eda n\u00e1utica gracias a la Autoridad Portuaria de Huelva, un paseo en Catamar\u00e1n por el R\u00edo Odiel y Marismas del Odiel, donde poder ver y disfrutar de los Parajes Naturales reserva de la Biosfera. Un paseo al atardecer para disfrutar de un paisaje espectacular y unos atardeceres \u00fanicos donde podremos dejar fluir nuestra imaginaci\u00f3n, c\u00e1mara en mano. Evento.-<\/p>\n<div class=\"belowpost\"><a class=\"btnmore\" href=\"https:\/\/www.huelvaysusfotografos.com\/?p=14001\">Seguir leyendo<\/a><\/div>\n","protected":false},"author":8279,"featured_media":14002,"comment_status":"open","ping_status":"open","sticky":false,"template":"","format":"standard","meta":{"footnotes":"","_links_to":"","_links_to_target":""},"categories":[4],"tags":[],"class_list":["post-14001","post","type-post","status-publish","format-standard","has-post-thumbnail","hentry","category-actividades"],"_links":{"self":[{"href":"https:\/\/www.huelvaysusfotografos.com\/index.php?rest_route=\/wp\/v2\/posts\/14001","targetHints":{"allow":["GET"]}}],"collection":[{"href":"https:\/\/www.huelvaysusfotografos.com\/index.php?rest_route=\/wp\/v2\/posts"}],"about":[{"href":"https:\/\/www.huelvaysusfotografos.com\/index.php?rest_route=\/wp\/v2\/types\/post"}],"author":[{"embeddable":true,"href":"https:\/\/www.huelvaysusfotografos.com\/index.php?rest_route=\/wp\/v2\/users\/8279"}],"replies":[{"embeddable":true,"href":"https:\/\/www.huelvaysusfotografos.com\/index.php?rest_route=%2Fwp%2Fv2%2Fcomments&post=14001"}],"version-history":[{"count":1,"href":"https:\/\/www.huelvaysusfotografos.com\/index.php?rest_route=\/wp\/v2\/posts\/14001\/revisions"}],"predecessor-version":[{"id":14004,"href":"https:\/\/www.huelvaysusfotografos.com\/index.php?rest_route=\/wp\/v2\/posts\/14001\/revisions\/14004"}],"wp:featuredmedia":[{"embeddable":true,"href":"https:\/\/www.huelvaysusfotografos.com\/index.php?rest_route=\/wp\/v2\/media\/14002"}],"wp:attachment":[{"href":"https:\/\/www.huelvaysusfotografos.com\/index.php?rest_route=%2Fwp%2Fv2%2Fmedia&parent=14001"}],"wp:term":[{"taxonomy":"category","embeddable":true,"href":"https:\/\/www.huelvaysusfotografos.com\/index.php?rest_route=%2Fwp%2Fv2%2Fcategories&post=14001"},{"taxonomy":"post_tag","embeddable":true,"href":"https:\/\/www.huelvaysusfotografos.com\/index.php?rest_route=%2Fwp%2Fv2%2Ftags&post=14001"}],"curies":[{"name":"wp","href":"https:\/\/api.w.org\/{rel}","templated":true}]}}