{"id":13988,"date":"2024-06-03T20:35:08","date_gmt":"2024-06-03T18:35:08","guid":{"rendered":"https:\/\/www.huelvaysusfotografos.com\/?p=13988"},"modified":"2024-06-03T20:35:11","modified_gmt":"2024-06-03T18:35:11","slug":"alejandro-zalvide-se-alza-con-el-primer-premio-primavera-en-el-barrio-reina-victoria-el-legado-britanico","status":"publish","type":"post","link":"https:\/\/www.huelvaysusfotografos.com\/?p=13988","title":{"rendered":"Alejandro Zalvide se alza con el primer premio \u00abPrimavera en el Barrio Reina Victoria, el Legado Brit\u00e1nico\u00bb."},"content":{"rendered":"\n<p>Nuestro compa\u00f1ero Alejandro Zalvide se alza con el primer premio en la categor\u00eda de Fotograf\u00eda del I Concurso de arte en la Calle \u00bb Primavera en el Barrio Reina Victoria, el Legado Brit\u00e1nico\u00bb.<\/p>\n\n\n\n<p>La Escuela de Arte y Superior de Dise\u00f1o Le\u00f3n Ortega y la Asociaci\u00f3n de Vecinos Santa B\u00e1rbara del Barrio Reina Victoria convocaron este I Concurso de arte al aire libre abierto a toda la ciudadan\u00eda de Huelva.<\/p>\n\n\n\n<p>El Barrio Reina Victoria es un espacio pintoresco y colorido que ha servido de inspiraci\u00f3n a\u00f1o tras a\u00f1o a nuestro alumnado por su car\u00e1cter \u00fanico en nuestra ciudad. El objetivo de este concurso es poner en valor las artes pl\u00e1sticas, as\u00ed como dar a conocer la Escuela de Arte a la ciudad y acercar a los aficionados al arte a las disciplinas de comunicaci\u00f3n gr\u00e1fica que ofertamos.<\/p>\n\n\n\n<p>Por ello, durante los meses primaverales, vamos a aprovechar el buen tiempo y la explosi\u00f3n de color de las flores, sacando las aulas al aire libre, plasmando la singularidad y atractivo visual de sus calles.<\/p>\n\n\n\n<p><\/p>\n\n\n\n<figure class=\"wp-block-image size-large\"><a href=\"https:\/\/www.huelvaysusfotografos.com\/wp-content\/uploads\/2024\/06\/ZALVIDE-PREMIO-BARRIO-OBRERO.jpeg\"><img loading=\"lazy\" decoding=\"async\" width=\"771\" height=\"1024\" src=\"https:\/\/www.huelvaysusfotografos.com\/wp-content\/uploads\/2024\/06\/ZALVIDE-PREMIO-BARRIO-OBRERO-771x1024.jpeg\" alt=\"\" class=\"wp-image-13990\" srcset=\"https:\/\/www.huelvaysusfotografos.com\/wp-content\/uploads\/2024\/06\/ZALVIDE-PREMIO-BARRIO-OBRERO-771x1024.jpeg 771w, https:\/\/www.huelvaysusfotografos.com\/wp-content\/uploads\/2024\/06\/ZALVIDE-PREMIO-BARRIO-OBRERO-226x300.jpeg 226w, https:\/\/www.huelvaysusfotografos.com\/wp-content\/uploads\/2024\/06\/ZALVIDE-PREMIO-BARRIO-OBRERO-768x1020.jpeg 768w, https:\/\/www.huelvaysusfotografos.com\/wp-content\/uploads\/2024\/06\/ZALVIDE-PREMIO-BARRIO-OBRERO-1157x1536.jpeg 1157w, https:\/\/www.huelvaysusfotografos.com\/wp-content\/uploads\/2024\/06\/ZALVIDE-PREMIO-BARRIO-OBRERO.jpeg 1536w\" sizes=\"auto, (max-width: 771px) 100vw, 771px\" \/><\/a><\/figure>\n","protected":false},"excerpt":{"rendered":"<p>Nuestro compa\u00f1ero Alejandro Zalvide se alza con el primer premio en la categor\u00eda de Fotograf\u00eda del I Concurso de arte en la Calle \u00bb Primavera en el Barrio Reina Victoria, el Legado Brit\u00e1nico\u00bb. La Escuela de Arte y Superior de Dise\u00f1o Le\u00f3n Ortega y la Asociaci\u00f3n de Vecinos Santa B\u00e1rbara del Barrio Reina Victoria convocaron este I Concurso de arte al aire libre abierto a toda la ciudadan\u00eda de Huelva.<\/p>\n<div class=\"belowpost\"><a class=\"btnmore\" href=\"https:\/\/www.huelvaysusfotografos.com\/?p=13988\">Seguir leyendo<\/a><\/div>\n","protected":false},"author":8279,"featured_media":13989,"comment_status":"open","ping_status":"open","sticky":false,"template":"","format":"standard","meta":{"footnotes":"","_links_to":"","_links_to_target":""},"categories":[12],"tags":[],"class_list":["post-13988","post","type-post","status-publish","format-standard","has-post-thumbnail","hentry","category-concursos"],"_links":{"self":[{"href":"https:\/\/www.huelvaysusfotografos.com\/index.php?rest_route=\/wp\/v2\/posts\/13988","targetHints":{"allow":["GET"]}}],"collection":[{"href":"https:\/\/www.huelvaysusfotografos.com\/index.php?rest_route=\/wp\/v2\/posts"}],"about":[{"href":"https:\/\/www.huelvaysusfotografos.com\/index.php?rest_route=\/wp\/v2\/types\/post"}],"author":[{"embeddable":true,"href":"https:\/\/www.huelvaysusfotografos.com\/index.php?rest_route=\/wp\/v2\/users\/8279"}],"replies":[{"embeddable":true,"href":"https:\/\/www.huelvaysusfotografos.com\/index.php?rest_route=%2Fwp%2Fv2%2Fcomments&post=13988"}],"version-history":[{"count":1,"href":"https:\/\/www.huelvaysusfotografos.com\/index.php?rest_route=\/wp\/v2\/posts\/13988\/revisions"}],"predecessor-version":[{"id":13991,"href":"https:\/\/www.huelvaysusfotografos.com\/index.php?rest_route=\/wp\/v2\/posts\/13988\/revisions\/13991"}],"wp:featuredmedia":[{"embeddable":true,"href":"https:\/\/www.huelvaysusfotografos.com\/index.php?rest_route=\/wp\/v2\/media\/13989"}],"wp:attachment":[{"href":"https:\/\/www.huelvaysusfotografos.com\/index.php?rest_route=%2Fwp%2Fv2%2Fmedia&parent=13988"}],"wp:term":[{"taxonomy":"category","embeddable":true,"href":"https:\/\/www.huelvaysusfotografos.com\/index.php?rest_route=%2Fwp%2Fv2%2Fcategories&post=13988"},{"taxonomy":"post_tag","embeddable":true,"href":"https:\/\/www.huelvaysusfotografos.com\/index.php?rest_route=%2Fwp%2Fv2%2Ftags&post=13988"}],"curies":[{"name":"wp","href":"https:\/\/api.w.org\/{rel}","templated":true}]}}