{"id":13978,"date":"2024-05-29T17:49:52","date_gmt":"2024-05-29T15:49:52","guid":{"rendered":"https:\/\/www.huelvaysusfotografos.com\/?p=13978"},"modified":"2024-05-29T17:49:55","modified_gmt":"2024-05-29T15:49:55","slug":"fallados-los-premios-del-vi-concurso-de-semana-santa-2024","status":"publish","type":"post","link":"https:\/\/www.huelvaysusfotografos.com\/?p=13978","title":{"rendered":"Fallados los premios del VI Concurso de Semana Santa 2024."},"content":{"rendered":"\n<p>\u00abAnochecer Vera Cruz\u00bb ganadora del VI Concurso de Semana Santa 2024.<\/p>\n\n\n\n<p>Reunidos los miembros del jurado de la Federaci\u00f3n Andaluza de Fotograf\u00eda, definen los tres premios que otorgan la Asociaci\u00f3n Huelva y sus Fot\u00f3grafos.<\/p>\n\n\n\n<p>Siendo las 20.30 horas del martes 28 de mayo de 2024, se re\u00fanen los miembros del jurado de la FAF, Antonio Alc\u00e1zar Ojeda, Esteban D\u00edaz d\u00b4Azua y Jos\u00e9 Diez de los R\u00edos L\u00f3pez, para deliberar sobre las fotos presentadas por los socios de la Asociaci\u00f3n Huelva y sus Fot\u00f3grafos, en el VI Concurso de Semana Santa de Huelva y Provincia.<\/p>\n\n\n\n<p>En total se han presentado 30 obras por parte de los socios de HYSF.<\/p>\n\n\n\n<p>Tras la visi\u00f3n, valoraci\u00f3n y deliberaci\u00f3n de las obras presentadas se definen los siguientes premios.<\/p>\n\n\n\n<p><strong>Tercer premio<\/strong>\u00a0para la obra Titulada\u00a0<strong>\u201cCortejo\u201d<\/strong>\u00a0con 23 puntos de\u00a0<strong>Francisco J. Gil Salguero<\/strong><\/p>\n\n\n\n<p><strong>Segundo premio<\/strong>\u00a0para la obra Titulada\u00a0<strong>\u201cCapataz y Costalero\u201d<\/strong>\u00a0con 24.1 puntos de\u00a0<strong>David Guerra D\u00edaz<\/strong><\/p>\n\n\n\n<p><strong>Primer premio<\/strong>\u00a0para la obra Titulada\u00a0<strong>\u201cAnochecer Vera Cruz\u201d\u00a0<\/strong>con 24.2 puntos de\u00a0<strong>Pedro Ruiz-Constantino P\u00e9rez<\/strong><\/p>\n\n\n\n<p>El Jurado quiere destacar \u00ab<em>la calidad de las obras presentadas y dar la enhorabuena a los participantes por  una mirada diferente que hay que seguir potenciando\u201d.<\/em><\/p>\n\n\n\n<p>Gracias a todos los participantes<\/p>\n\n\n\n<p>Siendo las 21.42 horas del d\u00eda y fecha indicado damos por cerrada este acta.<\/p>\n\n\n\n<p>Enhorabuena a los premiados y gracias a tod@s por vuestra participaci\u00f3n.<\/p>\n\n\n\n<p>Los premios se entregar\u00e1n como en ediciones anteriores en nuestra Gala de los IV Premios Carrete.<\/p>\n\n\n\n<p class=\"has-text-align-center\"><strong>TERCER PREMIO<\/strong><\/p>\n\n\n\n<figure class=\"wp-block-image size-full is-resized\"><a href=\"https:\/\/www.huelvaysusfotografos.com\/wp-content\/uploads\/2024\/05\/AB-ESTUDIANTESPGIL-WEB.jpg\"><img loading=\"lazy\" decoding=\"async\" width=\"683\" height=\"1024\" src=\"https:\/\/www.huelvaysusfotografos.com\/wp-content\/uploads\/2024\/05\/AB-ESTUDIANTESPGIL-WEB.jpg\" alt=\"\" class=\"wp-image-13982\" style=\"width:840px;height:auto\" srcset=\"https:\/\/www.huelvaysusfotografos.com\/wp-content\/uploads\/2024\/05\/AB-ESTUDIANTESPGIL-WEB.jpg 683w, https:\/\/www.huelvaysusfotografos.com\/wp-content\/uploads\/2024\/05\/AB-ESTUDIANTESPGIL-WEB-200x300.jpg 200w\" sizes=\"auto, (max-width: 683px) 100vw, 683px\" \/><\/a><\/figure>\n\n\n\n<p class=\"has-text-align-center\"><strong>SEGUNDO PREMIO<\/strong><\/p>\n\n\n\n<figure class=\"wp-block-image size-full\"><a href=\"https:\/\/www.huelvaysusfotografos.com\/wp-content\/uploads\/2024\/05\/I-24jesusnazarenodguerra1-WEB.jpg\"><img loading=\"lazy\" decoding=\"async\" width=\"1024\" height=\"683\" src=\"https:\/\/www.huelvaysusfotografos.com\/wp-content\/uploads\/2024\/05\/I-24jesusnazarenodguerra1-WEB.jpg\" alt=\"\" class=\"wp-image-13983\" srcset=\"https:\/\/www.huelvaysusfotografos.com\/wp-content\/uploads\/2024\/05\/I-24jesusnazarenodguerra1-WEB.jpg 1024w, https:\/\/www.huelvaysusfotografos.com\/wp-content\/uploads\/2024\/05\/I-24jesusnazarenodguerra1-WEB-300x200.jpg 300w, https:\/\/www.huelvaysusfotografos.com\/wp-content\/uploads\/2024\/05\/I-24jesusnazarenodguerra1-WEB-768x512.jpg 768w\" sizes=\"auto, (max-width: 1024px) 100vw, 1024px\" \/><\/a><\/figure>\n\n\n\n<p class=\"has-text-align-center\"><strong>PRIMER PREMIO<\/strong><\/p>\n\n\n\n<figure class=\"wp-block-image size-full\"><a href=\"https:\/\/www.huelvaysusfotografos.com\/wp-content\/uploads\/2024\/05\/AE-01VeraCruzPedroRuiz-WEB.jpg\"><img loading=\"lazy\" decoding=\"async\" width=\"1024\" height=\"768\" src=\"https:\/\/www.huelvaysusfotografos.com\/wp-content\/uploads\/2024\/05\/AE-01VeraCruzPedroRuiz-WEB.jpg\" alt=\"\" class=\"wp-image-13984\" srcset=\"https:\/\/www.huelvaysusfotografos.com\/wp-content\/uploads\/2024\/05\/AE-01VeraCruzPedroRuiz-WEB.jpg 1024w, https:\/\/www.huelvaysusfotografos.com\/wp-content\/uploads\/2024\/05\/AE-01VeraCruzPedroRuiz-WEB-300x225.jpg 300w, https:\/\/www.huelvaysusfotografos.com\/wp-content\/uploads\/2024\/05\/AE-01VeraCruzPedroRuiz-WEB-768x576.jpg 768w\" sizes=\"auto, (max-width: 1024px) 100vw, 1024px\" \/><\/a><figcaption class=\"wp-element-caption\">OLYMPUS DIGITAL CAMERA<\/figcaption><\/figure>\n","protected":false},"excerpt":{"rendered":"<p>\u00abAnochecer Vera Cruz\u00bb ganadora del VI Concurso de Semana Santa 2024. Reunidos los miembros del jurado de la Federaci\u00f3n Andaluza de Fotograf\u00eda, definen los tres premios que otorgan la Asociaci\u00f3n Huelva y sus Fot\u00f3grafos. Siendo las 20.30 horas del martes 28 de mayo de 2024, se re\u00fanen los miembros del jurado de la FAF, Antonio Alc\u00e1zar Ojeda, Esteban D\u00edaz d\u00b4Azua y Jos\u00e9 Diez de los R\u00edos L\u00f3pez, para deliberar sobre<\/p>\n<div class=\"belowpost\"><a class=\"btnmore\" href=\"https:\/\/www.huelvaysusfotografos.com\/?p=13978\">Seguir leyendo<\/a><\/div>\n","protected":false},"author":8279,"featured_media":13985,"comment_status":"open","ping_status":"open","sticky":false,"template":"","format":"standard","meta":{"footnotes":"","_links_to":"","_links_to_target":""},"categories":[12],"tags":[],"class_list":["post-13978","post","type-post","status-publish","format-standard","has-post-thumbnail","hentry","category-concursos"],"_links":{"self":[{"href":"https:\/\/www.huelvaysusfotografos.com\/index.php?rest_route=\/wp\/v2\/posts\/13978","targetHints":{"allow":["GET"]}}],"collection":[{"href":"https:\/\/www.huelvaysusfotografos.com\/index.php?rest_route=\/wp\/v2\/posts"}],"about":[{"href":"https:\/\/www.huelvaysusfotografos.com\/index.php?rest_route=\/wp\/v2\/types\/post"}],"author":[{"embeddable":true,"href":"https:\/\/www.huelvaysusfotografos.com\/index.php?rest_route=\/wp\/v2\/users\/8279"}],"replies":[{"embeddable":true,"href":"https:\/\/www.huelvaysusfotografos.com\/index.php?rest_route=%2Fwp%2Fv2%2Fcomments&post=13978"}],"version-history":[{"count":1,"href":"https:\/\/www.huelvaysusfotografos.com\/index.php?rest_route=\/wp\/v2\/posts\/13978\/revisions"}],"predecessor-version":[{"id":13986,"href":"https:\/\/www.huelvaysusfotografos.com\/index.php?rest_route=\/wp\/v2\/posts\/13978\/revisions\/13986"}],"wp:featuredmedia":[{"embeddable":true,"href":"https:\/\/www.huelvaysusfotografos.com\/index.php?rest_route=\/wp\/v2\/media\/13985"}],"wp:attachment":[{"href":"https:\/\/www.huelvaysusfotografos.com\/index.php?rest_route=%2Fwp%2Fv2%2Fmedia&parent=13978"}],"wp:term":[{"taxonomy":"category","embeddable":true,"href":"https:\/\/www.huelvaysusfotografos.com\/index.php?rest_route=%2Fwp%2Fv2%2Fcategories&post=13978"},{"taxonomy":"post_tag","embeddable":true,"href":"https:\/\/www.huelvaysusfotografos.com\/index.php?rest_route=%2Fwp%2Fv2%2Ftags&post=13978"}],"curies":[{"name":"wp","href":"https:\/\/api.w.org\/{rel}","templated":true}]}}