{"id":13972,"date":"2024-05-28T12:17:00","date_gmt":"2024-05-28T10:17:00","guid":{"rendered":"https:\/\/www.huelvaysusfotografos.com\/?p=13972"},"modified":"2024-05-28T21:26:58","modified_gmt":"2024-05-28T19:26:58","slug":"fallados-los-premios-del-i-rally-fotografico-villa-de-higuera-de-la-sierra","status":"publish","type":"post","link":"https:\/\/www.huelvaysusfotografos.com\/?p=13972","title":{"rendered":"Fallados los premios del I Rally Fotogr\u00e1fico Villa de Higuera de la Sierra."},"content":{"rendered":"\n<p>PREMIOS RALLY FOTOGR\u00c1FICO VILLA DE HIGUERA DE LA SIERRA<\/p>\n\n\n\n<p>En el d\u00eda de ayer, se decidieron las fotograf\u00edas ganadoras del I Rally Fotogr\u00e1fico de <a href=\"https:\/\/www.facebook.com\/hashtag\/higueradelasierra?__eep__=6&amp;__cft__[0]=AZWdbLS7P-4LQS6Au81y4s5lP9ebzo4gYHylPaeW-59bn54-qIXXpEw1zOgC87dmgTq8nu2CTLo4mWM9ETnITTNrlnRRqIOQmanpCTp-ZHLxtxNJMVlK2jo4q_2ZIxvvzNNDV9rGxPW5KmGmmTXpS-gmwoMjDj9PhmxcqjdzRkZLuSkhNG1uGfDf1BlHgWfEM51Zd7lJ0o4KQ8rqrF481qXb&amp;__tn__=*NK-R\">#HigueradelaSierra<\/a> y sus paisajes.<\/p>\n\n\n\n<p>Vista la puntuaci\u00f3n de las fotograf\u00edas del I Rally Fotogr\u00e1fico Villa de Higuera de la Sierra, queremos hacer constancia de la siguiente clasificaci\u00f3n:<\/p>\n\n\n\n<p>1\u00ba Juan Antonio D\u00e1vila Viejo (Paraje Las Tobas)<\/p>\n\n\n\n<p>2\u00ba <a><\/a>Jos\u00e9 Luis Arizmendi Llanes (Ermita de San Antonio).<\/p>\n\n\n\n<p>3\u00ba Alberto Carillo L\u00f3pez (Pilar de las Tobas).<\/p>\n\n\n\n<p><img loading=\"lazy\" decoding=\"async\" height=\"16\" width=\"16\" src=\"https:\/\/static.xx.fbcdn.net\/images\/emoji.php\/v9\/t5d\/1\/16\/1f4f7.png\" alt=\"\ud83d\udcf7\"> Las dem\u00e1s fotograf\u00edas ser\u00e1 expuestas en unos d\u00edas para que ve\u00e1is algunas de ellas.<\/p>\n\n\n\n<p>A los dem\u00e1s participantes le agradecemos su participaci\u00f3n y su buen hacer. No ganar no significa que no sean buenas, al rev\u00e9s, hay fotograf\u00edas extraordinarias y seg\u00fan la puntuaci\u00f3n estas han sido las seleccionadas. Les esperamos la pr\u00f3xima edici\u00f3n.<\/p>\n\n\n\n<p>Mario Dom\u00ednguez S\u00e1nchez<br>Alcalde &#8211; Presidente de Higuera de la Sierra<\/p>\n\n\n\n<figure class=\"wp-block-gallery has-nested-images columns-default is-cropped wp-block-gallery-1 is-layout-flex wp-block-gallery-is-layout-flex\">\n<figure class=\"wp-block-image size-large\"><a href=\"https:\/\/www.huelvaysusfotografos.com\/wp-content\/uploads\/2024\/05\/1-PREMIO-JUAN-ANTONIO-DAVILA-1.jpg\"><img loading=\"lazy\" decoding=\"async\" width=\"1024\" height=\"683\" data-id=\"13974\" src=\"https:\/\/www.huelvaysusfotografos.com\/wp-content\/uploads\/2024\/05\/1-PREMIO-JUAN-ANTONIO-DAVILA-1-1024x683.jpg\" alt=\"\" class=\"wp-image-13974\" srcset=\"https:\/\/www.huelvaysusfotografos.com\/wp-content\/uploads\/2024\/05\/1-PREMIO-JUAN-ANTONIO-DAVILA-1-1024x683.jpg 1024w, https:\/\/www.huelvaysusfotografos.com\/wp-content\/uploads\/2024\/05\/1-PREMIO-JUAN-ANTONIO-DAVILA-1-300x200.jpg 300w, https:\/\/www.huelvaysusfotografos.com\/wp-content\/uploads\/2024\/05\/1-PREMIO-JUAN-ANTONIO-DAVILA-1-768x512.jpg 768w, https:\/\/www.huelvaysusfotografos.com\/wp-content\/uploads\/2024\/05\/1-PREMIO-JUAN-ANTONIO-DAVILA-1.jpg 1179w\" sizes=\"auto, (max-width: 1024px) 100vw, 1024px\" \/><\/a><\/figure>\n\n\n\n<figure class=\"wp-block-image size-large\"><a href=\"https:\/\/www.huelvaysusfotografos.com\/wp-content\/uploads\/2024\/05\/2-PREMIO-JOSE-LUIS-ARIZMENDI-LLANES.jpg\"><img loading=\"lazy\" decoding=\"async\" width=\"684\" height=\"1024\" data-id=\"13975\" src=\"https:\/\/www.huelvaysusfotografos.com\/wp-content\/uploads\/2024\/05\/2-PREMIO-JOSE-LUIS-ARIZMENDI-LLANES-684x1024.jpg\" alt=\"\" class=\"wp-image-13975\" srcset=\"https:\/\/www.huelvaysusfotografos.com\/wp-content\/uploads\/2024\/05\/2-PREMIO-JOSE-LUIS-ARIZMENDI-LLANES-684x1024.jpg 684w, https:\/\/www.huelvaysusfotografos.com\/wp-content\/uploads\/2024\/05\/2-PREMIO-JOSE-LUIS-ARIZMENDI-LLANES-200x300.jpg 200w, https:\/\/www.huelvaysusfotografos.com\/wp-content\/uploads\/2024\/05\/2-PREMIO-JOSE-LUIS-ARIZMENDI-LLANES-768x1150.jpg 768w, https:\/\/www.huelvaysusfotografos.com\/wp-content\/uploads\/2024\/05\/2-PREMIO-JOSE-LUIS-ARIZMENDI-LLANES-1026x1536.jpg 1026w, https:\/\/www.huelvaysusfotografos.com\/wp-content\/uploads\/2024\/05\/2-PREMIO-JOSE-LUIS-ARIZMENDI-LLANES.jpg 1368w\" sizes=\"auto, (max-width: 684px) 100vw, 684px\" \/><\/a><\/figure>\n\n\n\n<figure class=\"wp-block-image size-large\"><a href=\"https:\/\/www.huelvaysusfotografos.com\/wp-content\/uploads\/2024\/05\/3-PREMIO-ALBERTOCARRILLO.jpg\"><img loading=\"lazy\" decoding=\"async\" width=\"1024\" height=\"768\" data-id=\"13976\" src=\"https:\/\/www.huelvaysusfotografos.com\/wp-content\/uploads\/2024\/05\/3-PREMIO-ALBERTOCARRILLO.jpg\" alt=\"\" class=\"wp-image-13976\" srcset=\"https:\/\/www.huelvaysusfotografos.com\/wp-content\/uploads\/2024\/05\/3-PREMIO-ALBERTOCARRILLO.jpg 1024w, https:\/\/www.huelvaysusfotografos.com\/wp-content\/uploads\/2024\/05\/3-PREMIO-ALBERTOCARRILLO-300x225.jpg 300w, https:\/\/www.huelvaysusfotografos.com\/wp-content\/uploads\/2024\/05\/3-PREMIO-ALBERTOCARRILLO-768x576.jpg 768w\" sizes=\"auto, (max-width: 1024px) 100vw, 1024px\" \/><\/a><figcaption class=\"wp-element-caption\">OLYMPUS DIGITAL CAMERA<\/figcaption><\/figure>\n<\/figure>\n","protected":false},"excerpt":{"rendered":"<p>PREMIOS RALLY FOTOGR\u00c1FICO VILLA DE HIGUERA DE LA SIERRA En el d\u00eda de ayer, se decidieron las fotograf\u00edas ganadoras del I Rally Fotogr\u00e1fico de #HigueradelaSierra y sus paisajes. Vista la puntuaci\u00f3n de las fotograf\u00edas del I Rally Fotogr\u00e1fico Villa de Higuera de la Sierra, queremos hacer constancia de la siguiente clasificaci\u00f3n: 1\u00ba Juan Antonio D\u00e1vila Viejo (Paraje Las Tobas) 2\u00ba Jos\u00e9 Luis Arizmendi Llanes (Ermita de San Antonio). 3\u00ba Alberto<\/p>\n<div class=\"belowpost\"><a class=\"btnmore\" href=\"https:\/\/www.huelvaysusfotografos.com\/?p=13972\">Seguir leyendo<\/a><\/div>\n","protected":false},"author":8279,"featured_media":13973,"comment_status":"open","ping_status":"open","sticky":false,"template":"","format":"standard","meta":{"footnotes":"","_links_to":"","_links_to_target":""},"categories":[12],"tags":[],"class_list":["post-13972","post","type-post","status-publish","format-standard","has-post-thumbnail","hentry","category-concursos"],"_links":{"self":[{"href":"https:\/\/www.huelvaysusfotografos.com\/index.php?rest_route=\/wp\/v2\/posts\/13972","targetHints":{"allow":["GET"]}}],"collection":[{"href":"https:\/\/www.huelvaysusfotografos.com\/index.php?rest_route=\/wp\/v2\/posts"}],"about":[{"href":"https:\/\/www.huelvaysusfotografos.com\/index.php?rest_route=\/wp\/v2\/types\/post"}],"author":[{"embeddable":true,"href":"https:\/\/www.huelvaysusfotografos.com\/index.php?rest_route=\/wp\/v2\/users\/8279"}],"replies":[{"embeddable":true,"href":"https:\/\/www.huelvaysusfotografos.com\/index.php?rest_route=%2Fwp%2Fv2%2Fcomments&post=13972"}],"version-history":[{"count":1,"href":"https:\/\/www.huelvaysusfotografos.com\/index.php?rest_route=\/wp\/v2\/posts\/13972\/revisions"}],"predecessor-version":[{"id":13977,"href":"https:\/\/www.huelvaysusfotografos.com\/index.php?rest_route=\/wp\/v2\/posts\/13972\/revisions\/13977"}],"wp:featuredmedia":[{"embeddable":true,"href":"https:\/\/www.huelvaysusfotografos.com\/index.php?rest_route=\/wp\/v2\/media\/13973"}],"wp:attachment":[{"href":"https:\/\/www.huelvaysusfotografos.com\/index.php?rest_route=%2Fwp%2Fv2%2Fmedia&parent=13972"}],"wp:term":[{"taxonomy":"category","embeddable":true,"href":"https:\/\/www.huelvaysusfotografos.com\/index.php?rest_route=%2Fwp%2Fv2%2Fcategories&post=13972"},{"taxonomy":"post_tag","embeddable":true,"href":"https:\/\/www.huelvaysusfotografos.com\/index.php?rest_route=%2Fwp%2Fv2%2Ftags&post=13972"}],"curies":[{"name":"wp","href":"https:\/\/api.w.org\/{rel}","templated":true}]}}