{"id":13960,"date":"2024-05-13T00:12:44","date_gmt":"2024-05-12T22:12:44","guid":{"rendered":"https:\/\/www.huelvaysusfotografos.com\/?p=13960"},"modified":"2024-05-13T00:12:47","modified_gmt":"2024-05-12T22:12:47","slug":"higuera-de-la-sierra-nos-acogio-con-los-brazos-abiertos","status":"publish","type":"post","link":"https:\/\/www.huelvaysusfotografos.com\/?p=13960","title":{"rendered":"Higuera de la Sierra nos acogi\u00f3 con los brazos abiertos."},"content":{"rendered":"\n<p>La jornada del pasado s\u00e1bado 11 de mayo, nos desplaz\u00e1bamos a la localidad serrana de Higuera de la Sierra, enclavada en plena Sierra de Aracena y Picos de Aroche.<\/p>\n\n\n\n<p>Un Rally fotogr\u00e1fico organizado por la Villa de Higuera de la Sierra, era la propuesta para nuestra visita, en una jornada para enmarcar. <\/p>\n\n\n\n<figure class=\"wp-block-image size-large\"><a href=\"https:\/\/www.huelvaysusfotografos.com\/wp-content\/uploads\/2024\/05\/fotos-grupo-Rally-Higuera-1.jpg\"><img loading=\"lazy\" decoding=\"async\" width=\"1024\" height=\"682\" src=\"https:\/\/www.huelvaysusfotografos.com\/wp-content\/uploads\/2024\/05\/fotos-grupo-Rally-Higuera-1-1024x682.jpg\" alt=\"\" class=\"wp-image-13962\" srcset=\"https:\/\/www.huelvaysusfotografos.com\/wp-content\/uploads\/2024\/05\/fotos-grupo-Rally-Higuera-1-1024x682.jpg 1024w, https:\/\/www.huelvaysusfotografos.com\/wp-content\/uploads\/2024\/05\/fotos-grupo-Rally-Higuera-1-300x200.jpg 300w, https:\/\/www.huelvaysusfotografos.com\/wp-content\/uploads\/2024\/05\/fotos-grupo-Rally-Higuera-1-768x512.jpg 768w, https:\/\/www.huelvaysusfotografos.com\/wp-content\/uploads\/2024\/05\/fotos-grupo-Rally-Higuera-1-1536x1023.jpg 1536w, https:\/\/www.huelvaysusfotografos.com\/wp-content\/uploads\/2024\/05\/fotos-grupo-Rally-Higuera-1.jpg 1600w\" sizes=\"auto, (max-width: 1024px) 100vw, 1024px\" \/><\/a><\/figure>\n\n\n\n<p>De la mano de su alcalde <strong>Mario Dom\u00ednguez S\u00e1nchez<\/strong> y parte de su equipo de gobierno con  <strong>Manuel Jes\u00fas Dom\u00ednguez Bernal<\/strong>, 2\u00ba Teniente de alcalde | Concejal\u00eda de Empleo, Agricultura y Ganader\u00eda, Festejos y Juventud y <strong>Francisco Su\u00e1rez Guerra<\/strong>, Concejal\u00eda de Cultura y Patrimonio, Hacienda y Urbanismo.<\/p>\n\n\n\n<p>Gracias a la generosidad de su alcalde y el equipo de gobierno, que nos recibi\u00f3 en el consistorio serrano, para darnos la bienvenida a la localidad, como punto de partida de nuestra ruta por la poblaci\u00f3n, donde es todo momento fuimos atendidos por el propio alcalde y sus concejales, ense\u00f1\u00e1ndonos enclaves, parajes y lugares singulares de esta Villa de Higuera de la Sierra, donde pronto estaremos organizando otra actividad.<\/p>\n\n\n\n<p>Tras la jornada matinal donde hicimos un amplio recorrido y un sin fin de fotos para ilustrar la jornada, nuestros pasos nos llevaron a la Santa Iglesia Parroquial donde ten\u00eda lugar las tradicionales misas de comuni\u00f3n. Y para nuestra sorpresa presid\u00eda el altar mayor la Virgen del Prado, algo que no es habitual.<\/p>\n\n\n\n<p>Un respiro para el descanso antes de almuerzo que nos ten\u00edan preparados en el ruedo de su centenaria plaza de toros, donde nos esperaban productos t\u00edpicos de la zona y una m\u00e1s que generosa paella, preparada por un t\u00edpico valenciano de Alcoy, que estaba buen\u00edsima, como manifestaron los asistentes.<\/p>\n\n\n\n<p>La jornada vespertina llev\u00f3 nuestros pasos a la piscina municipal para unos minutos de descanso y refrescarnos, antes de dirigir nuestros pasos a la reconocida destiler\u00eda y museo de Martes Santo, donde nos ofrecieron a degustar la amplia variedad de licores y destilados con los que cuenta la famosa marca. <\/p>\n\n\n\n<p>Queremos trasladar nuestro agradecimiento m\u00e1s sincero a su alcalde y concejales, por la atenci\u00f3n que nos dispensaron durante toda la jornada y amenazamos con volver con otras actividades. <\/p>\n","protected":false},"excerpt":{"rendered":"<p>La jornada del pasado s\u00e1bado 11 de mayo, nos desplaz\u00e1bamos a la localidad serrana de Higuera de la Sierra, enclavada en plena Sierra de Aracena y Picos de Aroche. Un Rally fotogr\u00e1fico organizado por la Villa de Higuera de la Sierra, era la propuesta para nuestra visita, en una jornada para enmarcar. De la mano de su alcalde Mario Dom\u00ednguez S\u00e1nchez y parte de su equipo de gobierno con Manuel<\/p>\n<div class=\"belowpost\"><a class=\"btnmore\" href=\"https:\/\/www.huelvaysusfotografos.com\/?p=13960\">Seguir leyendo<\/a><\/div>\n","protected":false},"author":8279,"featured_media":13961,"comment_status":"open","ping_status":"open","sticky":false,"template":"","format":"standard","meta":{"footnotes":"","_links_to":"","_links_to_target":""},"categories":[12],"tags":[],"class_list":["post-13960","post","type-post","status-publish","format-standard","has-post-thumbnail","hentry","category-concursos"],"_links":{"self":[{"href":"https:\/\/www.huelvaysusfotografos.com\/index.php?rest_route=\/wp\/v2\/posts\/13960","targetHints":{"allow":["GET"]}}],"collection":[{"href":"https:\/\/www.huelvaysusfotografos.com\/index.php?rest_route=\/wp\/v2\/posts"}],"about":[{"href":"https:\/\/www.huelvaysusfotografos.com\/index.php?rest_route=\/wp\/v2\/types\/post"}],"author":[{"embeddable":true,"href":"https:\/\/www.huelvaysusfotografos.com\/index.php?rest_route=\/wp\/v2\/users\/8279"}],"replies":[{"embeddable":true,"href":"https:\/\/www.huelvaysusfotografos.com\/index.php?rest_route=%2Fwp%2Fv2%2Fcomments&post=13960"}],"version-history":[{"count":1,"href":"https:\/\/www.huelvaysusfotografos.com\/index.php?rest_route=\/wp\/v2\/posts\/13960\/revisions"}],"predecessor-version":[{"id":13963,"href":"https:\/\/www.huelvaysusfotografos.com\/index.php?rest_route=\/wp\/v2\/posts\/13960\/revisions\/13963"}],"wp:featuredmedia":[{"embeddable":true,"href":"https:\/\/www.huelvaysusfotografos.com\/index.php?rest_route=\/wp\/v2\/media\/13961"}],"wp:attachment":[{"href":"https:\/\/www.huelvaysusfotografos.com\/index.php?rest_route=%2Fwp%2Fv2%2Fmedia&parent=13960"}],"wp:term":[{"taxonomy":"category","embeddable":true,"href":"https:\/\/www.huelvaysusfotografos.com\/index.php?rest_route=%2Fwp%2Fv2%2Fcategories&post=13960"},{"taxonomy":"post_tag","embeddable":true,"href":"https:\/\/www.huelvaysusfotografos.com\/index.php?rest_route=%2Fwp%2Fv2%2Ftags&post=13960"}],"curies":[{"name":"wp","href":"https:\/\/api.w.org\/{rel}","templated":true}]}}