{"id":13941,"date":"2024-05-02T23:39:34","date_gmt":"2024-05-02T21:39:34","guid":{"rendered":"https:\/\/www.huelvaysusfotografos.com\/?p=13941"},"modified":"2024-05-02T23:39:36","modified_gmt":"2024-05-02T21:39:36","slug":"inaugurada-en-bellavista-la-exposicion-colectiva-de-greguerias","status":"publish","type":"post","link":"https:\/\/www.huelvaysusfotografos.com\/?p=13941","title":{"rendered":"Inaugurada en Bellavista, la exposici\u00f3n colectiva de \u00abGreguer\u00edas\u00bb."},"content":{"rendered":"\n<p>En la tarde de hoy 2 de mayo, se inauguraba la exposici\u00f3n colectiva de \u00abGreguer\u00edas\u00bb, en su periplo por la provincia de Huelva.<\/p>\n\n\n\n<p>Casi una treintena de obras de la <strong>exposici\u00f3n &#8216;Greguer\u00edas&#8217;,<\/strong> de la asociaci\u00f3n <strong>Huelva y sus Fot\u00f3grafos<\/strong>, <strong>permanecer\u00e1n hasta el 30 de mayo en el edificio municipal de Bellavista.<\/strong> La concejala de Cultura del consistorio aljaraque\u00f1o, <strong>Ana Mora<\/strong>, y el presidente de la asociaci\u00f3n, <strong>Jos\u00e9 Luis Arizmendi<\/strong>, han inaugurado este jueves esta especial muestra inspirada en el vanguardista g\u00e9nero literario creado por Ram\u00f3n G\u00f3mez de la Serna.<\/p>\n\n\n\n<p><strong>Mora ha destacado<\/strong> \u00ab<em>el honor que es para Aljaraque volver a acoger a Huelva y sus Fot\u00f3grafos y una iniciativa as\u00ed, tan innovadora, por lo que animamos a todos nuestros vecinos a que la visiten y les damos las gracias a la entidad por colmarnos de im\u00e1genes bellas y repletas de imaginaci\u00f3n\u00bb<\/em>. <strong>Arizmendi<\/strong>, asimismo, ha destacado que <em>\u00abes un placer que Aljaraque siempre nos abra sus puertas cada vez que llamamos a ellas. Con esta exposici\u00f3n pretendemos que el espectador sea capaz de reflexionar visualizar, con los textos y las fotograf\u00edas, lo que los autores han querido transmitir\u00bb.<\/em><\/p>\n\n\n\n<figure class=\"wp-block-gallery has-nested-images columns-default is-cropped wp-block-gallery-1 is-layout-flex wp-block-gallery-is-layout-flex\">\n<figure class=\"wp-block-image size-large\"><a href=\"https:\/\/www.huelvaysusfotografos.com\/wp-content\/uploads\/2024\/05\/1-2.jpg\"><img loading=\"lazy\" decoding=\"async\" width=\"1024\" height=\"485\" data-id=\"13943\" src=\"https:\/\/www.huelvaysusfotografos.com\/wp-content\/uploads\/2024\/05\/1-2-1024x485.jpg\" alt=\"\" class=\"wp-image-13943\" srcset=\"https:\/\/www.huelvaysusfotografos.com\/wp-content\/uploads\/2024\/05\/1-2-1024x485.jpg 1024w, https:\/\/www.huelvaysusfotografos.com\/wp-content\/uploads\/2024\/05\/1-2-300x142.jpg 300w, https:\/\/www.huelvaysusfotografos.com\/wp-content\/uploads\/2024\/05\/1-2-768x363.jpg 768w, https:\/\/www.huelvaysusfotografos.com\/wp-content\/uploads\/2024\/05\/1-2-1536x727.jpg 1536w, https:\/\/www.huelvaysusfotografos.com\/wp-content\/uploads\/2024\/05\/1-2.jpg 2016w\" sizes=\"auto, (max-width: 1024px) 100vw, 1024px\" \/><\/a><\/figure>\n\n\n\n<figure class=\"wp-block-image size-large\"><a href=\"https:\/\/www.huelvaysusfotografos.com\/wp-content\/uploads\/2024\/05\/2-2.jpg\"><img loading=\"lazy\" decoding=\"async\" width=\"1024\" height=\"576\" data-id=\"13944\" src=\"https:\/\/www.huelvaysusfotografos.com\/wp-content\/uploads\/2024\/05\/2-2-1024x576.jpg\" alt=\"\" class=\"wp-image-13944\" srcset=\"https:\/\/www.huelvaysusfotografos.com\/wp-content\/uploads\/2024\/05\/2-2-1024x576.jpg 1024w, https:\/\/www.huelvaysusfotografos.com\/wp-content\/uploads\/2024\/05\/2-2-300x169.jpg 300w, https:\/\/www.huelvaysusfotografos.com\/wp-content\/uploads\/2024\/05\/2-2-768x432.jpg 768w, https:\/\/www.huelvaysusfotografos.com\/wp-content\/uploads\/2024\/05\/2-2-620x350.jpg 620w, https:\/\/www.huelvaysusfotografos.com\/wp-content\/uploads\/2024\/05\/2-2.jpg 1440w\" sizes=\"auto, (max-width: 1024px) 100vw, 1024px\" \/><\/a><\/figure>\n\n\n\n<figure class=\"wp-block-image size-large\"><a href=\"https:\/\/www.huelvaysusfotografos.com\/wp-content\/uploads\/2024\/05\/3-2.jpg\"><img loading=\"lazy\" decoding=\"async\" width=\"1024\" height=\"576\" data-id=\"13947\" src=\"https:\/\/www.huelvaysusfotografos.com\/wp-content\/uploads\/2024\/05\/3-2-1024x576.jpg\" alt=\"\" class=\"wp-image-13947\" srcset=\"https:\/\/www.huelvaysusfotografos.com\/wp-content\/uploads\/2024\/05\/3-2-1024x576.jpg 1024w, https:\/\/www.huelvaysusfotografos.com\/wp-content\/uploads\/2024\/05\/3-2-300x169.jpg 300w, https:\/\/www.huelvaysusfotografos.com\/wp-content\/uploads\/2024\/05\/3-2-768x432.jpg 768w, https:\/\/www.huelvaysusfotografos.com\/wp-content\/uploads\/2024\/05\/3-2-620x350.jpg 620w, https:\/\/www.huelvaysusfotografos.com\/wp-content\/uploads\/2024\/05\/3-2.jpg 1440w\" sizes=\"auto, (max-width: 1024px) 100vw, 1024px\" \/><\/a><\/figure>\n\n\n\n<figure class=\"wp-block-image size-large\"><a href=\"https:\/\/www.huelvaysusfotografos.com\/wp-content\/uploads\/2024\/05\/4-2.jpg\"><img loading=\"lazy\" decoding=\"async\" width=\"1024\" height=\"636\" data-id=\"13946\" src=\"https:\/\/www.huelvaysusfotografos.com\/wp-content\/uploads\/2024\/05\/4-2-1024x636.jpg\" alt=\"\" class=\"wp-image-13946\" srcset=\"https:\/\/www.huelvaysusfotografos.com\/wp-content\/uploads\/2024\/05\/4-2-1024x636.jpg 1024w, https:\/\/www.huelvaysusfotografos.com\/wp-content\/uploads\/2024\/05\/4-2-300x186.jpg 300w, https:\/\/www.huelvaysusfotografos.com\/wp-content\/uploads\/2024\/05\/4-2-768x477.jpg 768w, https:\/\/www.huelvaysusfotografos.com\/wp-content\/uploads\/2024\/05\/4-2.jpg 1440w\" sizes=\"auto, (max-width: 1024px) 100vw, 1024px\" \/><\/a><\/figure>\n\n\n\n<figure class=\"wp-block-image size-large\"><a href=\"https:\/\/www.huelvaysusfotografos.com\/wp-content\/uploads\/2024\/05\/5-2.jpg\"><img loading=\"lazy\" decoding=\"async\" width=\"1024\" height=\"576\" data-id=\"13945\" src=\"https:\/\/www.huelvaysusfotografos.com\/wp-content\/uploads\/2024\/05\/5-2-1024x576.jpg\" alt=\"\" class=\"wp-image-13945\" srcset=\"https:\/\/www.huelvaysusfotografos.com\/wp-content\/uploads\/2024\/05\/5-2-1024x576.jpg 1024w, https:\/\/www.huelvaysusfotografos.com\/wp-content\/uploads\/2024\/05\/5-2-300x169.jpg 300w, https:\/\/www.huelvaysusfotografos.com\/wp-content\/uploads\/2024\/05\/5-2-768x432.jpg 768w, https:\/\/www.huelvaysusfotografos.com\/wp-content\/uploads\/2024\/05\/5-2-620x350.jpg 620w, https:\/\/www.huelvaysusfotografos.com\/wp-content\/uploads\/2024\/05\/5-2.jpg 1440w\" sizes=\"auto, (max-width: 1024px) 100vw, 1024px\" \/><\/a><\/figure>\n\n\n\n<figure class=\"wp-block-image size-large\"><a href=\"https:\/\/www.huelvaysusfotografos.com\/wp-content\/uploads\/2024\/05\/6-2.jpg\"><img loading=\"lazy\" decoding=\"async\" width=\"1024\" height=\"576\" data-id=\"13948\" src=\"https:\/\/www.huelvaysusfotografos.com\/wp-content\/uploads\/2024\/05\/6-2-1024x576.jpg\" alt=\"\" class=\"wp-image-13948\" srcset=\"https:\/\/www.huelvaysusfotografos.com\/wp-content\/uploads\/2024\/05\/6-2-1024x576.jpg 1024w, https:\/\/www.huelvaysusfotografos.com\/wp-content\/uploads\/2024\/05\/6-2-300x169.jpg 300w, https:\/\/www.huelvaysusfotografos.com\/wp-content\/uploads\/2024\/05\/6-2-768x432.jpg 768w, https:\/\/www.huelvaysusfotografos.com\/wp-content\/uploads\/2024\/05\/6-2-620x350.jpg 620w, https:\/\/www.huelvaysusfotografos.com\/wp-content\/uploads\/2024\/05\/6-2.jpg 1440w\" sizes=\"auto, (max-width: 1024px) 100vw, 1024px\" \/><\/a><\/figure>\n\n\n\n<figure class=\"wp-block-image size-large\"><a href=\"https:\/\/www.huelvaysusfotografos.com\/wp-content\/uploads\/2024\/05\/7-2.jpg\"><img loading=\"lazy\" decoding=\"async\" width=\"1024\" height=\"695\" data-id=\"13949\" src=\"https:\/\/www.huelvaysusfotografos.com\/wp-content\/uploads\/2024\/05\/7-2-1024x695.jpg\" alt=\"\" class=\"wp-image-13949\" srcset=\"https:\/\/www.huelvaysusfotografos.com\/wp-content\/uploads\/2024\/05\/7-2-1024x695.jpg 1024w, https:\/\/www.huelvaysusfotografos.com\/wp-content\/uploads\/2024\/05\/7-2-300x204.jpg 300w, https:\/\/www.huelvaysusfotografos.com\/wp-content\/uploads\/2024\/05\/7-2-768x521.jpg 768w, https:\/\/www.huelvaysusfotografos.com\/wp-content\/uploads\/2024\/05\/7-2.jpg 1440w\" sizes=\"auto, (max-width: 1024px) 100vw, 1024px\" \/><\/a><\/figure>\n\n\n\n<figure class=\"wp-block-image size-large\"><a href=\"https:\/\/www.huelvaysusfotografos.com\/wp-content\/uploads\/2024\/05\/8-1.jpg\"><img loading=\"lazy\" decoding=\"async\" width=\"1024\" height=\"578\" data-id=\"13950\" src=\"https:\/\/www.huelvaysusfotografos.com\/wp-content\/uploads\/2024\/05\/8-1-1024x578.jpg\" alt=\"\" class=\"wp-image-13950\" srcset=\"https:\/\/www.huelvaysusfotografos.com\/wp-content\/uploads\/2024\/05\/8-1-1024x578.jpg 1024w, https:\/\/www.huelvaysusfotografos.com\/wp-content\/uploads\/2024\/05\/8-1-300x169.jpg 300w, https:\/\/www.huelvaysusfotografos.com\/wp-content\/uploads\/2024\/05\/8-1-768x434.jpg 768w, https:\/\/www.huelvaysusfotografos.com\/wp-content\/uploads\/2024\/05\/8-1-620x350.jpg 620w, https:\/\/www.huelvaysusfotografos.com\/wp-content\/uploads\/2024\/05\/8-1.jpg 1440w\" sizes=\"auto, (max-width: 1024px) 100vw, 1024px\" \/><\/a><\/figure>\n<\/figure>\n","protected":false},"excerpt":{"rendered":"<p>En la tarde de hoy 2 de mayo, se inauguraba la exposici\u00f3n colectiva de \u00abGreguer\u00edas\u00bb, en su periplo por la provincia de Huelva. Casi una treintena de obras de la exposici\u00f3n &#8216;Greguer\u00edas&#8217;, de la asociaci\u00f3n Huelva y sus Fot\u00f3grafos, permanecer\u00e1n hasta el 30 de mayo en el edificio municipal de Bellavista. La concejala de Cultura del consistorio aljaraque\u00f1o, Ana Mora, y el presidente de la asociaci\u00f3n, Jos\u00e9 Luis Arizmendi, han<\/p>\n<div class=\"belowpost\"><a class=\"btnmore\" href=\"https:\/\/www.huelvaysusfotografos.com\/?p=13941\">Seguir leyendo<\/a><\/div>\n","protected":false},"author":8279,"featured_media":13942,"comment_status":"open","ping_status":"open","sticky":false,"template":"","format":"standard","meta":{"footnotes":"","_links_to":"","_links_to_target":""},"categories":[23],"tags":[],"class_list":["post-13941","post","type-post","status-publish","format-standard","has-post-thumbnail","hentry","category-exposiciones"],"_links":{"self":[{"href":"https:\/\/www.huelvaysusfotografos.com\/index.php?rest_route=\/wp\/v2\/posts\/13941","targetHints":{"allow":["GET"]}}],"collection":[{"href":"https:\/\/www.huelvaysusfotografos.com\/index.php?rest_route=\/wp\/v2\/posts"}],"about":[{"href":"https:\/\/www.huelvaysusfotografos.com\/index.php?rest_route=\/wp\/v2\/types\/post"}],"author":[{"embeddable":true,"href":"https:\/\/www.huelvaysusfotografos.com\/index.php?rest_route=\/wp\/v2\/users\/8279"}],"replies":[{"embeddable":true,"href":"https:\/\/www.huelvaysusfotografos.com\/index.php?rest_route=%2Fwp%2Fv2%2Fcomments&post=13941"}],"version-history":[{"count":1,"href":"https:\/\/www.huelvaysusfotografos.com\/index.php?rest_route=\/wp\/v2\/posts\/13941\/revisions"}],"predecessor-version":[{"id":13951,"href":"https:\/\/www.huelvaysusfotografos.com\/index.php?rest_route=\/wp\/v2\/posts\/13941\/revisions\/13951"}],"wp:featuredmedia":[{"embeddable":true,"href":"https:\/\/www.huelvaysusfotografos.com\/index.php?rest_route=\/wp\/v2\/media\/13942"}],"wp:attachment":[{"href":"https:\/\/www.huelvaysusfotografos.com\/index.php?rest_route=%2Fwp%2Fv2%2Fmedia&parent=13941"}],"wp:term":[{"taxonomy":"category","embeddable":true,"href":"https:\/\/www.huelvaysusfotografos.com\/index.php?rest_route=%2Fwp%2Fv2%2Fcategories&post=13941"},{"taxonomy":"post_tag","embeddable":true,"href":"https:\/\/www.huelvaysusfotografos.com\/index.php?rest_route=%2Fwp%2Fv2%2Ftags&post=13941"}],"curies":[{"name":"wp","href":"https:\/\/api.w.org\/{rel}","templated":true}]}}