{"id":13913,"date":"2024-04-15T19:23:46","date_gmt":"2024-04-15T17:23:46","guid":{"rendered":"https:\/\/www.huelvaysusfotografos.com\/?p=13913"},"modified":"2024-04-15T19:23:48","modified_gmt":"2024-04-15T17:23:48","slug":"%f0%9d%90%88-%f0%9d%90%91%f0%9d%90%80%f0%9d%90%8b%f0%9d%90%8b%f0%9d%90%98-%f0%9d%90%85%f0%9d%90%8e%f0%9d%90%93%f0%9d%90%8e%f0%9d%90%86%f0%9d%90%91%f0%9d%90%80%f0%9d%90%85%f0%9d%90%88%f0%9d%90%82","status":"publish","type":"post","link":"https:\/\/www.huelvaysusfotografos.com\/?p=13913","title":{"rendered":"\ud835\udc08 \ud835\udc11\ud835\udc00\ud835\udc0b\ud835\udc0b\ud835\udc18 \ud835\udc05\ud835\udc0e\ud835\udc13\ud835\udc0e\ud835\udc06\ud835\udc11\ud835\udc00\ud835\udc05\ud835\udc08\ud835\udc02\ud835\udc0e \ud835\udc15\ud835\udc08\ud835\udc0b\ud835\udc0b\ud835\udc00 \ud835\udc03\ud835\udc04 \ud835\udc07\ud835\udc08\ud835\udc06\ud835\udc14\ud835\udc04\ud835\udc11\ud835\udc00 \ud835\udc03\ud835\udc04 \ud835\udc0b\ud835\udc00 \ud835\udc12\ud835\udc08\ud835\udc04\ud835\udc11\ud835\udc11\ud835\udc00."},"content":{"rendered":"\n<p>El <a href=\"https:\/\/www.facebook.com\/higueradelasierra?__cft__[0]=AZU4kUAvX9u6ep98OQns20vNC6H_aWdHIxN1-9T_369EHvYAG28ikDhSXudL6q-Zw4exbQmVQK3dNnlfDr6aWxd2yvnLnc4Vi0WK8yFyKvbmUuKemicads4KBhXsOmAenzY6ziCfSeHWqkJWdVv1sOd7&amp;__tn__=-]K-R\" target=\"_blank\" rel=\"noreferrer noopener\">Ayto Higuera de la Sierra<\/a> con la colaboraci\u00f3n de la Asociaci\u00f3n <a href=\"https:\/\/www.facebook.com\/hashtag\/huelva?__eep__=6&amp;__cft__[0]=AZU4kUAvX9u6ep98OQns20vNC6H_aWdHIxN1-9T_369EHvYAG28ikDhSXudL6q-Zw4exbQmVQK3dNnlfDr6aWxd2yvnLnc4Vi0WK8yFyKvbmUuKemicads4KBhXsOmAenzY6ziCfSeHWqkJWdVv1sOd7&amp;__tn__=*NK-R\" target=\"_blank\" rel=\"noreferrer noopener\">#Huelva<\/a> y sus Fot\u00f3grafos, convoca el I Rally Fotogr\u00e1fico Villa de Higuera de la Sierra, con las siguientes Bases:<\/p>\n\n\n\n<p>1. \ud835\ude4b\ud835\ude56\ud835\ude67\ud835\ude69\ud835\ude5e\ud835\ude58\ud835\ude5e\ud835\ude65\ud835\ude56\ud835\ude63\ud835\ude69\ud835\ude5a\ud835\ude68.<\/p>\n\n\n\n<p>El \u00e1mbito del concurso es Nacional, de modo que podr\u00e1n participar todos los aficionados y profesionales que lo deseen siempre que tengan residencia en Espa\u00f1a. No podr\u00e1n participar los miembros del Ayuntamiento que se relacionen directamente con la organizaci\u00f3n de este concurso.<\/p>\n\n\n\n<p>2. \ud835\ude4f\ud835\ude5a\ud835\ude62\ud835\ude56\ud835\ude68 \ud835\ude6e \ud835\ude4a\ud835\ude57\ud835\ude67\ud835\ude56\ud835\ude68.<\/p>\n\n\n\n<p>El tema del concurso es libre con presentaci\u00f3n en color, o monocromo, y con libertad de t\u00e9cnica. Las im\u00e1genes no podr\u00e1n incorporar elementos producidos por otra persona (por ejemplo, im\u00e1genes pre dise\u00f1adas, im\u00e1genes o parte de otros descargados de Internet). Se podr\u00e1 presentar un m\u00e1ximo de tres obras por autor.<\/p>\n\n\n\n<p>Las fotograf\u00edas se realizar\u00e1n el d\u00eda 11 de mayo en el marco del I Rally fotogr\u00e1fico de la Villa de Higuera de la Sierra, que se celebrar\u00e1 en la localidad de <a href=\"https:\/\/www.facebook.com\/hashtag\/higueradelasierra?__eep__=6&amp;__cft__[0]=AZU4kUAvX9u6ep98OQns20vNC6H_aWdHIxN1-9T_369EHvYAG28ikDhSXudL6q-Zw4exbQmVQK3dNnlfDr6aWxd2yvnLnc4Vi0WK8yFyKvbmUuKemicads4KBhXsOmAenzY6ziCfSeHWqkJWdVv1sOd7&amp;__tn__=*NK-R\" target=\"_blank\" rel=\"noreferrer noopener\">#HigueradelaSierra<\/a>.<\/p>\n\n\n\n<p>3. \ud835\ude41\ud835\ude64\ud835\ude67\ud835\ude62\ud835\ude56\ud835\ude69\ud835\ude64 \ud835\ude59\ud835\ude5a\ud835\ude61 \ud835\ude58\ud835\ude64\ud835\ude63\ud835\ude58\ud835\ude6a\ud835\ude67\ud835\ude68\ud835\ude64.<\/p>\n\n\n\n<p>\u2022 \u2119\ud835\udd63\ud835\udd5a\ud835\udd5e\ud835\udd56\ud835\udd63\ud835\udd52 \ud835\udd3d\ud835\udd52\ud835\udd64\ud835\udd56.<\/p>\n\n\n\n<p>Las colecciones ser\u00e1n enviadas \u00fanicamente v\u00eda Internet (no se aceptar\u00e1 ninguna otra forma de participaci\u00f3n). La inscripci\u00f3n y el env\u00edo de los archivos se realizar\u00e1 a trav\u00e9s de wetransfer o por correo electr\u00f3nico a la siguiente direcci\u00f3n de correo (\ud835\ude2e\ud835\ude22\ud835\ude33\ud835\ude2a\ud835\ude30\ud835\ude22\ud835\ude2d\ud835\ude24\ud835\ude22\ud835\ude2d\ud835\ude25\ud835\ude26\ud835\ude29\ud835\ude2a\ud835\ude28\ud835\ude36\ud835\ude26\ud835\ude33\ud835\ude22@\ud835\ude28\ud835\ude2e\ud835\ude22\ud835\ude2a\ud835\ude2d.\ud835\ude24\ud835\ude30\ud835\ude2e)<\/p>\n\n\n\n<p>Las fotos deben de ir con un t\u00edtulo, en el cuerpo del texto del correo se indicar\u00e1 el nombre y apellidos, direcci\u00f3n, DNI, tel\u00e9fono de contacto y direcci\u00f3n de correo electr\u00f3nico.<\/p>\n\n\n\n<p>No se admitir\u00e1 en el archivo ning\u00fan nombre, firma ni marca de agua ni en la imagen ni en los metadatos que permita la identificaci\u00f3n del autor de las fotograf\u00edas. Los archivos se enviar\u00e1n en modo JPG, con un m\u00e1ximo de 254 ppp y 1920 pixeles en horizontal y 1080 pixeles en vertical, ning\u00fan archivo podr\u00e1 superar los 2 MB. En ning\u00fan caso se admitir\u00e1n archivos generados mediante Inteligencia Artificial. Siendo esta circunstancia motivo de descalificaci\u00f3n directa por el Jurado de Admisi\u00f3n, o posteriormente, por el jurado que hubiere de fallar las obras presentadas.<\/p>\n\n\n\n<p>En caso de duda se pedir\u00e1 el archivo RAW<\/p>\n\n\n\n<p>El plazo de admisi\u00f3n ser\u00e1 hasta el domingo 19 de mayo de 2024, a las 24:00 horas.<\/p>\n\n\n\n<p>\ud835\udd53. \ud835\udd4a\ud835\udd56\ud835\udd58\ud835\udd66\ud835\udd5f\ud835\udd55\ud835\udd52 \ud835\udd3d\ud835\udd52\ud835\udd64\ud835\udd56.<\/p>\n\n\n\n<p>La organizaci\u00f3n nombrar\u00e1 un Jurado de Admisi\u00f3n responsable de verificar que las solicitudes cumplen los requisitos establecidos en las presentes bases. Con posterioridad, el Jurado de Calificaci\u00f3n, ser\u00e1 el responsable de puntuar todas las fotograf\u00edas presentadas en esta convocatoria del concurso.<\/p>\n\n\n\n<p>Las obras seleccionadas ser\u00e1n las que optar\u00e1n directamente a los premios y se notificar\u00e1 a sus autores, con anterioridad al 25 de mayo de 2024.<\/p>\n\n\n\n<p>4. \ud835\ude4b\ud835\ude67\ud835\ude5a\ud835\ude62\ud835\ude5e\ud835\ude64\ud835\ude68.<\/p>\n\n\n\n<p>Se conceder\u00e1n los siguientes premios:<\/p>\n\n\n\n<p>\ud835\udc0f\ud835\udc2b\ud835\udc22\ud835\udc26\ud835\udc1e\ud835\udc2b \ud835\udc0f\ud835\udc2b\ud835\udc1e\ud835\udc26\ud835\udc22\ud835\udc28: Jam\u00f3n Ib\u00e9rico y estuche con productos de Martes Santos<\/p>\n\n\n\n<p>\ud835\udc12\ud835\udc1e\ud835\udc20\ud835\udc2e\ud835\udc27\ud835\udc1d\ud835\udc28 \ud835\udc0f\ud835\udc2b\ud835\udc1e\ud835\udc26\ud835\udc22\ud835\udc28: Paletilla Ib\u00e9rica y ca\u00f1a de lomo ib\u00e9rica<\/p>\n\n\n\n<p>\ud835\udc13\ud835\udc1e\ud835\udc2b\ud835\udc1c\ud835\udc1e\ud835\udc2b \ud835\udc0f\ud835\udc2b\ud835\udc1e\ud835\udc26\ud835\udc22\ud835\udc28: Estuche con productos de la destiler\u00eda Martes Santo y surtido de ib\u00e9ricos.<\/p>\n\n\n\n<p><strong><em>\ud835\ude7d\ud835\ude92\ud835\ude97\ud835\ude90\u00fa\ud835\ude97 \ud835\ude99\ud835\ude8a\ud835\ude9b\ud835\ude9d\ud835\ude92\ud835\ude8c\ud835\ude92\ud835\ude99\ud835\ude8a\ud835\ude97\ud835\ude9d\ud835\ude8e \ud835\ude99\ud835\ude98\ud835\ude8d\ud835\ude9b\u00e1 \ud835\ude98\ud835\ude99\ud835\ude9d\ud835\ude8a\ud835\ude9b \ud835\ude8a \ud835\ude8d\ud835\ude98\ud835\ude9c \ud835\ude99\ud835\ude9b\ud835\ude8e\ud835\ude96\ud835\ude92\ud835\ude98\ud835\ude9c.<\/em><\/strong><\/p>\n\n\n\n<p>Ning\u00fan autor premiado podr\u00e1 ser obligado a asistir a la entrega de premios, y no podr\u00e1 ser destituido de su premio en caso de no acudir. Los premios se considerar\u00e1n irrenunciables. Y en su caso, podr\u00edan conllevar la eliminaci\u00f3n de los autores que incurran en ello en la participaci\u00f3n de sucesivas convocatorias del concurso. Las obras premiadas se considerar\u00e1n adquiridas y pasar\u00e1n a formar parte de la colecci\u00f3n de la fototeca del Ayuntamiento de Higuera de la Sierra. El Ayuntamiento se reserva el derecho de utilizarlas citando siempre el nombre del autor y de acuerdo a la Ley de Propiedad Intelectual en vigor.<\/p>\n\n\n\n<p>Los autores premiados firmar\u00e1n un documento autorizando al Ayuntamiento de Higuera de la Sierra para la reproducci\u00f3n de sus fotograf\u00edas premiadas. Las obras presentadas premiadas y no premiadas ser\u00e1n expuestas en v\u00eddeo para que se visualice por todos.<\/p>\n\n\n\n<p>5. \ud835\ude3e\ud835\ude56\ud835\ude61\ud835\ude5a\ud835\ude63\ud835\ude59\ud835\ude56\ud835\ude67\ud835\ude5e\ud835\ude64.<\/p>\n\n\n\n<p>\u2022 \u00daltimo d\u00eda de recepci\u00f3n de fotograf\u00edas, el d\u00eda 19 de mayo hasta las 00:00 horas.<\/p>\n\n\n\n<p>\u2022 Comunicaci\u00f3n de los premiados del concurso, el d\u00eda 27 de mayo.<\/p>\n\n\n\n<p>\u2022 El fallo P\u00fablico del jurado ser\u00e1 el 29 de mayo.<\/p>\n\n\n\n<p>\u2022 La entrega de premios se realizar\u00e1 el 8 de junio de 2024, en el lugar designado por la organizaci\u00f3n.<\/p>\n\n\n\n<p>6. \ud835\ude45\ud835\ude6a\ud835\ude67\ud835\ude56\ud835\ude59\ud835\ude64.<\/p>\n\n\n\n<p>El Ayuntamiento de Higuera de la Sierra invitar\u00e1 como miembros del Jurado de calificaci\u00f3n a personas acreditadas y profesionales del mundo de la fotograf\u00eda. La decisi\u00f3n del Jurado ser\u00e1 inapelable, comunic\u00e1ndose a todos los participantes premiados y finalistas con antelaci\u00f3n suficiente al acto de entrega de premios.<\/p>\n\n\n\n<p>7. \ud835\ude42\ud835\ude56\ud835\ude67\ud835\ude56\ud835\ude63\ud835\ude69\u00ed\ud835\ude56\ud835\ude68.<\/p>\n\n\n\n<p>Al aceptar participar en el concurso los fot\u00f3grafos garantizan que son los creadores y propietarios de la totalidad del trabajo que presentan y que no han renunciado a ning\u00fan derecho moral o legal sobre sus fotograf\u00edas, y se responsabilizan totalmente de que no existan derechos de terceros en las obras presentadas, as\u00ed como toda posible reclamaci\u00f3n por derechos de imagen. Los autores premiados y finalistas aceptan que su obra pueda ser expuesta y que pueda reproducirse en cualquier medio de \u00e1mbito nacional, incluidos cat\u00e1logos e Internet, con la finalidad de promocionar y difundir este concurso, sin que ello conlleve ning\u00fan pago al fot\u00f3grafo. La propiedad intelectual de las fotograf\u00edas premiadas ser\u00e1 mantenida en todo momento por el autor y siempre que se use una de sus fotograf\u00edas, se har\u00e1 constar su nombre.<\/p>\n\n\n\n<p>8. \ud835\ude3c\ud835\ude58\ud835\ude5a\ud835\ude65\ud835\ude69\ud835\ude56\ud835\ude58\ud835\ude5e\u00f3\ud835\ude63 \ud835\ude59\ud835\ude5a \ud835\ude61\ud835\ude56\ud835\ude68 \ud835\ude3d\ud835\ude56\ud835\ude68\ud835\ude5a\ud835\ude68.<\/p>\n\n\n\n<p>Los organizadores y concursantes, por el hecho de organizar y participar respectivamente, se someten al reglamento de reconocimientos de la FAF y CEF, a las presentes bases. Si alguna situaci\u00f3n no estuviera contemplada por estas normas, ser\u00e1 estudiada por la organizaci\u00f3n, quien podr\u00e1 consultar en la FAF y CEF, que resolver\u00e1 en sus reuniones de Junta Directiva.<\/p>\n\n\n\n<figure class=\"wp-block-image size-large\"><a href=\"https:\/\/www.huelvaysusfotografos.com\/wp-content\/uploads\/2024\/04\/CARTEL-I-RALLY-HIGUERA-DE-LA-SIERRA-1.jpg\"><img loading=\"lazy\" decoding=\"async\" width=\"724\" height=\"1024\" src=\"https:\/\/www.huelvaysusfotografos.com\/wp-content\/uploads\/2024\/04\/CARTEL-I-RALLY-HIGUERA-DE-LA-SIERRA-1-724x1024.jpg\" alt=\"\" class=\"wp-image-13915\" srcset=\"https:\/\/www.huelvaysusfotografos.com\/wp-content\/uploads\/2024\/04\/CARTEL-I-RALLY-HIGUERA-DE-LA-SIERRA-1-724x1024.jpg 724w, https:\/\/www.huelvaysusfotografos.com\/wp-content\/uploads\/2024\/04\/CARTEL-I-RALLY-HIGUERA-DE-LA-SIERRA-1-212x300.jpg 212w, https:\/\/www.huelvaysusfotografos.com\/wp-content\/uploads\/2024\/04\/CARTEL-I-RALLY-HIGUERA-DE-LA-SIERRA-1-768x1086.jpg 768w, https:\/\/www.huelvaysusfotografos.com\/wp-content\/uploads\/2024\/04\/CARTEL-I-RALLY-HIGUERA-DE-LA-SIERRA-1-1086x1536.jpg 1086w, https:\/\/www.huelvaysusfotografos.com\/wp-content\/uploads\/2024\/04\/CARTEL-I-RALLY-HIGUERA-DE-LA-SIERRA-1.jpg 1448w\" sizes=\"auto, (max-width: 724px) 100vw, 724px\" \/><\/a><\/figure>\n\n\n\n<p><strong>NOTA.- Para los inscritos en el I Rally Fotogr\u00e1fico Villa de Higuera de la Sierra. <\/strong><\/p>\n\n\n\n<p>Recepci\u00f3n del Alcalde y su corporaci\u00f3n municipal, saludo a tod@s los asistentes a las <strong>10:30 en la Plaza de la Constituci\u00f3n<\/strong>. Almuerzo a las 14:15 aproximadamente. (Estamos invitados por el Ayuntamiento al almuerzo, pueden asistir acompa\u00f1antes, las bebidas se deben abonar). Los interesados en participar que lo vayan indicando en el grupo, sobre todo si van con acompa\u00f1ante y os deb\u00e9is inscribir en el tel\u00e9fono que se indica en el cartel, 636534012. <\/p>\n","protected":false},"excerpt":{"rendered":"<p>El Ayto Higuera de la Sierra con la colaboraci\u00f3n de la Asociaci\u00f3n #Huelva y sus Fot\u00f3grafos, convoca el I Rally Fotogr\u00e1fico Villa de Higuera de la Sierra, con las siguientes Bases: 1. \ud835\ude4b\ud835\ude56\ud835\ude67\ud835\ude69\ud835\ude5e\ud835\ude58\ud835\ude5e\ud835\ude65\ud835\ude56\ud835\ude63\ud835\ude69\ud835\ude5a\ud835\ude68. El \u00e1mbito del concurso es Nacional, de modo que podr\u00e1n participar todos los aficionados y profesionales que lo deseen siempre que tengan residencia en Espa\u00f1a. No podr\u00e1n participar los miembros del Ayuntamiento que se relacionen directamente con<\/p>\n<div class=\"belowpost\"><a class=\"btnmore\" href=\"https:\/\/www.huelvaysusfotografos.com\/?p=13913\">Seguir leyendo<\/a><\/div>\n","protected":false},"author":8279,"featured_media":13914,"comment_status":"open","ping_status":"open","sticky":false,"template":"","format":"standard","meta":{"footnotes":"","_links_to":"","_links_to_target":""},"categories":[12],"tags":[],"class_list":["post-13913","post","type-post","status-publish","format-standard","has-post-thumbnail","hentry","category-concursos"],"_links":{"self":[{"href":"https:\/\/www.huelvaysusfotografos.com\/index.php?rest_route=\/wp\/v2\/posts\/13913","targetHints":{"allow":["GET"]}}],"collection":[{"href":"https:\/\/www.huelvaysusfotografos.com\/index.php?rest_route=\/wp\/v2\/posts"}],"about":[{"href":"https:\/\/www.huelvaysusfotografos.com\/index.php?rest_route=\/wp\/v2\/types\/post"}],"author":[{"embeddable":true,"href":"https:\/\/www.huelvaysusfotografos.com\/index.php?rest_route=\/wp\/v2\/users\/8279"}],"replies":[{"embeddable":true,"href":"https:\/\/www.huelvaysusfotografos.com\/index.php?rest_route=%2Fwp%2Fv2%2Fcomments&post=13913"}],"version-history":[{"count":1,"href":"https:\/\/www.huelvaysusfotografos.com\/index.php?rest_route=\/wp\/v2\/posts\/13913\/revisions"}],"predecessor-version":[{"id":13916,"href":"https:\/\/www.huelvaysusfotografos.com\/index.php?rest_route=\/wp\/v2\/posts\/13913\/revisions\/13916"}],"wp:featuredmedia":[{"embeddable":true,"href":"https:\/\/www.huelvaysusfotografos.com\/index.php?rest_route=\/wp\/v2\/media\/13914"}],"wp:attachment":[{"href":"https:\/\/www.huelvaysusfotografos.com\/index.php?rest_route=%2Fwp%2Fv2%2Fmedia&parent=13913"}],"wp:term":[{"taxonomy":"category","embeddable":true,"href":"https:\/\/www.huelvaysusfotografos.com\/index.php?rest_route=%2Fwp%2Fv2%2Fcategories&post=13913"},{"taxonomy":"post_tag","embeddable":true,"href":"https:\/\/www.huelvaysusfotografos.com\/index.php?rest_route=%2Fwp%2Fv2%2Ftags&post=13913"}],"curies":[{"name":"wp","href":"https:\/\/api.w.org\/{rel}","templated":true}]}}