{"id":13839,"date":"2024-04-08T21:00:00","date_gmt":"2024-04-08T19:00:00","guid":{"rendered":"https:\/\/www.huelvaysusfotografos.com\/?p=13839"},"modified":"2024-04-08T20:40:58","modified_gmt":"2024-04-08T18:40:58","slug":"la-obra-caminar-de-jairo-palma-ganadora-del-concurso-el-camino-rociero-de-huelva","status":"publish","type":"post","link":"https:\/\/www.huelvaysusfotografos.com\/?p=13839","title":{"rendered":"\u00abCaminar\u00bb de Jairo Palma, ganadora del concurso \u00abEl Camino Rociero de Huelva\u00bb."},"content":{"rendered":"\n<p>CONCURSO FOTOGR\u00c1FICO | FALLO DEL JURADO<\/p>\n\n\n\n<p>Reunido el jurado del concurso fotogr\u00e1fico <em><strong>El camino rociero de Huelva<\/strong><\/em> formado por: Juan Carlos Rubio, presidente; Mar\u00eda Jos\u00e9 Mira, secretar\u00eda; Manuel Jes\u00fas Prieto, fot\u00f3grafo; Sergio Borrero, fot\u00f3grafo; Francis Fern\u00e1ndez, dise\u00f1ador gr\u00e1fico y Pedro Cintado, comisario de la exposici\u00f3n.<\/p>\n\n\n\n<p>Y una vez examinadas las 64 obras presentadas, deciden otorgar las siguientes menciones:<\/p>\n\n\n\n<p>-Primer premio: <strong>Jairo Palma<\/strong> por su obra <em><strong>Caminar<\/strong>.<\/em><\/p>\n\n\n\n<p>-Segundo premio: <strong>Antonio Pereira<\/strong> por su obra <em><strong>Chaquetillas blancas por las arenas.<\/strong><\/em><\/p>\n\n\n\n<p>-Tercer Premio: desierto.<\/p>\n\n\n\n<p>&#8211; Acc\u00e9sit: <strong>Cayetano Burgos<\/strong> por su obra <em><strong>P\u00e9talos de Roc\u00edo<\/strong>.<\/em><\/p>\n\n\n\n<p>Del mismo modo se han seleccionado 17 fotograf\u00edas de los autores Jos\u00e9 Luis Alillo, Daniel Barald\u00e9s, Cayetano Burgos, Paco Gil, Daniel Morales, Jairo Palma, Antonio Pereira, Pedro Ruiz-Constantino y Encarnaci\u00f3n Urda, que formar\u00e1n parte de la exposici\u00f3n fotogr\u00e1fica que tendr\u00e1 lugar en la <strong>Sala El Comercial de la Fundaci\u00f3n Cajasol<\/strong>, sita en la calle Jes\u00fas Nazareno, n\u00famero 12, de nuestra ciudad, desde el pr\u00f3ximo <strong>lunes 15 de abril hasta el 24 de mayo<\/strong>.<\/p>\n\n\n\n<p>Este concurso fotogr\u00e1fico ha sido organizado por la Hermandad de Ntra. Sra. del Roc\u00edo de Huelva, en colaboraci\u00f3n con la Asociaci\u00f3n Fotogr\u00e1fica \u201cHuelva y sus fot\u00f3grafos\u201d y patrocinada por la Fundaci\u00f3n Cajasol.<\/p>\n","protected":false},"excerpt":{"rendered":"<p>CONCURSO FOTOGR\u00c1FICO | FALLO DEL JURADO Reunido el jurado del concurso fotogr\u00e1fico El camino rociero de Huelva formado por: Juan Carlos Rubio, presidente; Mar\u00eda Jos\u00e9 Mira, secretar\u00eda; Manuel Jes\u00fas Prieto, fot\u00f3grafo; Sergio Borrero, fot\u00f3grafo; Francis Fern\u00e1ndez, dise\u00f1ador gr\u00e1fico y Pedro Cintado, comisario de la exposici\u00f3n. Y una vez examinadas las 64 obras presentadas, deciden otorgar las siguientes menciones: -Primer premio: Jairo Palma por su obra Caminar. -Segundo premio: Antonio Pereira<\/p>\n<div class=\"belowpost\"><a class=\"btnmore\" href=\"https:\/\/www.huelvaysusfotografos.com\/?p=13839\">Seguir leyendo<\/a><\/div>\n","protected":false},"author":8279,"featured_media":13840,"comment_status":"open","ping_status":"open","sticky":false,"template":"","format":"standard","meta":{"footnotes":"","_links_to":"","_links_to_target":""},"categories":[12],"tags":[],"class_list":["post-13839","post","type-post","status-publish","format-standard","has-post-thumbnail","hentry","category-concursos"],"_links":{"self":[{"href":"https:\/\/www.huelvaysusfotografos.com\/index.php?rest_route=\/wp\/v2\/posts\/13839","targetHints":{"allow":["GET"]}}],"collection":[{"href":"https:\/\/www.huelvaysusfotografos.com\/index.php?rest_route=\/wp\/v2\/posts"}],"about":[{"href":"https:\/\/www.huelvaysusfotografos.com\/index.php?rest_route=\/wp\/v2\/types\/post"}],"author":[{"embeddable":true,"href":"https:\/\/www.huelvaysusfotografos.com\/index.php?rest_route=\/wp\/v2\/users\/8279"}],"replies":[{"embeddable":true,"href":"https:\/\/www.huelvaysusfotografos.com\/index.php?rest_route=%2Fwp%2Fv2%2Fcomments&post=13839"}],"version-history":[{"count":2,"href":"https:\/\/www.huelvaysusfotografos.com\/index.php?rest_route=\/wp\/v2\/posts\/13839\/revisions"}],"predecessor-version":[{"id":13842,"href":"https:\/\/www.huelvaysusfotografos.com\/index.php?rest_route=\/wp\/v2\/posts\/13839\/revisions\/13842"}],"wp:featuredmedia":[{"embeddable":true,"href":"https:\/\/www.huelvaysusfotografos.com\/index.php?rest_route=\/wp\/v2\/media\/13840"}],"wp:attachment":[{"href":"https:\/\/www.huelvaysusfotografos.com\/index.php?rest_route=%2Fwp%2Fv2%2Fmedia&parent=13839"}],"wp:term":[{"taxonomy":"category","embeddable":true,"href":"https:\/\/www.huelvaysusfotografos.com\/index.php?rest_route=%2Fwp%2Fv2%2Fcategories&post=13839"},{"taxonomy":"post_tag","embeddable":true,"href":"https:\/\/www.huelvaysusfotografos.com\/index.php?rest_route=%2Fwp%2Fv2%2Ftags&post=13839"}],"curies":[{"name":"wp","href":"https:\/\/api.w.org\/{rel}","templated":true}]}}