{"id":13755,"date":"2024-03-22T17:31:20","date_gmt":"2024-03-22T16:31:20","guid":{"rendered":"https:\/\/www.huelvaysusfotografos.com\/?p=13755"},"modified":"2024-03-22T17:31:22","modified_gmt":"2024-03-22T16:31:22","slug":"definidos-los-finalistas-del-concurso-el-camino-rociero-de-huelva","status":"publish","type":"post","link":"https:\/\/www.huelvaysusfotografos.com\/?p=13755","title":{"rendered":"Definidos los finalistas del concurso \u00abEl Camino Rociero de Huelva\u00bb."},"content":{"rendered":"\n<p>El pasado lunes 18 de marzo, a las 19 horas, en el sal\u00f3n de actos de la Hermandad del Roc\u00edo de Huelva, se reuni\u00f3 el jurado del concurso fotogr\u00e1fico: \u00abEl camino rociero de Huelva\u00bb, para elegir las obras a exponer y los tres primeros premios.<\/p>\n\n\n\n<p>El jurado estuvo formado por:<br>-Juan Carlos Rubio, presidente.<br>-Mar\u00eda Jos\u00e9 Mira, secretar\u00eda.<br>-Pedro Cintado, comisario de la exposici\u00f3n.<br>-Antonio Quintero, Fundaci\u00f3n Cajasol.<br>-Manuel Jes\u00fas Prieto, fot\u00f3grafo.<br>-Sergio Borrero, fot\u00f3grafo.<br>-Francis Fern\u00e1ndez, dise\u00f1ador gr\u00e1fico.<\/p>\n\n\n\n<p>Se eligieron 17 obras fotogr\u00e1ficas entre las 56 presentadas y que se expondr\u00e1n en la Sala El Comercial de la Fundaci\u00f3n Cajasol.<\/p>\n\n\n\n<p>Dichas fotograf\u00edas pertenecen a los autores: Pedro Ruiz, Jos\u00e9 Luis Alillo, Cayetano Burgos, Antonio Pereira, Daniel Barald\u00e9s, Paco Gil, Encarnaci\u00f3n Urda, Jairo Palma y Daniel Morales.<\/p>\n","protected":false},"excerpt":{"rendered":"<p>El pasado lunes 18 de marzo, a las 19 horas, en el sal\u00f3n de actos de la Hermandad del Roc\u00edo de Huelva, se reuni\u00f3 el jurado del concurso fotogr\u00e1fico: \u00abEl camino rociero de Huelva\u00bb, para elegir las obras a exponer y los tres primeros premios. El jurado estuvo formado por:-Juan Carlos Rubio, presidente.-Mar\u00eda Jos\u00e9 Mira, secretar\u00eda.-Pedro Cintado, comisario de la exposici\u00f3n.-Antonio Quintero, Fundaci\u00f3n Cajasol.-Manuel Jes\u00fas Prieto, fot\u00f3grafo.-Sergio Borrero, fot\u00f3grafo.-Francis Fern\u00e1ndez,<\/p>\n<div class=\"belowpost\"><a class=\"btnmore\" href=\"https:\/\/www.huelvaysusfotografos.com\/?p=13755\">Seguir leyendo<\/a><\/div>\n","protected":false},"author":8279,"featured_media":13756,"comment_status":"open","ping_status":"open","sticky":false,"template":"","format":"standard","meta":{"footnotes":"","_links_to":"","_links_to_target":""},"categories":[12],"tags":[],"class_list":["post-13755","post","type-post","status-publish","format-standard","has-post-thumbnail","hentry","category-concursos"],"_links":{"self":[{"href":"https:\/\/www.huelvaysusfotografos.com\/index.php?rest_route=\/wp\/v2\/posts\/13755","targetHints":{"allow":["GET"]}}],"collection":[{"href":"https:\/\/www.huelvaysusfotografos.com\/index.php?rest_route=\/wp\/v2\/posts"}],"about":[{"href":"https:\/\/www.huelvaysusfotografos.com\/index.php?rest_route=\/wp\/v2\/types\/post"}],"author":[{"embeddable":true,"href":"https:\/\/www.huelvaysusfotografos.com\/index.php?rest_route=\/wp\/v2\/users\/8279"}],"replies":[{"embeddable":true,"href":"https:\/\/www.huelvaysusfotografos.com\/index.php?rest_route=%2Fwp%2Fv2%2Fcomments&post=13755"}],"version-history":[{"count":1,"href":"https:\/\/www.huelvaysusfotografos.com\/index.php?rest_route=\/wp\/v2\/posts\/13755\/revisions"}],"predecessor-version":[{"id":13757,"href":"https:\/\/www.huelvaysusfotografos.com\/index.php?rest_route=\/wp\/v2\/posts\/13755\/revisions\/13757"}],"wp:featuredmedia":[{"embeddable":true,"href":"https:\/\/www.huelvaysusfotografos.com\/index.php?rest_route=\/wp\/v2\/media\/13756"}],"wp:attachment":[{"href":"https:\/\/www.huelvaysusfotografos.com\/index.php?rest_route=%2Fwp%2Fv2%2Fmedia&parent=13755"}],"wp:term":[{"taxonomy":"category","embeddable":true,"href":"https:\/\/www.huelvaysusfotografos.com\/index.php?rest_route=%2Fwp%2Fv2%2Fcategories&post=13755"},{"taxonomy":"post_tag","embeddable":true,"href":"https:\/\/www.huelvaysusfotografos.com\/index.php?rest_route=%2Fwp%2Fv2%2Ftags&post=13755"}],"curies":[{"name":"wp","href":"https:\/\/api.w.org\/{rel}","templated":true}]}}