{"id":13750,"date":"2024-03-18T09:44:54","date_gmt":"2024-03-18T08:44:54","guid":{"rendered":"https:\/\/www.huelvaysusfotografos.com\/?p=13750"},"modified":"2024-03-18T09:44:57","modified_gmt":"2024-03-18T08:44:57","slug":"greguerias-sigue-su-ruta-proxima-parada-ayamonte","status":"publish","type":"post","link":"https:\/\/www.huelvaysusfotografos.com\/?p=13750","title":{"rendered":"Greguer\u00edas sigue su ruta, pr\u00f3xima parada Ayamonte."},"content":{"rendered":"\n<p>La exposici\u00f3n colectiva de la Asociaci\u00f3n Huelva y sus Fot\u00f3grafos, denominada \u00abGreguer\u00edas\u00bb, sigue su itinerancia por la provincia de Huelva. <\/p>\n\n\n\n<p>La localidad fronteriza de Ayamonte, ser\u00e1 nuestra pr\u00f3xima parada, de esta exposici\u00f3n que nos esta dando tantas alegr\u00edas. Ser\u00e1 el patio <strong>Central de la Casa Grande de Ayamonte<\/strong> donde se expondr\u00e1n las obras de nuestros compa\u00f1eros. <\/p>\n\n\n\n<p>Tras su paso por la Casa Col\u00f3n en Huelva, la Biblioteca Municipal de San Bartolom\u00e9 de la Torre y el Codac de Gibrale\u00f3n, es el turno de la Casa Grande en Ayamonte, donde se podr\u00e1n visitar y disfrutar del ingenio de los autores de esta exposici\u00f3n, convirtiendo las Greguer\u00edas de G\u00f3mez de la Serna en im\u00e1genes. <\/p>\n\n\n\n<p>Os esperamos a todos en la <strong>inauguraci\u00f3n<\/strong> el <strong>pr\u00f3ximo 11 de abril a las 19.00 horas en la Casa Grande de Ayamonte. <\/strong><\/p>\n\n\n\n<p>Se podr\u00e1 visitar del <strong>11 al 29 de abril, <\/strong>de lunes a viernes de <strong>9.00 a 14.00 horas<\/strong> y de <strong>17.30 a 20.30<\/strong> y los s\u00e1bados de <strong>11.00 a 13.30 horas.<\/strong><\/p>\n\n\n\n<p>El cartel es obra de nuestra compa\u00f1era Carmen Torres Chaguaceda y la obra que lo ilustra sale de un sorteo entre todas las obras presentadas y en esta ocasi\u00f3n la elegida pertenece a nuestro compa\u00f1ero, Pedro Ruiz-Constantino P\u00e9rez. <\/p>\n\n\n<div class=\"wp-block-image\">\n<figure class=\"aligncenter size-large\"><a href=\"https:\/\/www.huelvaysusfotografos.com\/wp-content\/uploads\/2024\/03\/cartel-Ayamonte.jpg\"><img loading=\"lazy\" decoding=\"async\" width=\"683\" height=\"1024\" src=\"https:\/\/www.huelvaysusfotografos.com\/wp-content\/uploads\/2024\/03\/cartel-Ayamonte-683x1024.jpg\" alt=\"\" class=\"wp-image-13751\" srcset=\"https:\/\/www.huelvaysusfotografos.com\/wp-content\/uploads\/2024\/03\/cartel-Ayamonte-683x1024.jpg 683w, https:\/\/www.huelvaysusfotografos.com\/wp-content\/uploads\/2024\/03\/cartel-Ayamonte-200x300.jpg 200w, https:\/\/www.huelvaysusfotografos.com\/wp-content\/uploads\/2024\/03\/cartel-Ayamonte-768x1152.jpg 768w, https:\/\/www.huelvaysusfotografos.com\/wp-content\/uploads\/2024\/03\/cartel-Ayamonte-1024x1536.jpg 1024w, https:\/\/www.huelvaysusfotografos.com\/wp-content\/uploads\/2024\/03\/cartel-Ayamonte.jpg 1365w\" sizes=\"auto, (max-width: 683px) 100vw, 683px\" \/><\/a><\/figure>\n<\/div>","protected":false},"excerpt":{"rendered":"<p>La exposici\u00f3n colectiva de la Asociaci\u00f3n Huelva y sus Fot\u00f3grafos, denominada \u00abGreguer\u00edas\u00bb, sigue su itinerancia por la provincia de Huelva. La localidad fronteriza de Ayamonte, ser\u00e1 nuestra pr\u00f3xima parada, de esta exposici\u00f3n que nos esta dando tantas alegr\u00edas. Ser\u00e1 el patio Central de la Casa Grande de Ayamonte donde se expondr\u00e1n las obras de nuestros compa\u00f1eros. Tras su paso por la Casa Col\u00f3n en Huelva, la Biblioteca Municipal de San<\/p>\n<div class=\"belowpost\"><a class=\"btnmore\" href=\"https:\/\/www.huelvaysusfotografos.com\/?p=13750\">Seguir leyendo<\/a><\/div>\n","protected":false},"author":8279,"featured_media":13752,"comment_status":"open","ping_status":"open","sticky":false,"template":"","format":"standard","meta":{"footnotes":"","_links_to":"","_links_to_target":""},"categories":[23],"tags":[],"class_list":["post-13750","post","type-post","status-publish","format-standard","has-post-thumbnail","hentry","category-exposiciones"],"_links":{"self":[{"href":"https:\/\/www.huelvaysusfotografos.com\/index.php?rest_route=\/wp\/v2\/posts\/13750","targetHints":{"allow":["GET"]}}],"collection":[{"href":"https:\/\/www.huelvaysusfotografos.com\/index.php?rest_route=\/wp\/v2\/posts"}],"about":[{"href":"https:\/\/www.huelvaysusfotografos.com\/index.php?rest_route=\/wp\/v2\/types\/post"}],"author":[{"embeddable":true,"href":"https:\/\/www.huelvaysusfotografos.com\/index.php?rest_route=\/wp\/v2\/users\/8279"}],"replies":[{"embeddable":true,"href":"https:\/\/www.huelvaysusfotografos.com\/index.php?rest_route=%2Fwp%2Fv2%2Fcomments&post=13750"}],"version-history":[{"count":1,"href":"https:\/\/www.huelvaysusfotografos.com\/index.php?rest_route=\/wp\/v2\/posts\/13750\/revisions"}],"predecessor-version":[{"id":13753,"href":"https:\/\/www.huelvaysusfotografos.com\/index.php?rest_route=\/wp\/v2\/posts\/13750\/revisions\/13753"}],"wp:featuredmedia":[{"embeddable":true,"href":"https:\/\/www.huelvaysusfotografos.com\/index.php?rest_route=\/wp\/v2\/media\/13752"}],"wp:attachment":[{"href":"https:\/\/www.huelvaysusfotografos.com\/index.php?rest_route=%2Fwp%2Fv2%2Fmedia&parent=13750"}],"wp:term":[{"taxonomy":"category","embeddable":true,"href":"https:\/\/www.huelvaysusfotografos.com\/index.php?rest_route=%2Fwp%2Fv2%2Fcategories&post=13750"},{"taxonomy":"post_tag","embeddable":true,"href":"https:\/\/www.huelvaysusfotografos.com\/index.php?rest_route=%2Fwp%2Fv2%2Ftags&post=13750"}],"curies":[{"name":"wp","href":"https:\/\/api.w.org\/{rel}","templated":true}]}}