{"id":13741,"date":"2024-03-16T18:43:00","date_gmt":"2024-03-16T17:43:00","guid":{"rendered":"https:\/\/www.huelvaysusfotografos.com\/?p=13741"},"modified":"2024-03-17T01:21:40","modified_gmt":"2024-03-17T00:21:40","slug":"exito-rotundo-de-fotea-2024","status":"publish","type":"post","link":"https:\/\/www.huelvaysusfotografos.com\/?p=13741","title":{"rendered":"\u00c9xito rotundo de Fotea 2024"},"content":{"rendered":"\n<p>El Santuario de Nuestra Se\u00f1ora de la Cinta, acog\u00eda en la ma\u00f1ana del s\u00e1bado 16 de marzo, la actividad colectiva fotogr\u00e1fica de Fotea.<\/p>\n\n\n\n<p>M\u00e1s de medio centenar de modelos, fot\u00f3grafos, dise\u00f1adores, estilistas y familia, convert\u00edan el Santuario de la Cinta, en un inmenso estudio fotogr\u00e1fico. <\/p>\n\n\n\n<p>Los jardines del santuario y su entorno, eran los espacios donde los participantes de esta actividad ya consolidada en la Asociaci\u00f3n, se desarrollaban las sesiones con las 20 modelos que formaban parte de este d\u00eda. <\/p>\n\n\n\n<p>Ant\u00fanez, Mariam \/ Aroca, Alba \/ Botello, Noelia \/ Bueno, Alba Jos\u00e9 \/ Carmen Mora \/ Clavero, Elena \/ Flores, Lidia \/ Gallardo, Daniela \/ Garc\u00eda, Natasha \/ Gil, Yolanda \/ M\u00f3dena, Sof\u00eda \/ Molina, Cristina \/ Orta, Marta \/ Ram\u00edrez, Laura \/ Rodr\u00edguez, Luisa del Roc\u00edo \/ Rodr\u00edguez, Marta \/ Rodr\u00edguez, Shamyra \/ Rom\u00e1n, Sonia \/ V\u00e9lez, Lydia \/ Vieira, Vanessa<\/p>\n\n\n\n<p>A ellos se sumaban los m\u00e1s de 25 fot\u00f3grafos, c\u00e1mara en mano y accesorios de iluminaci\u00f3n para capturar los mejores escenarios y rincones de este espacio \u00fanico. <\/p>\n\n\n\n<p>Arizmendi Llanes, Jos\u00e9 Luis \/ Borges, Fran \/ Carrasco Brejano, Jero \/ D\u00e1vila Viejo, Juan Antonio \/ Est\u00e9vez Romero, Jos\u00e9 Mar\u00eda \/ Flores Toledano, Ruth \/ Garc\u00eda, Pedro \/ Gil, Paco \/ G\u00f3mez Lozano, Javier \/ Fern\u00e1ndez Cruz, Juan Antonio \/ Herencia, Sonia \/ L\u00f3pez Maestre, Juli\u00e1n \/ Martin Riego, Antonio Miguel \/Oliva Serrano, \u00c1ngel  Vidal \/ Pascual Barea, Carmen \/ Perea Ant\u00fanez, Narciso \/ N\u00fa\u00f1ez Nieto, Flor \/ Quintero M\u00e1rquez, Manuel \/ Raya, Jos\u00e9 Manuel \/ Rodr\u00edguez Rebollo, Antonio \/ Rodr\u00edguez S\u00e1nchez, Miriam \/ Ruiz-Constantino, Pedro \/ Hald\u00f3n Garc\u00eda, Antonio \/ Vicente Pic\u00f3n, Amparo \/ Villegas Ferro, Ricardo<\/p>\n\n\n\n<p>Desde estas l\u00edneas queremos trasladar nuestro agradecimiento m\u00e1s sincero al Hermano Mayor de la Cinta, D. Esteban Brito por hacerlo tan f\u00e1cil que esta actividad se pudiese desarrollar en este entorno, as\u00ed como al encargado de la Priost\u00eda, que desde el primer momento estuvo a nuestro lado. <\/p>\n\n\n\n<p>No nos podemos olvidar de las firmas que han participado, Dejate Llevar, Natalia Camacho, Daniel Mora y  complementos de Dejate Llevar y Antonella Punta Umbr\u00eda. <\/p>\n\n\n\n<p>Y como no, gracias a Antonio Mart\u00edn Riego por ser una parte fundamental en el desarrollo de la organizaci\u00f3n de Fotea 2024.<\/p>\n\n\n\n<figure class=\"wp-block-image size-full\"><a href=\"https:\/\/www.huelvaysusfotografos.com\/wp-content\/uploads\/2024\/03\/foto-de-grupo-fotea-2024-1.jpg\"><img loading=\"lazy\" decoding=\"async\" width=\"800\" height=\"533\" src=\"https:\/\/www.huelvaysusfotografos.com\/wp-content\/uploads\/2024\/03\/foto-de-grupo-fotea-2024-1.jpg\" alt=\"\" class=\"wp-image-13743\" srcset=\"https:\/\/www.huelvaysusfotografos.com\/wp-content\/uploads\/2024\/03\/foto-de-grupo-fotea-2024-1.jpg 800w, https:\/\/www.huelvaysusfotografos.com\/wp-content\/uploads\/2024\/03\/foto-de-grupo-fotea-2024-1-300x200.jpg 300w, https:\/\/www.huelvaysusfotografos.com\/wp-content\/uploads\/2024\/03\/foto-de-grupo-fotea-2024-1-768x512.jpg 768w\" sizes=\"auto, (max-width: 800px) 100vw, 800px\" \/><\/a><\/figure>\n","protected":false},"excerpt":{"rendered":"<p>El Santuario de Nuestra Se\u00f1ora de la Cinta, acog\u00eda en la ma\u00f1ana del s\u00e1bado 16 de marzo, la actividad colectiva fotogr\u00e1fica de Fotea. M\u00e1s de medio centenar de modelos, fot\u00f3grafos, dise\u00f1adores, estilistas y familia, convert\u00edan el Santuario de la Cinta, en un inmenso estudio fotogr\u00e1fico. Los jardines del santuario y su entorno, eran los espacios donde los participantes de esta actividad ya consolidada en la Asociaci\u00f3n, se desarrollaban las sesiones<\/p>\n<div class=\"belowpost\"><a class=\"btnmore\" href=\"https:\/\/www.huelvaysusfotografos.com\/?p=13741\">Seguir leyendo<\/a><\/div>\n","protected":false},"author":8279,"featured_media":13742,"comment_status":"open","ping_status":"open","sticky":false,"template":"","format":"standard","meta":{"footnotes":"","_links_to":"","_links_to_target":""},"categories":[4],"tags":[],"class_list":["post-13741","post","type-post","status-publish","format-standard","has-post-thumbnail","hentry","category-actividades"],"_links":{"self":[{"href":"https:\/\/www.huelvaysusfotografos.com\/index.php?rest_route=\/wp\/v2\/posts\/13741","targetHints":{"allow":["GET"]}}],"collection":[{"href":"https:\/\/www.huelvaysusfotografos.com\/index.php?rest_route=\/wp\/v2\/posts"}],"about":[{"href":"https:\/\/www.huelvaysusfotografos.com\/index.php?rest_route=\/wp\/v2\/types\/post"}],"author":[{"embeddable":true,"href":"https:\/\/www.huelvaysusfotografos.com\/index.php?rest_route=\/wp\/v2\/users\/8279"}],"replies":[{"embeddable":true,"href":"https:\/\/www.huelvaysusfotografos.com\/index.php?rest_route=%2Fwp%2Fv2%2Fcomments&post=13741"}],"version-history":[{"count":4,"href":"https:\/\/www.huelvaysusfotografos.com\/index.php?rest_route=\/wp\/v2\/posts\/13741\/revisions"}],"predecessor-version":[{"id":13749,"href":"https:\/\/www.huelvaysusfotografos.com\/index.php?rest_route=\/wp\/v2\/posts\/13741\/revisions\/13749"}],"wp:featuredmedia":[{"embeddable":true,"href":"https:\/\/www.huelvaysusfotografos.com\/index.php?rest_route=\/wp\/v2\/media\/13742"}],"wp:attachment":[{"href":"https:\/\/www.huelvaysusfotografos.com\/index.php?rest_route=%2Fwp%2Fv2%2Fmedia&parent=13741"}],"wp:term":[{"taxonomy":"category","embeddable":true,"href":"https:\/\/www.huelvaysusfotografos.com\/index.php?rest_route=%2Fwp%2Fv2%2Fcategories&post=13741"},{"taxonomy":"post_tag","embeddable":true,"href":"https:\/\/www.huelvaysusfotografos.com\/index.php?rest_route=%2Fwp%2Fv2%2Ftags&post=13741"}],"curies":[{"name":"wp","href":"https:\/\/api.w.org\/{rel}","templated":true}]}}