{"id":13738,"date":"2024-03-12T18:38:40","date_gmt":"2024-03-12T17:38:40","guid":{"rendered":"https:\/\/www.huelvaysusfotografos.com\/?p=13738"},"modified":"2024-03-12T18:38:42","modified_gmt":"2024-03-12T17:38:42","slug":"celebrado-el-taller-de-modelaje","status":"publish","type":"post","link":"https:\/\/www.huelvaysusfotografos.com\/?p=13738","title":{"rendered":"Celebrado el Taller de Modelaje"},"content":{"rendered":"\n<p>El pasado viernes 8 de marzo, se llev\u00f3 a cabo el taller de modelaje.<\/p>\n\n\n\n<p>Bajo la direcci\u00f3n de nuestro compa\u00f1ero y vocal de formaci\u00f3n y talleres Juan Carlos Segura Novoa, tuvimos el placer de celebrar el taller de modelaje en la sala de Centro Municipal de Los Rosales, de la que disponemos para las actividades que realiza la Asociaci\u00f3n Huelva y sus Fot\u00f3grafos.<\/p>\n\n\n\n<p>Una docena de socios, ante las dificultades de la tarde con amenaza amarilla por fuertes lluvias y rachas de viento, se congregaron en este espacio para aprender t\u00e9cnicas de direcci\u00f3n de modelos. Otros compa\u00f1eros por esas mismas causas no pudieron desplazarse de sus localidades de origen para acudir al taller.<\/p>\n\n\n\n<p>Te\u00f3rica y pr\u00e1ctica se fusionaron en una tarde donde los asistentes, tomaron notas y ensayaron lo aprendido para poder ponerlo en pr\u00e1cticas en sus pr\u00f3ximas sesiones, la m\u00e1s cercana nuestra actividad de Fotea del pr\u00f3ximo16 de marzo en el Santuario de Nuestra Se\u00f1ora de la Cinta. <\/p>\n\n\n\n<p>El manejo de la Luz, los difusores, pantallas y dem\u00e1s elementos que forman parte de una sesi\u00f3n de fotos, fueron elementos usados para este taller.<\/p>\n\n\n\n<p>Gracias a tod@s los asistentes por acudir a estas actividades y a Juan Carlos Segura Novoa por poner sus conocimientos al servicio de los soci@s. <\/p>\n","protected":false},"excerpt":{"rendered":"<p>El pasado viernes 8 de marzo, se llev\u00f3 a cabo el taller de modelaje. Bajo la direcci\u00f3n de nuestro compa\u00f1ero y vocal de formaci\u00f3n y talleres Juan Carlos Segura Novoa, tuvimos el placer de celebrar el taller de modelaje en la sala de Centro Municipal de Los Rosales, de la que disponemos para las actividades que realiza la Asociaci\u00f3n Huelva y sus Fot\u00f3grafos. Una docena de socios, ante las dificultades<\/p>\n<div class=\"belowpost\"><a class=\"btnmore\" href=\"https:\/\/www.huelvaysusfotografos.com\/?p=13738\">Seguir leyendo<\/a><\/div>\n","protected":false},"author":8279,"featured_media":13739,"comment_status":"open","ping_status":"open","sticky":false,"template":"","format":"standard","meta":{"footnotes":"","_links_to":"","_links_to_target":""},"categories":[14],"tags":[],"class_list":["post-13738","post","type-post","status-publish","format-standard","has-post-thumbnail","hentry","category-cursos"],"_links":{"self":[{"href":"https:\/\/www.huelvaysusfotografos.com\/index.php?rest_route=\/wp\/v2\/posts\/13738","targetHints":{"allow":["GET"]}}],"collection":[{"href":"https:\/\/www.huelvaysusfotografos.com\/index.php?rest_route=\/wp\/v2\/posts"}],"about":[{"href":"https:\/\/www.huelvaysusfotografos.com\/index.php?rest_route=\/wp\/v2\/types\/post"}],"author":[{"embeddable":true,"href":"https:\/\/www.huelvaysusfotografos.com\/index.php?rest_route=\/wp\/v2\/users\/8279"}],"replies":[{"embeddable":true,"href":"https:\/\/www.huelvaysusfotografos.com\/index.php?rest_route=%2Fwp%2Fv2%2Fcomments&post=13738"}],"version-history":[{"count":1,"href":"https:\/\/www.huelvaysusfotografos.com\/index.php?rest_route=\/wp\/v2\/posts\/13738\/revisions"}],"predecessor-version":[{"id":13740,"href":"https:\/\/www.huelvaysusfotografos.com\/index.php?rest_route=\/wp\/v2\/posts\/13738\/revisions\/13740"}],"wp:featuredmedia":[{"embeddable":true,"href":"https:\/\/www.huelvaysusfotografos.com\/index.php?rest_route=\/wp\/v2\/media\/13739"}],"wp:attachment":[{"href":"https:\/\/www.huelvaysusfotografos.com\/index.php?rest_route=%2Fwp%2Fv2%2Fmedia&parent=13738"}],"wp:term":[{"taxonomy":"category","embeddable":true,"href":"https:\/\/www.huelvaysusfotografos.com\/index.php?rest_route=%2Fwp%2Fv2%2Fcategories&post=13738"},{"taxonomy":"post_tag","embeddable":true,"href":"https:\/\/www.huelvaysusfotografos.com\/index.php?rest_route=%2Fwp%2Fv2%2Ftags&post=13738"}],"curies":[{"name":"wp","href":"https:\/\/api.w.org\/{rel}","templated":true}]}}