{"id":13733,"date":"2024-03-07T20:33:00","date_gmt":"2024-03-07T19:33:00","guid":{"rendered":"https:\/\/www.huelvaysusfotografos.com\/?p=13733"},"modified":"2024-03-08T00:50:11","modified_gmt":"2024-03-07T23:50:11","slug":"inaugurada-greguerias-en-el-codac-de-gibraleon","status":"publish","type":"post","link":"https:\/\/www.huelvaysusfotografos.com\/?p=13733","title":{"rendered":"Inaugurada Greguer\u00edas en el Codac de Gibrale\u00f3n"},"content":{"rendered":"\n<p>La sala Temporal del Codac de Gibrale\u00f3n, acoge nuestra exposici\u00f3n colectiva de Greguer\u00edas.<\/p>\n\n\n\n<p>La Concejala de Cultura del Ayuntamiento de Gibrale\u00f3n, Helen G\u00f3mez, junto al Presidente de Huelva y sus Fot\u00f3grafos, Jos\u00e9 Luis Arizmendi Llanes, inauguraban esta tarde la exposici\u00f3n colectiva. <\/p>\n\n\n\n<figure class=\"wp-block-image size-large\"><a href=\"https:\/\/www.huelvaysusfotografos.com\/wp-content\/uploads\/2024\/03\/0.jpg\"><img loading=\"lazy\" decoding=\"async\" width=\"1024\" height=\"768\" src=\"https:\/\/www.huelvaysusfotografos.com\/wp-content\/uploads\/2024\/03\/0-1024x768.jpg\" alt=\"\" class=\"wp-image-13735\" srcset=\"https:\/\/www.huelvaysusfotografos.com\/wp-content\/uploads\/2024\/03\/0-1024x768.jpg 1024w, https:\/\/www.huelvaysusfotografos.com\/wp-content\/uploads\/2024\/03\/0-300x225.jpg 300w, https:\/\/www.huelvaysusfotografos.com\/wp-content\/uploads\/2024\/03\/0-768x576.jpg 768w, https:\/\/www.huelvaysusfotografos.com\/wp-content\/uploads\/2024\/03\/0-1536x1152.jpg 1536w, https:\/\/www.huelvaysusfotografos.com\/wp-content\/uploads\/2024\/03\/0.jpg 2000w\" sizes=\"auto, (max-width: 1024px) 100vw, 1024px\" \/><\/a><\/figure>\n\n\n\n<p>Un nutrido grupo de socios, acompa\u00f1antes, amigos y p\u00fablico se interesaban por esta muestra que esta recorriendo la provincia de Huelva, siendo esta del Codac de Gibrale\u00f3n la tercera parada de estas instant\u00e1neas. <\/p>\n\n\n\n<figure class=\"wp-block-image size-large\"><a href=\"https:\/\/www.huelvaysusfotografos.com\/wp-content\/uploads\/2024\/03\/1.jpg\"><img loading=\"lazy\" decoding=\"async\" width=\"1024\" height=\"768\" src=\"https:\/\/www.huelvaysusfotografos.com\/wp-content\/uploads\/2024\/03\/1-1024x768.jpg\" alt=\"\" class=\"wp-image-13736\" srcset=\"https:\/\/www.huelvaysusfotografos.com\/wp-content\/uploads\/2024\/03\/1-1024x768.jpg 1024w, https:\/\/www.huelvaysusfotografos.com\/wp-content\/uploads\/2024\/03\/1-300x225.jpg 300w, https:\/\/www.huelvaysusfotografos.com\/wp-content\/uploads\/2024\/03\/1-768x576.jpg 768w, https:\/\/www.huelvaysusfotografos.com\/wp-content\/uploads\/2024\/03\/1-1536x1152.jpg 1536w, https:\/\/www.huelvaysusfotografos.com\/wp-content\/uploads\/2024\/03\/1.jpg 2000w\" sizes=\"auto, (max-width: 1024px) 100vw, 1024px\" \/><\/a><\/figure>\n\n\n\n<p>La muestra recoge 26 fotograf\u00edas, donde en esta ocasi\u00f3n se suman con una obra la propia concejala de cultura y los t\u00e9cnicos municipales, dando su punto de vista con la identidad de la muestra.<\/p>\n\n\n\n<p>La exposici\u00f3n se podr\u00e1 visitar en horario de ma\u00f1ana de 9.00 a 14.00 horas y tarde de 16.00 a 21.00 horas de lunes a viernes y los s\u00e1bados en horario de ma\u00f1ana de 10.30 a 13.30 horas. Permanecer\u00e1 desde hoy 7 de marzo hasta el 30 de este mismo mes. <\/p>\n","protected":false},"excerpt":{"rendered":"<p>La sala Temporal del Codac de Gibrale\u00f3n, acoge nuestra exposici\u00f3n colectiva de Greguer\u00edas. La Concejala de Cultura del Ayuntamiento de Gibrale\u00f3n, Helen G\u00f3mez, junto al Presidente de Huelva y sus Fot\u00f3grafos, Jos\u00e9 Luis Arizmendi Llanes, inauguraban esta tarde la exposici\u00f3n colectiva. Un nutrido grupo de socios, acompa\u00f1antes, amigos y p\u00fablico se interesaban por esta muestra que esta recorriendo la provincia de Huelva, siendo esta del Codac de Gibrale\u00f3n la tercera<\/p>\n<div class=\"belowpost\"><a class=\"btnmore\" href=\"https:\/\/www.huelvaysusfotografos.com\/?p=13733\">Seguir leyendo<\/a><\/div>\n","protected":false},"author":8279,"featured_media":13734,"comment_status":"open","ping_status":"open","sticky":false,"template":"","format":"standard","meta":{"footnotes":"","_links_to":"","_links_to_target":""},"categories":[23],"tags":[],"class_list":["post-13733","post","type-post","status-publish","format-standard","has-post-thumbnail","hentry","category-exposiciones"],"_links":{"self":[{"href":"https:\/\/www.huelvaysusfotografos.com\/index.php?rest_route=\/wp\/v2\/posts\/13733","targetHints":{"allow":["GET"]}}],"collection":[{"href":"https:\/\/www.huelvaysusfotografos.com\/index.php?rest_route=\/wp\/v2\/posts"}],"about":[{"href":"https:\/\/www.huelvaysusfotografos.com\/index.php?rest_route=\/wp\/v2\/types\/post"}],"author":[{"embeddable":true,"href":"https:\/\/www.huelvaysusfotografos.com\/index.php?rest_route=\/wp\/v2\/users\/8279"}],"replies":[{"embeddable":true,"href":"https:\/\/www.huelvaysusfotografos.com\/index.php?rest_route=%2Fwp%2Fv2%2Fcomments&post=13733"}],"version-history":[{"count":1,"href":"https:\/\/www.huelvaysusfotografos.com\/index.php?rest_route=\/wp\/v2\/posts\/13733\/revisions"}],"predecessor-version":[{"id":13737,"href":"https:\/\/www.huelvaysusfotografos.com\/index.php?rest_route=\/wp\/v2\/posts\/13733\/revisions\/13737"}],"wp:featuredmedia":[{"embeddable":true,"href":"https:\/\/www.huelvaysusfotografos.com\/index.php?rest_route=\/wp\/v2\/media\/13734"}],"wp:attachment":[{"href":"https:\/\/www.huelvaysusfotografos.com\/index.php?rest_route=%2Fwp%2Fv2%2Fmedia&parent=13733"}],"wp:term":[{"taxonomy":"category","embeddable":true,"href":"https:\/\/www.huelvaysusfotografos.com\/index.php?rest_route=%2Fwp%2Fv2%2Fcategories&post=13733"},{"taxonomy":"post_tag","embeddable":true,"href":"https:\/\/www.huelvaysusfotografos.com\/index.php?rest_route=%2Fwp%2Fv2%2Ftags&post=13733"}],"curies":[{"name":"wp","href":"https:\/\/api.w.org\/{rel}","templated":true}]}}