{"id":13708,"date":"2024-02-22T10:44:42","date_gmt":"2024-02-22T09:44:42","guid":{"rendered":"https:\/\/www.huelvaysusfotografos.com\/?p=13708"},"modified":"2024-02-22T14:42:32","modified_gmt":"2024-02-22T13:42:32","slug":"el-codac-de-gibraleon-acogera-la-exposicion-greguerias","status":"publish","type":"post","link":"https:\/\/www.huelvaysusfotografos.com\/?p=13708","title":{"rendered":"El Codac de Gibrale\u00f3n acoger\u00e1 la exposici\u00f3n Greguer\u00edas"},"content":{"rendered":"\n<p>Nuestra exposici\u00f3n colectiva \u00abGreguer\u00edas\u00bb, sigue su itinerancia por la provincia de Huelva.<\/p>\n\n\n\n<p>La siguiente parada ser\u00e1 <strong>El Codac de Gibrale\u00f3n<\/strong>, un espacio de mucho calado en la poblaci\u00f3n que recibe multitud de visitas durante todo el a\u00f1o. <\/p>\n\n\n\n<p>Gracias a las gestiones de nuestra compa\u00f1era Carmen Torres Chaguaceda y el trato exquisito recibido por el Ayuntamiento de Gibrale\u00f3n y en particular de su concejal de cultura, Helen G\u00f3mez, que participar\u00e1 junto a su compa\u00f1ero en Cultura Cayetano Landero, con una greguer\u00eda, tendremos la fortuna de exponer en este espacio.<\/p>\n\n\n\n<p>La inauguraci\u00f3n ser\u00e1 el pr\u00f3ximo <strong>jueves 7 de marzo a las 19.00 horas<\/strong>,<\/p>\n\n\n\n<p>La exposici\u00f3n permanecer\u00e1 en este espacio <strong>desde el 7 de marzo al 6 de abril<\/strong>, donde se podr\u00e1 visitar en horario de ma\u00f1ana y tarde.<\/p>\n\n\n\n<p>Visitas de Lunes a viernes de ma\u00f1ana 10.00 a 14.00 horas y de tarde de 16.00 a 21.00 horas y los s\u00e1bados de 10.30 a 13.30.<\/p>\n\n\n\n<p>Os esperamos a tod@s en la inauguraci\u00f3n el pr\u00f3ximo jueves 7 de marzo. <\/p>\n\n\n<div class=\"wp-block-image\">\n<figure class=\"aligncenter size-full\"><a href=\"https:\/\/www.huelvaysusfotografos.com\/wp-content\/uploads\/2024\/02\/Cartel-Gibraleon-Greguerias-web.jpg\"><img loading=\"lazy\" decoding=\"async\" width=\"667\" height=\"1000\" src=\"https:\/\/www.huelvaysusfotografos.com\/wp-content\/uploads\/2024\/02\/Cartel-Gibraleon-Greguerias-web.jpg\" alt=\"\" class=\"wp-image-13710\" srcset=\"https:\/\/www.huelvaysusfotografos.com\/wp-content\/uploads\/2024\/02\/Cartel-Gibraleon-Greguerias-web.jpg 667w, https:\/\/www.huelvaysusfotografos.com\/wp-content\/uploads\/2024\/02\/Cartel-Gibraleon-Greguerias-web-200x300.jpg 200w\" sizes=\"auto, (max-width: 667px) 100vw, 667px\" \/><\/a><\/figure>\n<\/div>","protected":false},"excerpt":{"rendered":"<p>Nuestra exposici\u00f3n colectiva \u00abGreguer\u00edas\u00bb, sigue su itinerancia por la provincia de Huelva. La siguiente parada ser\u00e1 El Codac de Gibrale\u00f3n, un espacio de mucho calado en la poblaci\u00f3n que recibe multitud de visitas durante todo el a\u00f1o. Gracias a las gestiones de nuestra compa\u00f1era Carmen Torres Chaguaceda y el trato exquisito recibido por el Ayuntamiento de Gibrale\u00f3n y en particular de su concejal de cultura, Helen G\u00f3mez, que participar\u00e1 junto<\/p>\n<div class=\"belowpost\"><a class=\"btnmore\" href=\"https:\/\/www.huelvaysusfotografos.com\/?p=13708\">Seguir leyendo<\/a><\/div>\n","protected":false},"author":8279,"featured_media":13710,"comment_status":"open","ping_status":"open","sticky":false,"template":"","format":"standard","meta":{"footnotes":"","_links_to":"","_links_to_target":""},"categories":[23],"tags":[],"class_list":["post-13708","post","type-post","status-publish","format-standard","has-post-thumbnail","hentry","category-exposiciones"],"_links":{"self":[{"href":"https:\/\/www.huelvaysusfotografos.com\/index.php?rest_route=\/wp\/v2\/posts\/13708","targetHints":{"allow":["GET"]}}],"collection":[{"href":"https:\/\/www.huelvaysusfotografos.com\/index.php?rest_route=\/wp\/v2\/posts"}],"about":[{"href":"https:\/\/www.huelvaysusfotografos.com\/index.php?rest_route=\/wp\/v2\/types\/post"}],"author":[{"embeddable":true,"href":"https:\/\/www.huelvaysusfotografos.com\/index.php?rest_route=\/wp\/v2\/users\/8279"}],"replies":[{"embeddable":true,"href":"https:\/\/www.huelvaysusfotografos.com\/index.php?rest_route=%2Fwp%2Fv2%2Fcomments&post=13708"}],"version-history":[{"count":2,"href":"https:\/\/www.huelvaysusfotografos.com\/index.php?rest_route=\/wp\/v2\/posts\/13708\/revisions"}],"predecessor-version":[{"id":13716,"href":"https:\/\/www.huelvaysusfotografos.com\/index.php?rest_route=\/wp\/v2\/posts\/13708\/revisions\/13716"}],"wp:featuredmedia":[{"embeddable":true,"href":"https:\/\/www.huelvaysusfotografos.com\/index.php?rest_route=\/wp\/v2\/media\/13710"}],"wp:attachment":[{"href":"https:\/\/www.huelvaysusfotografos.com\/index.php?rest_route=%2Fwp%2Fv2%2Fmedia&parent=13708"}],"wp:term":[{"taxonomy":"category","embeddable":true,"href":"https:\/\/www.huelvaysusfotografos.com\/index.php?rest_route=%2Fwp%2Fv2%2Fcategories&post=13708"},{"taxonomy":"post_tag","embeddable":true,"href":"https:\/\/www.huelvaysusfotografos.com\/index.php?rest_route=%2Fwp%2Fv2%2Ftags&post=13708"}],"curies":[{"name":"wp","href":"https:\/\/api.w.org\/{rel}","templated":true}]}}