{"id":13692,"date":"2024-02-13T18:55:56","date_gmt":"2024-02-13T17:55:56","guid":{"rendered":"https:\/\/www.huelvaysusfotografos.com\/?p=13692"},"modified":"2024-02-13T18:55:59","modified_gmt":"2024-02-13T17:55:59","slug":"san-bartolome-de-la-torre-acoge-la-exposicion-fotografica-greguerias","status":"publish","type":"post","link":"https:\/\/www.huelvaysusfotografos.com\/?p=13692","title":{"rendered":"San Bartolom\u00e9 de la Torre acoge la exposici\u00f3n fotogr\u00e1fica \u2018Greguer\u00edas\u2019"},"content":{"rendered":"\n<p><strong>La muestra, que itinera por distintas localidades de la mano de la asociaci\u00f3n \u2018Huelva y sus fot\u00f3grafos\u2019, podr\u00e1 visitarse hasta el 27 de febrero en la Biblioteca Municipal.<\/strong><\/p>\n\n\n\n<p>El Ayuntamiento de San Bartolom\u00e9 de la Torre ha inaugurado recientemente la exposici\u00f3n fotogr\u00e1fica \u2018Greguer\u00edas\u2019, promovida por la Asociaci\u00f3n \u2018Huelva y sus fotografos\u2019. La muestra, que estar\u00e1 disponible hasta el pr\u00f3ximo 27 de febrero en la Biblioteca Municipal, sumerge al visitante en un mundo en el que las palabras bailan con las im\u00e1genes y lo absurdo se entrelaza con lo po\u00e9tico en una danza fascinante.<\/p>\n\n\n\n<p>A trav\u00e9s de esta galer\u00eda, las Greguer\u00edas del escritor y periodista Ram\u00f3n G\u00f3mez de la Serna se convierten en im\u00e1genes. De esta forma, cada fotograf\u00eda que recoge la exposici\u00f3n se transforma en una expresi\u00f3n humor\u00edstica y profunda que busca capturar la esencia de la vida en un destello de ingenio.<\/p>\n\n\n\n<p>La muestra cuenta con greguer\u00edas que desaf\u00edan la l\u00f3gica y que celebran lo absurdo de la existencia humana. Desde una taza de caf\u00e9 que susurra secretos al o\u00eddo del viento hasta una sombra que se niega a seguir a su due\u00f1o, estas im\u00e1genes nos invitan a reflexionar sobre la fugacidad de la vida y la belleza ef\u00edmera que la acompa\u00f1a.<\/p>\n\n\n\n<p>La alcaldesa de la localidad, Mar\u00eda Eugenia Lim\u00f3n, ha invitado a vecinos y visitantes a disfrutar \u201cde esta excepcional propuesta art\u00edstica, en la que lo mundano se transforma en extraordinario, gracias a la habilidad del fot\u00f3grafo de encontrar belleza, poes\u00eda, humor y met\u00e1fora en situaciones de nuestro d\u00eda a d\u00eda\u201d.<\/p>\n\n\n\n<p>La exposici\u00f3n est\u00e1 abierta al p\u00fablico de lunes a jueves de 16:00 a 20:00 horas y los viernes en horario de ma\u00f1ana de 9:00 a 14:00 horas.<\/p>\n\n\n\n<figure class=\"wp-block-image size-large\"><a href=\"https:\/\/www.huelvaysusfotografos.com\/wp-content\/uploads\/2024\/02\/San-Bartolome-de-la-Torre-acoge-la-exposicion-fotografica-\u2018Greguerias-1.jpg\"><img loading=\"lazy\" decoding=\"async\" width=\"1024\" height=\"768\" src=\"https:\/\/www.huelvaysusfotografos.com\/wp-content\/uploads\/2024\/02\/San-Bartolome-de-la-Torre-acoge-la-exposicion-fotografica-\u2018Greguerias-1-1024x768.jpg\" alt=\"\" class=\"wp-image-13693\" srcset=\"https:\/\/www.huelvaysusfotografos.com\/wp-content\/uploads\/2024\/02\/San-Bartolome-de-la-Torre-acoge-la-exposicion-fotografica-\u2018Greguerias-1-1024x768.jpg 1024w, https:\/\/www.huelvaysusfotografos.com\/wp-content\/uploads\/2024\/02\/San-Bartolome-de-la-Torre-acoge-la-exposicion-fotografica-\u2018Greguerias-1-300x225.jpg 300w, https:\/\/www.huelvaysusfotografos.com\/wp-content\/uploads\/2024\/02\/San-Bartolome-de-la-Torre-acoge-la-exposicion-fotografica-\u2018Greguerias-1-768x576.jpg 768w, https:\/\/www.huelvaysusfotografos.com\/wp-content\/uploads\/2024\/02\/San-Bartolome-de-la-Torre-acoge-la-exposicion-fotografica-\u2018Greguerias-1-1536x1152.jpg 1536w, https:\/\/www.huelvaysusfotografos.com\/wp-content\/uploads\/2024\/02\/San-Bartolome-de-la-Torre-acoge-la-exposicion-fotografica-\u2018Greguerias-1.jpg 1600w\" sizes=\"auto, (max-width: 1024px) 100vw, 1024px\" \/><\/a><\/figure>\n","protected":false},"excerpt":{"rendered":"<p>La muestra, que itinera por distintas localidades de la mano de la asociaci\u00f3n \u2018Huelva y sus fot\u00f3grafos\u2019, podr\u00e1 visitarse hasta el 27 de febrero en la Biblioteca Municipal. El Ayuntamiento de San Bartolom\u00e9 de la Torre ha inaugurado recientemente la exposici\u00f3n fotogr\u00e1fica \u2018Greguer\u00edas\u2019, promovida por la Asociaci\u00f3n \u2018Huelva y sus fotografos\u2019. La muestra, que estar\u00e1 disponible hasta el pr\u00f3ximo 27 de febrero en la Biblioteca Municipal, sumerge al visitante en<\/p>\n<div class=\"belowpost\"><a class=\"btnmore\" href=\"https:\/\/www.huelvaysusfotografos.com\/?p=13692\">Seguir leyendo<\/a><\/div>\n","protected":false},"author":8279,"featured_media":13694,"comment_status":"open","ping_status":"open","sticky":false,"template":"","format":"standard","meta":{"footnotes":"","_links_to":"","_links_to_target":""},"categories":[23],"tags":[],"class_list":["post-13692","post","type-post","status-publish","format-standard","has-post-thumbnail","hentry","category-exposiciones"],"_links":{"self":[{"href":"https:\/\/www.huelvaysusfotografos.com\/index.php?rest_route=\/wp\/v2\/posts\/13692","targetHints":{"allow":["GET"]}}],"collection":[{"href":"https:\/\/www.huelvaysusfotografos.com\/index.php?rest_route=\/wp\/v2\/posts"}],"about":[{"href":"https:\/\/www.huelvaysusfotografos.com\/index.php?rest_route=\/wp\/v2\/types\/post"}],"author":[{"embeddable":true,"href":"https:\/\/www.huelvaysusfotografos.com\/index.php?rest_route=\/wp\/v2\/users\/8279"}],"replies":[{"embeddable":true,"href":"https:\/\/www.huelvaysusfotografos.com\/index.php?rest_route=%2Fwp%2Fv2%2Fcomments&post=13692"}],"version-history":[{"count":1,"href":"https:\/\/www.huelvaysusfotografos.com\/index.php?rest_route=\/wp\/v2\/posts\/13692\/revisions"}],"predecessor-version":[{"id":13695,"href":"https:\/\/www.huelvaysusfotografos.com\/index.php?rest_route=\/wp\/v2\/posts\/13692\/revisions\/13695"}],"wp:featuredmedia":[{"embeddable":true,"href":"https:\/\/www.huelvaysusfotografos.com\/index.php?rest_route=\/wp\/v2\/media\/13694"}],"wp:attachment":[{"href":"https:\/\/www.huelvaysusfotografos.com\/index.php?rest_route=%2Fwp%2Fv2%2Fmedia&parent=13692"}],"wp:term":[{"taxonomy":"category","embeddable":true,"href":"https:\/\/www.huelvaysusfotografos.com\/index.php?rest_route=%2Fwp%2Fv2%2Fcategories&post=13692"},{"taxonomy":"post_tag","embeddable":true,"href":"https:\/\/www.huelvaysusfotografos.com\/index.php?rest_route=%2Fwp%2Fv2%2Ftags&post=13692"}],"curies":[{"name":"wp","href":"https:\/\/api.w.org\/{rel}","templated":true}]}}