{"id":13686,"date":"2024-02-05T17:55:00","date_gmt":"2024-02-05T16:55:00","guid":{"rendered":"https:\/\/www.huelvaysusfotografos.com\/?p=13686"},"modified":"2024-02-05T17:55:03","modified_gmt":"2024-02-05T16:55:03","slug":"reto-semanal-mes-de-febrero","status":"publish","type":"post","link":"https:\/\/www.huelvaysusfotografos.com\/?p=13686","title":{"rendered":"Reto semanal mes de Febrero."},"content":{"rendered":"\n<p>Buenas tardes a tod@s<\/p>\n\n\n\n<p>Empezamos la und\u00e9cima parte del reto, correspondiente al mes de febrero de 2024. Como bien saben el reto es trimestral para tener el ganador absoluto del trimestre.<\/p>\n\n\n\n<p>Tal como recogen las bases del concurso va dirigido a los soci@s de Huelva y sus Fot\u00f3grafos.<\/p>\n\n\n\n<p>En dicho concurso pretendemos incentivar la participaci\u00f3n y la puesta en marcha de nuestras dotes art\u00edsticas, que bien empleamos diariamente en los trabajos realizados.<\/p>\n\n\n\n<p>Se trata de un concurso creativo donde cada semana se propondr\u00e1 un reto. Cada socio podr\u00e1 enviar una foto, que ha de ser in\u00e9dita y obviamente no habr\u00e1 sido presentada en otros concursos.<\/p>\n\n\n\n<p>Las fotos ir\u00e1n sin firma ni marca de agua. La Participaci\u00f3n en este concurso implica la aceptaci\u00f3n de las bases que se recogen en el Reto Semanal que se present\u00f3 hace varios meses.<\/p>\n\n\n\n<p>Los retos de las pr\u00f3ximas semanas del mes de febrero son los siguientes;<\/p>\n\n\n\n<p><em><u>1 semana, del 5 al 11 de febrero<\/u><\/em>.-&nbsp;&nbsp;<strong>Flores<\/strong><\/p>\n\n\n\n<p><em><u>2 semana, del 12 al 18&nbsp; de febrero<\/u><\/em>.-&nbsp;<strong>Formas arquitect\u00f3nicas<\/strong><\/p>\n\n\n\n<p><em><u>3 semana, del 19 al 25 de febrero<\/u><\/em>.-&nbsp;<strong>Carnaval<\/strong><\/p>\n\n\n\n<p><em><u>4 semana,&nbsp; del 26 de febrero al 3 de marzo<\/u><\/em><em>.- <\/em><strong>Macro<\/strong><\/p>\n\n\n\n<p>De entre todas estas fotos presentadas saldr\u00e1 la foto vencedora del mes de febrero, que competir\u00e1 con las otras de los meses de enero y marzo de 2024.<\/p>\n\n\n\n<p>Suerte a tod@s, esperamos vuestras fotos.<\/p>\n","protected":false},"excerpt":{"rendered":"<p>Buenas tardes a tod@s Empezamos la und\u00e9cima parte del reto, correspondiente al mes de febrero de 2024. Como bien saben el reto es trimestral para tener el ganador absoluto del trimestre. Tal como recogen las bases del concurso va dirigido a los soci@s de Huelva y sus Fot\u00f3grafos. En dicho concurso pretendemos incentivar la participaci\u00f3n y la puesta en marcha de nuestras dotes art\u00edsticas, que bien empleamos diariamente en los<\/p>\n<div class=\"belowpost\"><a class=\"btnmore\" href=\"https:\/\/www.huelvaysusfotografos.com\/?p=13686\">Seguir leyendo<\/a><\/div>\n","protected":false},"author":8279,"featured_media":12655,"comment_status":"open","ping_status":"open","sticky":false,"template":"","format":"standard","meta":{"footnotes":"","_links_to":"","_links_to_target":""},"categories":[12],"tags":[],"class_list":["post-13686","post","type-post","status-publish","format-standard","has-post-thumbnail","hentry","category-concursos"],"_links":{"self":[{"href":"https:\/\/www.huelvaysusfotografos.com\/index.php?rest_route=\/wp\/v2\/posts\/13686","targetHints":{"allow":["GET"]}}],"collection":[{"href":"https:\/\/www.huelvaysusfotografos.com\/index.php?rest_route=\/wp\/v2\/posts"}],"about":[{"href":"https:\/\/www.huelvaysusfotografos.com\/index.php?rest_route=\/wp\/v2\/types\/post"}],"author":[{"embeddable":true,"href":"https:\/\/www.huelvaysusfotografos.com\/index.php?rest_route=\/wp\/v2\/users\/8279"}],"replies":[{"embeddable":true,"href":"https:\/\/www.huelvaysusfotografos.com\/index.php?rest_route=%2Fwp%2Fv2%2Fcomments&post=13686"}],"version-history":[{"count":1,"href":"https:\/\/www.huelvaysusfotografos.com\/index.php?rest_route=\/wp\/v2\/posts\/13686\/revisions"}],"predecessor-version":[{"id":13687,"href":"https:\/\/www.huelvaysusfotografos.com\/index.php?rest_route=\/wp\/v2\/posts\/13686\/revisions\/13687"}],"wp:featuredmedia":[{"embeddable":true,"href":"https:\/\/www.huelvaysusfotografos.com\/index.php?rest_route=\/wp\/v2\/media\/12655"}],"wp:attachment":[{"href":"https:\/\/www.huelvaysusfotografos.com\/index.php?rest_route=%2Fwp%2Fv2%2Fmedia&parent=13686"}],"wp:term":[{"taxonomy":"category","embeddable":true,"href":"https:\/\/www.huelvaysusfotografos.com\/index.php?rest_route=%2Fwp%2Fv2%2Fcategories&post=13686"},{"taxonomy":"post_tag","embeddable":true,"href":"https:\/\/www.huelvaysusfotografos.com\/index.php?rest_route=%2Fwp%2Fv2%2Ftags&post=13686"}],"curies":[{"name":"wp","href":"https:\/\/api.w.org\/{rel}","templated":true}]}}