{"id":13680,"date":"2024-01-29T16:55:00","date_gmt":"2024-01-29T15:55:00","guid":{"rendered":"https:\/\/www.huelvaysusfotografos.com\/?p=13680"},"modified":"2024-01-30T00:08:53","modified_gmt":"2024-01-29T23:08:53","slug":"san-bartolome-acogera-la-exposicion-greguerias","status":"publish","type":"post","link":"https:\/\/www.huelvaysusfotografos.com\/?p=13680","title":{"rendered":"San Bartolom\u00e9 acoger\u00e1 la exposici\u00f3n Greguer\u00edas"},"content":{"rendered":"\n<p>La localidad onubense de San Bartolom\u00e9 de la Torre, es la primera de las paradas de nuestra exposici\u00f3n colectiva \u00abGreguer\u00edas\u00bb.<\/p>\n\n\n\n<p>Nuestra exposici\u00f3n que se inaugur\u00f3 el pasado 8 de enero en la Sala Rio Tinto de la Casa Col\u00f3n, recorrer\u00e1 la provincia de Huelva, por un nutrido grupo de localidades donde podr\u00e1n ver las obras de m\u00e1s de una veintena de autores, socios de Huelva y sus Fot\u00f3grafos, que ha querido plasmar en im\u00e1genes las Greguer\u00edas de Ram\u00f3n G\u00f3mez de la Serna. <\/p>\n\n\n\n<p>La inauguraci\u00f3n ser\u00e1 el pr\u00f3ximo 8 de febrero a las 19.00 horas en la Biblioteca Municipal de la localidad. La exposici\u00f3n se podr\u00e1 visitar de lunes a jueves de 16.00 a 20.00 horas y los viernes de 09.00 a 14.00 horas.<\/p>\n\n\n\n<p><strong>Ram\u00f3n G\u00f3mez de la Serna Puig<\/strong>&nbsp;(Madrid, 3 de julio de 1888\u200b-Buenos Aires, 12 de enero\u200b de 1963) fue un prol\u00edfico escritor y periodista&nbsp;vanguardista&nbsp;espa\u00f1ol, generalmente adscrito a la&nbsp;generaci\u00f3n de 1914&nbsp;o&nbsp;novecentismo, e impulsor del g\u00e9nero literario conocido como&nbsp;greguer\u00eda.<\/p>\n\n\n\n<p>Las\u00a0<strong>greguer\u00edas<\/strong>\u00a0son textos breves semejantes a\u00a0aforismos, que generalmente constan de una sola oraci\u00f3n expresada en dos o m\u00e1s l\u00edneas, y que expresan, de forma aguda y original, pensamientos filos\u00f3ficos, humor\u00edsticos, pragm\u00e1ticos, l\u00edricos, o de cualquier otra \u00edndole. Se considera un g\u00e9nero creado por\u00a0<strong>Ram\u00f3n G\u00f3mez de la Serna,<\/strong>\u00a0que las defini\u00f3 con esta sencilla f\u00f3rmula:\u00a0<img decoding=\"async\" src=\"https:\/\/wikimedia.org\/api\/rest_v1\/media\/math\/render\/svg\/487771159eb02aa7590a90932eaa9bc5b987d5fb\" alt=\"{\\displaystyle humorismo+met{\\acute {a}}fora\\longmapsto greguer{\\acute {\\iota }}a}\">present\u00e1ndolas como una sentencia ingeniosa y en general breve que surge de un choque casual entre el pensamiento y la realidad.<\/p>\n\n\n\n<figure class=\"wp-block-image size-large\"><a href=\"https:\/\/www.huelvaysusfotografos.com\/wp-content\/uploads\/2024\/01\/CARTEL-SAN-BARTOLOME.jpg\"><img loading=\"lazy\" decoding=\"async\" width=\"1024\" height=\"1024\" src=\"https:\/\/www.huelvaysusfotografos.com\/wp-content\/uploads\/2024\/01\/CARTEL-SAN-BARTOLOME-1024x1024.jpg\" alt=\"\" class=\"wp-image-13682\" srcset=\"https:\/\/www.huelvaysusfotografos.com\/wp-content\/uploads\/2024\/01\/CARTEL-SAN-BARTOLOME-1024x1024.jpg 1024w, https:\/\/www.huelvaysusfotografos.com\/wp-content\/uploads\/2024\/01\/CARTEL-SAN-BARTOLOME-300x300.jpg 300w, https:\/\/www.huelvaysusfotografos.com\/wp-content\/uploads\/2024\/01\/CARTEL-SAN-BARTOLOME-150x150.jpg 150w, https:\/\/www.huelvaysusfotografos.com\/wp-content\/uploads\/2024\/01\/CARTEL-SAN-BARTOLOME-768x768.jpg 768w, https:\/\/www.huelvaysusfotografos.com\/wp-content\/uploads\/2024\/01\/CARTEL-SAN-BARTOLOME-50x50.jpg 50w, https:\/\/www.huelvaysusfotografos.com\/wp-content\/uploads\/2024\/01\/CARTEL-SAN-BARTOLOME-186x186.jpg 186w, https:\/\/www.huelvaysusfotografos.com\/wp-content\/uploads\/2024\/01\/CARTEL-SAN-BARTOLOME.jpg 1080w\" sizes=\"auto, (max-width: 1024px) 100vw, 1024px\" \/><\/a><\/figure>\n","protected":false},"excerpt":{"rendered":"<p>La localidad onubense de San Bartolom\u00e9 de la Torre, es la primera de las paradas de nuestra exposici\u00f3n colectiva \u00abGreguer\u00edas\u00bb. Nuestra exposici\u00f3n que se inaugur\u00f3 el pasado 8 de enero en la Sala Rio Tinto de la Casa Col\u00f3n, recorrer\u00e1 la provincia de Huelva, por un nutrido grupo de localidades donde podr\u00e1n ver las obras de m\u00e1s de una veintena de autores, socios de Huelva y sus Fot\u00f3grafos, que ha<\/p>\n<div class=\"belowpost\"><a class=\"btnmore\" href=\"https:\/\/www.huelvaysusfotografos.com\/?p=13680\">Seguir leyendo<\/a><\/div>\n","protected":false},"author":8279,"featured_media":13681,"comment_status":"open","ping_status":"open","sticky":false,"template":"","format":"standard","meta":{"footnotes":"","_links_to":"","_links_to_target":""},"categories":[23],"tags":[],"class_list":["post-13680","post","type-post","status-publish","format-standard","has-post-thumbnail","hentry","category-exposiciones"],"_links":{"self":[{"href":"https:\/\/www.huelvaysusfotografos.com\/index.php?rest_route=\/wp\/v2\/posts\/13680","targetHints":{"allow":["GET"]}}],"collection":[{"href":"https:\/\/www.huelvaysusfotografos.com\/index.php?rest_route=\/wp\/v2\/posts"}],"about":[{"href":"https:\/\/www.huelvaysusfotografos.com\/index.php?rest_route=\/wp\/v2\/types\/post"}],"author":[{"embeddable":true,"href":"https:\/\/www.huelvaysusfotografos.com\/index.php?rest_route=\/wp\/v2\/users\/8279"}],"replies":[{"embeddable":true,"href":"https:\/\/www.huelvaysusfotografos.com\/index.php?rest_route=%2Fwp%2Fv2%2Fcomments&post=13680"}],"version-history":[{"count":1,"href":"https:\/\/www.huelvaysusfotografos.com\/index.php?rest_route=\/wp\/v2\/posts\/13680\/revisions"}],"predecessor-version":[{"id":13683,"href":"https:\/\/www.huelvaysusfotografos.com\/index.php?rest_route=\/wp\/v2\/posts\/13680\/revisions\/13683"}],"wp:featuredmedia":[{"embeddable":true,"href":"https:\/\/www.huelvaysusfotografos.com\/index.php?rest_route=\/wp\/v2\/media\/13681"}],"wp:attachment":[{"href":"https:\/\/www.huelvaysusfotografos.com\/index.php?rest_route=%2Fwp%2Fv2%2Fmedia&parent=13680"}],"wp:term":[{"taxonomy":"category","embeddable":true,"href":"https:\/\/www.huelvaysusfotografos.com\/index.php?rest_route=%2Fwp%2Fv2%2Fcategories&post=13680"},{"taxonomy":"post_tag","embeddable":true,"href":"https:\/\/www.huelvaysusfotografos.com\/index.php?rest_route=%2Fwp%2Fv2%2Ftags&post=13680"}],"curies":[{"name":"wp","href":"https:\/\/api.w.org\/{rel}","templated":true}]}}