{"id":13643,"date":"2024-01-09T17:35:13","date_gmt":"2024-01-09T16:35:13","guid":{"rendered":"https:\/\/www.huelvaysusfotografos.com\/?p=13643"},"modified":"2024-01-09T21:18:00","modified_gmt":"2024-01-09T20:18:00","slug":"inaugurada-la-exposicion-greguerias-de-la-asociacion-huelva-y-sus-fotografos","status":"publish","type":"post","link":"https:\/\/www.huelvaysusfotografos.com\/?p=13643","title":{"rendered":"Inaugurada la Exposici\u00f3n \u201cGreguer\u00edas\u201d de la Asociaci\u00f3n Huelva y sus Fot\u00f3grafos."},"content":{"rendered":"\n<p>En la tarde del lunes 8 de enero, la asociaci\u00f3n Huelva y sus fot\u00f3grafos, daban el pistoletazo de salida a sus actividades de 2024, con la inauguraci\u00f3n de la exposici\u00f3n colectiva denominada \u201cGreguer\u00edas\u201d.<\/p>\n\n\n\n<p>Ante un nutrido grupo de socios, amigos y autoridades, se desarrollaba esta primera actividad que convert\u00eda las Greguer\u00edas de Ram\u00f3n G\u00f3mez de la Serna en im\u00e1genes.<\/p>\n\n\n\n<p>La tarde desapacible y con fuertes rachas de lluvia no mermo el inter\u00e9s por acudir a la exposici\u00f3n y comprobar la imaginaci\u00f3n de los socios a la hora de convertir en im\u00e1genes las Greguer\u00edas de G\u00f3mez de la Serna.<\/p>\n\n\n\n<p>El acto cont\u00f3 con la presencia del Concejal de Cultura y Patrimonio de Ayuntamiento de Huelva, Nacho Molina, el presidente de la Autoridad Portuaria de Huelva, Alberto Santana, el director de la Fundaci\u00f3n Caja Rural del Sur, Emilio Ponce y el presidente de Poetas de Huelva por la Paz, Ram\u00f3n Llanes.<\/p>\n\n\n\n<p>Los medios de comunicaci\u00f3n estuvieron presentes para dar informaci\u00f3n del acto, saliendo en los programas en directo de Teleonuba y en los informativos de Canal Sur TV y Huelva TV.<\/p>\n\n\n\n<p>Sin duda alguna una magnifica velada entorno a la pasi\u00f3n que nos une, la fotograf\u00eda.<\/p>\n\n\n\n<p>La muestra recoge un total de 25 fotograf\u00edas de los socios de nuestra asociaci\u00f3n.<\/p>\n\n\n\n<p><strong>Ram\u00f3n G\u00f3mez de la Serna Puig<\/strong>&nbsp;(Madrid, 3 de julio de 1888\u200b-Buenos Aires, 12 de enero\u200b de 1963) fue un prol\u00edfico escritor y periodista&nbsp;vanguardista&nbsp;espa\u00f1ol, generalmente adscrito a la&nbsp;generaci\u00f3n de 1914&nbsp;o&nbsp;novecentismo, e impulsor del g\u00e9nero literario conocido como&nbsp;greguer\u00eda.<\/p>\n\n\n\n<p>Las&nbsp;<strong>greguer\u00edas<\/strong>&nbsp;son textos breves semejantes a&nbsp;aforismos, que generalmente constan de una sola oraci\u00f3n expresada en dos o m\u00e1s l\u00edneas, y que expresan, de forma aguda y original, pensamientos filos\u00f3ficos, humor\u00edsticos, pragm\u00e1ticos, l\u00edricos, o de cualquier otra \u00edndole. Se considera un g\u00e9nero creado por&nbsp;<strong>Ram\u00f3n G\u00f3mez de la Serna,<\/strong>&nbsp;que las defini\u00f3 con esta sencilla f\u00f3rmula: humorismo + met\u00e1fora= greguer\u00edas. Present\u00e1ndolas como una sentencia ingeniosa y en general breve que surge de un choque casual entre el pensamiento y la realidad.<\/p>\n\n\n\n<p>La exposici\u00f3n puede visitarse en horario de <strong>ma\u00f1ana y tarde<\/strong> de <strong>lunes a viernes<\/strong> y los <strong>s\u00e1bados por la ma\u00f1ana<\/strong> en la <strong>sala Rio Tinto de la Casa Col\u00f3n<\/strong>.<\/p>\n\n\n\n<p><strong>Horario de Ma\u00f1ana de 10.30 a 13.30 horas<\/strong><\/p>\n\n\n\n<p><strong>Horario de tarde de 17.30 a 20.30 horas.<\/strong><\/p>\n\n\n\n<p>Desde del 9 de enero hasta el 30 de Enero de 2024.<\/p>\n\n\n\n<p>Fotos inauguraci\u00f3n de Antonio Pereira<\/p>\n\n\n\n<figure class=\"wp-block-gallery has-nested-images columns-default wp-block-gallery-1 is-layout-flex wp-block-gallery-is-layout-flex\">\n<figure class=\"wp-block-image size-large\"><a href=\"https:\/\/www.huelvaysusfotografos.com\/wp-content\/uploads\/2024\/01\/1.jpg\"><img loading=\"lazy\" decoding=\"async\" width=\"1024\" height=\"768\" data-id=\"13647\" src=\"https:\/\/www.huelvaysusfotografos.com\/wp-content\/uploads\/2024\/01\/1-1024x768.jpg\" alt=\"\" class=\"wp-image-13647\" srcset=\"https:\/\/www.huelvaysusfotografos.com\/wp-content\/uploads\/2024\/01\/1-1024x768.jpg 1024w, https:\/\/www.huelvaysusfotografos.com\/wp-content\/uploads\/2024\/01\/1-300x225.jpg 300w, https:\/\/www.huelvaysusfotografos.com\/wp-content\/uploads\/2024\/01\/1-768x576.jpg 768w, https:\/\/www.huelvaysusfotografos.com\/wp-content\/uploads\/2024\/01\/1-1536x1152.jpg 1536w, https:\/\/www.huelvaysusfotografos.com\/wp-content\/uploads\/2024\/01\/1.jpg 1600w\" sizes=\"auto, (max-width: 1024px) 100vw, 1024px\" \/><\/a><\/figure>\n\n\n\n<figure class=\"wp-block-image size-large\"><a href=\"https:\/\/www.huelvaysusfotografos.com\/wp-content\/uploads\/2024\/01\/2.jpg\"><img loading=\"lazy\" decoding=\"async\" width=\"1024\" height=\"768\" data-id=\"13648\" src=\"https:\/\/www.huelvaysusfotografos.com\/wp-content\/uploads\/2024\/01\/2-1024x768.jpg\" alt=\"\" class=\"wp-image-13648\" srcset=\"https:\/\/www.huelvaysusfotografos.com\/wp-content\/uploads\/2024\/01\/2-1024x768.jpg 1024w, https:\/\/www.huelvaysusfotografos.com\/wp-content\/uploads\/2024\/01\/2-300x225.jpg 300w, https:\/\/www.huelvaysusfotografos.com\/wp-content\/uploads\/2024\/01\/2-768x576.jpg 768w, https:\/\/www.huelvaysusfotografos.com\/wp-content\/uploads\/2024\/01\/2-1536x1152.jpg 1536w, https:\/\/www.huelvaysusfotografos.com\/wp-content\/uploads\/2024\/01\/2.jpg 1600w\" sizes=\"auto, (max-width: 1024px) 100vw, 1024px\" \/><\/a><\/figure>\n\n\n\n<figure class=\"wp-block-image size-large\"><a href=\"https:\/\/www.huelvaysusfotografos.com\/wp-content\/uploads\/2024\/01\/3.jpg\"><img loading=\"lazy\" decoding=\"async\" width=\"1024\" height=\"768\" data-id=\"13646\" src=\"https:\/\/www.huelvaysusfotografos.com\/wp-content\/uploads\/2024\/01\/3-1024x768.jpg\" alt=\"\" class=\"wp-image-13646\" srcset=\"https:\/\/www.huelvaysusfotografos.com\/wp-content\/uploads\/2024\/01\/3-1024x768.jpg 1024w, https:\/\/www.huelvaysusfotografos.com\/wp-content\/uploads\/2024\/01\/3-300x225.jpg 300w, https:\/\/www.huelvaysusfotografos.com\/wp-content\/uploads\/2024\/01\/3-768x576.jpg 768w, https:\/\/www.huelvaysusfotografos.com\/wp-content\/uploads\/2024\/01\/3-1536x1152.jpg 1536w, https:\/\/www.huelvaysusfotografos.com\/wp-content\/uploads\/2024\/01\/3.jpg 1600w\" sizes=\"auto, (max-width: 1024px) 100vw, 1024px\" \/><\/a><\/figure>\n\n\n\n<figure class=\"wp-block-image size-large\"><a href=\"https:\/\/www.huelvaysusfotografos.com\/wp-content\/uploads\/2024\/01\/4.jpg\"><img loading=\"lazy\" decoding=\"async\" width=\"1024\" height=\"768\" data-id=\"13650\" src=\"https:\/\/www.huelvaysusfotografos.com\/wp-content\/uploads\/2024\/01\/4-1024x768.jpg\" alt=\"\" class=\"wp-image-13650\" srcset=\"https:\/\/www.huelvaysusfotografos.com\/wp-content\/uploads\/2024\/01\/4-1024x768.jpg 1024w, https:\/\/www.huelvaysusfotografos.com\/wp-content\/uploads\/2024\/01\/4-300x225.jpg 300w, https:\/\/www.huelvaysusfotografos.com\/wp-content\/uploads\/2024\/01\/4-768x576.jpg 768w, https:\/\/www.huelvaysusfotografos.com\/wp-content\/uploads\/2024\/01\/4-1536x1152.jpg 1536w, https:\/\/www.huelvaysusfotografos.com\/wp-content\/uploads\/2024\/01\/4.jpg 1600w\" sizes=\"auto, (max-width: 1024px) 100vw, 1024px\" \/><\/a><\/figure>\n\n\n\n<figure class=\"wp-block-image size-large\"><a href=\"https:\/\/www.huelvaysusfotografos.com\/wp-content\/uploads\/2024\/01\/5.jpg\"><img loading=\"lazy\" decoding=\"async\" width=\"1024\" height=\"768\" data-id=\"13649\" src=\"https:\/\/www.huelvaysusfotografos.com\/wp-content\/uploads\/2024\/01\/5-1024x768.jpg\" alt=\"\" class=\"wp-image-13649\" srcset=\"https:\/\/www.huelvaysusfotografos.com\/wp-content\/uploads\/2024\/01\/5-1024x768.jpg 1024w, https:\/\/www.huelvaysusfotografos.com\/wp-content\/uploads\/2024\/01\/5-300x225.jpg 300w, https:\/\/www.huelvaysusfotografos.com\/wp-content\/uploads\/2024\/01\/5-768x576.jpg 768w, https:\/\/www.huelvaysusfotografos.com\/wp-content\/uploads\/2024\/01\/5-1536x1152.jpg 1536w, https:\/\/www.huelvaysusfotografos.com\/wp-content\/uploads\/2024\/01\/5.jpg 1600w\" sizes=\"auto, (max-width: 1024px) 100vw, 1024px\" \/><\/a><\/figure>\n\n\n\n<figure class=\"wp-block-image size-large\"><a href=\"https:\/\/www.huelvaysusfotografos.com\/wp-content\/uploads\/2024\/01\/6.jpg\"><img loading=\"lazy\" decoding=\"async\" width=\"1024\" height=\"768\" data-id=\"13651\" src=\"https:\/\/www.huelvaysusfotografos.com\/wp-content\/uploads\/2024\/01\/6-1024x768.jpg\" alt=\"\" class=\"wp-image-13651\" srcset=\"https:\/\/www.huelvaysusfotografos.com\/wp-content\/uploads\/2024\/01\/6-1024x768.jpg 1024w, https:\/\/www.huelvaysusfotografos.com\/wp-content\/uploads\/2024\/01\/6-300x225.jpg 300w, https:\/\/www.huelvaysusfotografos.com\/wp-content\/uploads\/2024\/01\/6-768x576.jpg 768w, https:\/\/www.huelvaysusfotografos.com\/wp-content\/uploads\/2024\/01\/6-1536x1152.jpg 1536w, https:\/\/www.huelvaysusfotografos.com\/wp-content\/uploads\/2024\/01\/6.jpg 1600w\" sizes=\"auto, (max-width: 1024px) 100vw, 1024px\" \/><\/a><\/figure>\n\n\n\n<figure class=\"wp-block-image size-large\"><a href=\"https:\/\/www.huelvaysusfotografos.com\/wp-content\/uploads\/2024\/01\/7.jpg\"><img loading=\"lazy\" decoding=\"async\" width=\"1024\" height=\"768\" data-id=\"13653\" src=\"https:\/\/www.huelvaysusfotografos.com\/wp-content\/uploads\/2024\/01\/7-1024x768.jpg\" alt=\"\" class=\"wp-image-13653\" srcset=\"https:\/\/www.huelvaysusfotografos.com\/wp-content\/uploads\/2024\/01\/7-1024x768.jpg 1024w, https:\/\/www.huelvaysusfotografos.com\/wp-content\/uploads\/2024\/01\/7-300x225.jpg 300w, https:\/\/www.huelvaysusfotografos.com\/wp-content\/uploads\/2024\/01\/7-768x576.jpg 768w, https:\/\/www.huelvaysusfotografos.com\/wp-content\/uploads\/2024\/01\/7-1536x1152.jpg 1536w, https:\/\/www.huelvaysusfotografos.com\/wp-content\/uploads\/2024\/01\/7.jpg 1600w\" sizes=\"auto, (max-width: 1024px) 100vw, 1024px\" \/><\/a><\/figure>\n\n\n\n<figure class=\"wp-block-image size-large\"><a href=\"https:\/\/www.huelvaysusfotografos.com\/wp-content\/uploads\/2024\/01\/8.jpg\"><img loading=\"lazy\" decoding=\"async\" width=\"1600\" height=\"1200\" data-id=\"13652\" src=\"https:\/\/www.huelvaysusfotografos.com\/wp-content\/uploads\/2024\/01\/8-1024x768.jpg\" alt=\"\" class=\"wp-image-13652\" srcset=\"https:\/\/www.huelvaysusfotografos.com\/wp-content\/uploads\/2024\/01\/8-1024x768.jpg 1024w, https:\/\/www.huelvaysusfotografos.com\/wp-content\/uploads\/2024\/01\/8-300x225.jpg 300w, https:\/\/www.huelvaysusfotografos.com\/wp-content\/uploads\/2024\/01\/8-768x576.jpg 768w, https:\/\/www.huelvaysusfotografos.com\/wp-content\/uploads\/2024\/01\/8-1536x1152.jpg 1536w, https:\/\/www.huelvaysusfotografos.com\/wp-content\/uploads\/2024\/01\/8.jpg 1600w\" sizes=\"auto, (max-width: 1600px) 100vw, 1600px\" \/><\/a><\/figure>\n\n\n\n<figure class=\"wp-block-image size-large\"><a href=\"https:\/\/www.huelvaysusfotografos.com\/wp-content\/uploads\/2024\/01\/9.jpg\"><img loading=\"lazy\" decoding=\"async\" width=\"1024\" height=\"768\" data-id=\"13655\" src=\"https:\/\/www.huelvaysusfotografos.com\/wp-content\/uploads\/2024\/01\/9-1024x768.jpg\" alt=\"\" class=\"wp-image-13655\" srcset=\"https:\/\/www.huelvaysusfotografos.com\/wp-content\/uploads\/2024\/01\/9-1024x768.jpg 1024w, https:\/\/www.huelvaysusfotografos.com\/wp-content\/uploads\/2024\/01\/9-300x225.jpg 300w, https:\/\/www.huelvaysusfotografos.com\/wp-content\/uploads\/2024\/01\/9-768x576.jpg 768w, https:\/\/www.huelvaysusfotografos.com\/wp-content\/uploads\/2024\/01\/9-1536x1152.jpg 1536w, https:\/\/www.huelvaysusfotografos.com\/wp-content\/uploads\/2024\/01\/9.jpg 1600w\" sizes=\"auto, (max-width: 1024px) 100vw, 1024px\" \/><\/a><\/figure>\n\n\n\n<figure class=\"wp-block-image size-large\"><a href=\"https:\/\/www.huelvaysusfotografos.com\/wp-content\/uploads\/2024\/01\/10.jpg\"><img loading=\"lazy\" decoding=\"async\" width=\"1024\" height=\"768\" data-id=\"13654\" src=\"https:\/\/www.huelvaysusfotografos.com\/wp-content\/uploads\/2024\/01\/10-1024x768.jpg\" alt=\"\" class=\"wp-image-13654\" srcset=\"https:\/\/www.huelvaysusfotografos.com\/wp-content\/uploads\/2024\/01\/10-1024x768.jpg 1024w, https:\/\/www.huelvaysusfotografos.com\/wp-content\/uploads\/2024\/01\/10-300x225.jpg 300w, https:\/\/www.huelvaysusfotografos.com\/wp-content\/uploads\/2024\/01\/10-768x576.jpg 768w, https:\/\/www.huelvaysusfotografos.com\/wp-content\/uploads\/2024\/01\/10-1536x1152.jpg 1536w, https:\/\/www.huelvaysusfotografos.com\/wp-content\/uploads\/2024\/01\/10.jpg 1600w\" sizes=\"auto, (max-width: 1024px) 100vw, 1024px\" \/><\/a><\/figure>\n\n\n\n<figure class=\"wp-block-image size-large\"><a href=\"https:\/\/www.huelvaysusfotografos.com\/wp-content\/uploads\/2024\/01\/11.jpg\"><img loading=\"lazy\" decoding=\"async\" width=\"768\" height=\"1024\" data-id=\"13656\" src=\"https:\/\/www.huelvaysusfotografos.com\/wp-content\/uploads\/2024\/01\/11-768x1024.jpg\" alt=\"\" class=\"wp-image-13656\" srcset=\"https:\/\/www.huelvaysusfotografos.com\/wp-content\/uploads\/2024\/01\/11-768x1024.jpg 768w, https:\/\/www.huelvaysusfotografos.com\/wp-content\/uploads\/2024\/01\/11-225x300.jpg 225w, https:\/\/www.huelvaysusfotografos.com\/wp-content\/uploads\/2024\/01\/11-1152x1536.jpg 1152w, https:\/\/www.huelvaysusfotografos.com\/wp-content\/uploads\/2024\/01\/11.jpg 1200w\" sizes=\"auto, (max-width: 768px) 100vw, 768px\" \/><\/a><\/figure>\n\n\n\n<figure class=\"wp-block-image size-large\"><a href=\"https:\/\/www.huelvaysusfotografos.com\/wp-content\/uploads\/2024\/01\/12.jpg\"><img loading=\"lazy\" decoding=\"async\" width=\"1024\" height=\"768\" data-id=\"13657\" src=\"https:\/\/www.huelvaysusfotografos.com\/wp-content\/uploads\/2024\/01\/12-1024x768.jpg\" alt=\"\" class=\"wp-image-13657\" srcset=\"https:\/\/www.huelvaysusfotografos.com\/wp-content\/uploads\/2024\/01\/12-1024x768.jpg 1024w, https:\/\/www.huelvaysusfotografos.com\/wp-content\/uploads\/2024\/01\/12-300x225.jpg 300w, https:\/\/www.huelvaysusfotografos.com\/wp-content\/uploads\/2024\/01\/12-768x576.jpg 768w, https:\/\/www.huelvaysusfotografos.com\/wp-content\/uploads\/2024\/01\/12-1536x1152.jpg 1536w, https:\/\/www.huelvaysusfotografos.com\/wp-content\/uploads\/2024\/01\/12.jpg 1600w\" sizes=\"auto, (max-width: 1024px) 100vw, 1024px\" \/><\/a><\/figure>\n\n\n\n<figure class=\"wp-block-image size-large\"><a href=\"https:\/\/www.huelvaysusfotografos.com\/wp-content\/uploads\/2024\/01\/13.jpg\"><img loading=\"lazy\" decoding=\"async\" width=\"1024\" height=\"768\" data-id=\"13659\" src=\"https:\/\/www.huelvaysusfotografos.com\/wp-content\/uploads\/2024\/01\/13-1024x768.jpg\" alt=\"\" class=\"wp-image-13659\" srcset=\"https:\/\/www.huelvaysusfotografos.com\/wp-content\/uploads\/2024\/01\/13-1024x768.jpg 1024w, https:\/\/www.huelvaysusfotografos.com\/wp-content\/uploads\/2024\/01\/13-300x225.jpg 300w, https:\/\/www.huelvaysusfotografos.com\/wp-content\/uploads\/2024\/01\/13-768x576.jpg 768w, https:\/\/www.huelvaysusfotografos.com\/wp-content\/uploads\/2024\/01\/13-1536x1152.jpg 1536w, https:\/\/www.huelvaysusfotografos.com\/wp-content\/uploads\/2024\/01\/13.jpg 1600w\" sizes=\"auto, (max-width: 1024px) 100vw, 1024px\" \/><\/a><\/figure>\n\n\n\n<figure class=\"wp-block-image size-large\"><a href=\"https:\/\/www.huelvaysusfotografos.com\/wp-content\/uploads\/2024\/01\/14.jpg\"><img loading=\"lazy\" decoding=\"async\" width=\"1024\" height=\"768\" data-id=\"13658\" src=\"https:\/\/www.huelvaysusfotografos.com\/wp-content\/uploads\/2024\/01\/14-1024x768.jpg\" alt=\"\" class=\"wp-image-13658\" srcset=\"https:\/\/www.huelvaysusfotografos.com\/wp-content\/uploads\/2024\/01\/14-1024x768.jpg 1024w, https:\/\/www.huelvaysusfotografos.com\/wp-content\/uploads\/2024\/01\/14-300x225.jpg 300w, https:\/\/www.huelvaysusfotografos.com\/wp-content\/uploads\/2024\/01\/14-768x576.jpg 768w, https:\/\/www.huelvaysusfotografos.com\/wp-content\/uploads\/2024\/01\/14-1536x1152.jpg 1536w, https:\/\/www.huelvaysusfotografos.com\/wp-content\/uploads\/2024\/01\/14.jpg 1600w\" sizes=\"auto, (max-width: 1024px) 100vw, 1024px\" \/><\/a><\/figure>\n\n\n\n<figure class=\"wp-block-image size-large\"><a href=\"https:\/\/www.huelvaysusfotografos.com\/wp-content\/uploads\/2024\/01\/15.jpg\"><img loading=\"lazy\" decoding=\"async\" width=\"1024\" height=\"768\" data-id=\"13660\" src=\"https:\/\/www.huelvaysusfotografos.com\/wp-content\/uploads\/2024\/01\/15-1024x768.jpg\" alt=\"\" class=\"wp-image-13660\" srcset=\"https:\/\/www.huelvaysusfotografos.com\/wp-content\/uploads\/2024\/01\/15-1024x768.jpg 1024w, https:\/\/www.huelvaysusfotografos.com\/wp-content\/uploads\/2024\/01\/15-300x225.jpg 300w, https:\/\/www.huelvaysusfotografos.com\/wp-content\/uploads\/2024\/01\/15-768x576.jpg 768w, https:\/\/www.huelvaysusfotografos.com\/wp-content\/uploads\/2024\/01\/15-1536x1152.jpg 1536w, https:\/\/www.huelvaysusfotografos.com\/wp-content\/uploads\/2024\/01\/15.jpg 1600w\" sizes=\"auto, (max-width: 1024px) 100vw, 1024px\" \/><\/a><\/figure>\n\n\n\n<figure class=\"wp-block-image size-large\"><a href=\"https:\/\/www.huelvaysusfotografos.com\/wp-content\/uploads\/2024\/01\/16.jpg\"><img loading=\"lazy\" decoding=\"async\" width=\"768\" height=\"1024\" data-id=\"13661\" src=\"https:\/\/www.huelvaysusfotografos.com\/wp-content\/uploads\/2024\/01\/16-768x1024.jpg\" alt=\"\" class=\"wp-image-13661\" srcset=\"https:\/\/www.huelvaysusfotografos.com\/wp-content\/uploads\/2024\/01\/16-768x1024.jpg 768w, https:\/\/www.huelvaysusfotografos.com\/wp-content\/uploads\/2024\/01\/16-225x300.jpg 225w, https:\/\/www.huelvaysusfotografos.com\/wp-content\/uploads\/2024\/01\/16-1152x1536.jpg 1152w, https:\/\/www.huelvaysusfotografos.com\/wp-content\/uploads\/2024\/01\/16.jpg 1200w\" sizes=\"auto, (max-width: 768px) 100vw, 768px\" \/><\/a><\/figure>\n\n\n\n<figure class=\"wp-block-image size-large\"><a href=\"https:\/\/www.huelvaysusfotografos.com\/wp-content\/uploads\/2024\/01\/17.jpg\"><img loading=\"lazy\" decoding=\"async\" width=\"1024\" height=\"768\" data-id=\"13663\" src=\"https:\/\/www.huelvaysusfotografos.com\/wp-content\/uploads\/2024\/01\/17-1024x768.jpg\" alt=\"\" class=\"wp-image-13663\" srcset=\"https:\/\/www.huelvaysusfotografos.com\/wp-content\/uploads\/2024\/01\/17-1024x768.jpg 1024w, https:\/\/www.huelvaysusfotografos.com\/wp-content\/uploads\/2024\/01\/17-300x225.jpg 300w, https:\/\/www.huelvaysusfotografos.com\/wp-content\/uploads\/2024\/01\/17-768x576.jpg 768w, https:\/\/www.huelvaysusfotografos.com\/wp-content\/uploads\/2024\/01\/17-1536x1152.jpg 1536w, https:\/\/www.huelvaysusfotografos.com\/wp-content\/uploads\/2024\/01\/17.jpg 1600w\" sizes=\"auto, (max-width: 1024px) 100vw, 1024px\" \/><\/a><\/figure>\n\n\n\n<figure class=\"wp-block-image size-large\"><a href=\"https:\/\/www.huelvaysusfotografos.com\/wp-content\/uploads\/2024\/01\/18.jpg\"><img loading=\"lazy\" decoding=\"async\" width=\"768\" height=\"1024\" data-id=\"13662\" src=\"https:\/\/www.huelvaysusfotografos.com\/wp-content\/uploads\/2024\/01\/18-768x1024.jpg\" alt=\"\" class=\"wp-image-13662\" srcset=\"https:\/\/www.huelvaysusfotografos.com\/wp-content\/uploads\/2024\/01\/18-768x1024.jpg 768w, https:\/\/www.huelvaysusfotografos.com\/wp-content\/uploads\/2024\/01\/18-225x300.jpg 225w, https:\/\/www.huelvaysusfotografos.com\/wp-content\/uploads\/2024\/01\/18-1152x1536.jpg 1152w, https:\/\/www.huelvaysusfotografos.com\/wp-content\/uploads\/2024\/01\/18.jpg 1200w\" sizes=\"auto, (max-width: 768px) 100vw, 768px\" \/><\/a><\/figure>\n\n\n\n<figure class=\"wp-block-image size-large\"><a href=\"https:\/\/www.huelvaysusfotografos.com\/wp-content\/uploads\/2024\/01\/19.jpg\"><img loading=\"lazy\" decoding=\"async\" width=\"1024\" height=\"768\" data-id=\"13665\" src=\"https:\/\/www.huelvaysusfotografos.com\/wp-content\/uploads\/2024\/01\/19-1024x768.jpg\" alt=\"\" class=\"wp-image-13665\" srcset=\"https:\/\/www.huelvaysusfotografos.com\/wp-content\/uploads\/2024\/01\/19-1024x768.jpg 1024w, https:\/\/www.huelvaysusfotografos.com\/wp-content\/uploads\/2024\/01\/19-300x225.jpg 300w, https:\/\/www.huelvaysusfotografos.com\/wp-content\/uploads\/2024\/01\/19-768x576.jpg 768w, https:\/\/www.huelvaysusfotografos.com\/wp-content\/uploads\/2024\/01\/19-1536x1152.jpg 1536w, https:\/\/www.huelvaysusfotografos.com\/wp-content\/uploads\/2024\/01\/19.jpg 1600w\" sizes=\"auto, (max-width: 1024px) 100vw, 1024px\" \/><\/a><\/figure>\n\n\n\n<figure class=\"wp-block-image size-large\"><a href=\"https:\/\/www.huelvaysusfotografos.com\/wp-content\/uploads\/2024\/01\/20.jpg\"><img loading=\"lazy\" decoding=\"async\" width=\"1024\" height=\"768\" data-id=\"13664\" src=\"https:\/\/www.huelvaysusfotografos.com\/wp-content\/uploads\/2024\/01\/20-1024x768.jpg\" alt=\"\" class=\"wp-image-13664\" srcset=\"https:\/\/www.huelvaysusfotografos.com\/wp-content\/uploads\/2024\/01\/20-1024x768.jpg 1024w, https:\/\/www.huelvaysusfotografos.com\/wp-content\/uploads\/2024\/01\/20-300x225.jpg 300w, https:\/\/www.huelvaysusfotografos.com\/wp-content\/uploads\/2024\/01\/20-768x576.jpg 768w, https:\/\/www.huelvaysusfotografos.com\/wp-content\/uploads\/2024\/01\/20-1536x1152.jpg 1536w, https:\/\/www.huelvaysusfotografos.com\/wp-content\/uploads\/2024\/01\/20.jpg 1600w\" sizes=\"auto, (max-width: 1024px) 100vw, 1024px\" \/><\/a><\/figure>\n\n\n\n<figure class=\"wp-block-image size-large\"><a href=\"https:\/\/www.huelvaysusfotografos.com\/wp-content\/uploads\/2024\/01\/21.jpg\"><img loading=\"lazy\" decoding=\"async\" width=\"1024\" height=\"768\" data-id=\"13667\" src=\"https:\/\/www.huelvaysusfotografos.com\/wp-content\/uploads\/2024\/01\/21-1024x768.jpg\" alt=\"\" class=\"wp-image-13667\" srcset=\"https:\/\/www.huelvaysusfotografos.com\/wp-content\/uploads\/2024\/01\/21-1024x768.jpg 1024w, https:\/\/www.huelvaysusfotografos.com\/wp-content\/uploads\/2024\/01\/21-300x225.jpg 300w, https:\/\/www.huelvaysusfotografos.com\/wp-content\/uploads\/2024\/01\/21-768x576.jpg 768w, https:\/\/www.huelvaysusfotografos.com\/wp-content\/uploads\/2024\/01\/21-1536x1152.jpg 1536w, https:\/\/www.huelvaysusfotografos.com\/wp-content\/uploads\/2024\/01\/21.jpg 1600w\" sizes=\"auto, (max-width: 1024px) 100vw, 1024px\" \/><\/a><\/figure>\n\n\n\n<figure class=\"wp-block-image size-large\"><a href=\"https:\/\/www.huelvaysusfotografos.com\/wp-content\/uploads\/2024\/01\/22.jpg\"><img loading=\"lazy\" decoding=\"async\" width=\"1024\" height=\"768\" data-id=\"13666\" src=\"https:\/\/www.huelvaysusfotografos.com\/wp-content\/uploads\/2024\/01\/22-1024x768.jpg\" alt=\"\" class=\"wp-image-13666\" srcset=\"https:\/\/www.huelvaysusfotografos.com\/wp-content\/uploads\/2024\/01\/22-1024x768.jpg 1024w, https:\/\/www.huelvaysusfotografos.com\/wp-content\/uploads\/2024\/01\/22-300x225.jpg 300w, https:\/\/www.huelvaysusfotografos.com\/wp-content\/uploads\/2024\/01\/22-768x576.jpg 768w, https:\/\/www.huelvaysusfotografos.com\/wp-content\/uploads\/2024\/01\/22-1536x1152.jpg 1536w, https:\/\/www.huelvaysusfotografos.com\/wp-content\/uploads\/2024\/01\/22.jpg 1600w\" sizes=\"auto, (max-width: 1024px) 100vw, 1024px\" \/><\/a><\/figure>\n\n\n\n<figure class=\"wp-block-image size-large\"><a href=\"https:\/\/www.huelvaysusfotografos.com\/wp-content\/uploads\/2024\/01\/23.jpg\"><img loading=\"lazy\" decoding=\"async\" width=\"1024\" height=\"768\" data-id=\"13669\" src=\"https:\/\/www.huelvaysusfotografos.com\/wp-content\/uploads\/2024\/01\/23-1024x768.jpg\" alt=\"\" class=\"wp-image-13669\" srcset=\"https:\/\/www.huelvaysusfotografos.com\/wp-content\/uploads\/2024\/01\/23-1024x768.jpg 1024w, https:\/\/www.huelvaysusfotografos.com\/wp-content\/uploads\/2024\/01\/23-300x225.jpg 300w, https:\/\/www.huelvaysusfotografos.com\/wp-content\/uploads\/2024\/01\/23-768x576.jpg 768w, https:\/\/www.huelvaysusfotografos.com\/wp-content\/uploads\/2024\/01\/23-1536x1152.jpg 1536w, https:\/\/www.huelvaysusfotografos.com\/wp-content\/uploads\/2024\/01\/23.jpg 1600w\" sizes=\"auto, (max-width: 1024px) 100vw, 1024px\" \/><\/a><\/figure>\n\n\n\n<figure class=\"wp-block-image size-large\"><a href=\"https:\/\/www.huelvaysusfotografos.com\/wp-content\/uploads\/2024\/01\/24.jpg\"><img loading=\"lazy\" decoding=\"async\" width=\"1024\" height=\"768\" data-id=\"13668\" src=\"https:\/\/www.huelvaysusfotografos.com\/wp-content\/uploads\/2024\/01\/24-1024x768.jpg\" alt=\"\" class=\"wp-image-13668\" srcset=\"https:\/\/www.huelvaysusfotografos.com\/wp-content\/uploads\/2024\/01\/24-1024x768.jpg 1024w, https:\/\/www.huelvaysusfotografos.com\/wp-content\/uploads\/2024\/01\/24-300x225.jpg 300w, https:\/\/www.huelvaysusfotografos.com\/wp-content\/uploads\/2024\/01\/24-768x576.jpg 768w, https:\/\/www.huelvaysusfotografos.com\/wp-content\/uploads\/2024\/01\/24-1536x1152.jpg 1536w, https:\/\/www.huelvaysusfotografos.com\/wp-content\/uploads\/2024\/01\/24.jpg 1600w\" sizes=\"auto, (max-width: 1024px) 100vw, 1024px\" \/><\/a><\/figure>\n\n\n\n<figure class=\"wp-block-image size-large\"><a href=\"https:\/\/www.huelvaysusfotografos.com\/wp-content\/uploads\/2024\/01\/25.jpg\"><img loading=\"lazy\" decoding=\"async\" width=\"768\" height=\"1024\" data-id=\"13672\" src=\"https:\/\/www.huelvaysusfotografos.com\/wp-content\/uploads\/2024\/01\/25-768x1024.jpg\" alt=\"\" class=\"wp-image-13672\" srcset=\"https:\/\/www.huelvaysusfotografos.com\/wp-content\/uploads\/2024\/01\/25-768x1024.jpg 768w, https:\/\/www.huelvaysusfotografos.com\/wp-content\/uploads\/2024\/01\/25-225x300.jpg 225w, https:\/\/www.huelvaysusfotografos.com\/wp-content\/uploads\/2024\/01\/25-1152x1536.jpg 1152w, https:\/\/www.huelvaysusfotografos.com\/wp-content\/uploads\/2024\/01\/25.jpg 1200w\" sizes=\"auto, (max-width: 768px) 100vw, 768px\" \/><\/a><\/figure>\n\n\n\n<figure class=\"wp-block-image size-large\"><a href=\"https:\/\/www.huelvaysusfotografos.com\/wp-content\/uploads\/2024\/01\/26.jpg\"><img loading=\"lazy\" decoding=\"async\" width=\"768\" height=\"1024\" data-id=\"13670\" src=\"https:\/\/www.huelvaysusfotografos.com\/wp-content\/uploads\/2024\/01\/26-768x1024.jpg\" alt=\"\" class=\"wp-image-13670\" srcset=\"https:\/\/www.huelvaysusfotografos.com\/wp-content\/uploads\/2024\/01\/26-768x1024.jpg 768w, https:\/\/www.huelvaysusfotografos.com\/wp-content\/uploads\/2024\/01\/26-225x300.jpg 225w, https:\/\/www.huelvaysusfotografos.com\/wp-content\/uploads\/2024\/01\/26-1152x1536.jpg 1152w, https:\/\/www.huelvaysusfotografos.com\/wp-content\/uploads\/2024\/01\/26.jpg 1200w\" sizes=\"auto, (max-width: 768px) 100vw, 768px\" \/><\/a><\/figure>\n\n\n\n<figure class=\"wp-block-image size-large\"><a href=\"https:\/\/www.huelvaysusfotografos.com\/wp-content\/uploads\/2024\/01\/27.jpg\"><img loading=\"lazy\" decoding=\"async\" width=\"813\" height=\"1024\" data-id=\"13674\" src=\"https:\/\/www.huelvaysusfotografos.com\/wp-content\/uploads\/2024\/01\/27-813x1024.jpg\" alt=\"\" class=\"wp-image-13674\" srcset=\"https:\/\/www.huelvaysusfotografos.com\/wp-content\/uploads\/2024\/01\/27-813x1024.jpg 813w, https:\/\/www.huelvaysusfotografos.com\/wp-content\/uploads\/2024\/01\/27-238x300.jpg 238w, https:\/\/www.huelvaysusfotografos.com\/wp-content\/uploads\/2024\/01\/27-768x967.jpg 768w, https:\/\/www.huelvaysusfotografos.com\/wp-content\/uploads\/2024\/01\/27-1220x1536.jpg 1220w, https:\/\/www.huelvaysusfotografos.com\/wp-content\/uploads\/2024\/01\/27.jpg 1260w\" sizes=\"auto, (max-width: 813px) 100vw, 813px\" \/><\/a><\/figure>\n\n\n\n<figure class=\"wp-block-image size-large\"><a href=\"https:\/\/www.huelvaysusfotografos.com\/wp-content\/uploads\/2024\/01\/28.jpg\"><img loading=\"lazy\" decoding=\"async\" width=\"1024\" height=\"768\" data-id=\"13673\" src=\"https:\/\/www.huelvaysusfotografos.com\/wp-content\/uploads\/2024\/01\/28-1024x768.jpg\" alt=\"\" class=\"wp-image-13673\" srcset=\"https:\/\/www.huelvaysusfotografos.com\/wp-content\/uploads\/2024\/01\/28-1024x768.jpg 1024w, https:\/\/www.huelvaysusfotografos.com\/wp-content\/uploads\/2024\/01\/28-300x225.jpg 300w, https:\/\/www.huelvaysusfotografos.com\/wp-content\/uploads\/2024\/01\/28-768x576.jpg 768w, https:\/\/www.huelvaysusfotografos.com\/wp-content\/uploads\/2024\/01\/28-1536x1152.jpg 1536w, https:\/\/www.huelvaysusfotografos.com\/wp-content\/uploads\/2024\/01\/28.jpg 1600w\" sizes=\"auto, (max-width: 1024px) 100vw, 1024px\" \/><\/a><\/figure>\n<\/figure>\n","protected":false},"excerpt":{"rendered":"<p>En la tarde del lunes 8 de enero, la asociaci\u00f3n Huelva y sus fot\u00f3grafos, daban el pistoletazo de salida a sus actividades de 2024, con la inauguraci\u00f3n de la exposici\u00f3n colectiva denominada \u201cGreguer\u00edas\u201d. Ante un nutrido grupo de socios, amigos y autoridades, se desarrollaba esta primera actividad que convert\u00eda las Greguer\u00edas de Ram\u00f3n G\u00f3mez de la Serna en im\u00e1genes. La tarde desapacible y con fuertes rachas de lluvia no mermo<\/p>\n<div class=\"belowpost\"><a class=\"btnmore\" href=\"https:\/\/www.huelvaysusfotografos.com\/?p=13643\">Seguir leyendo<\/a><\/div>\n","protected":false},"author":8279,"featured_media":13644,"comment_status":"open","ping_status":"open","sticky":false,"template":"","format":"standard","meta":{"footnotes":"","_links_to":"","_links_to_target":""},"categories":[23],"tags":[],"class_list":["post-13643","post","type-post","status-publish","format-standard","has-post-thumbnail","hentry","category-exposiciones"],"_links":{"self":[{"href":"https:\/\/www.huelvaysusfotografos.com\/index.php?rest_route=\/wp\/v2\/posts\/13643","targetHints":{"allow":["GET"]}}],"collection":[{"href":"https:\/\/www.huelvaysusfotografos.com\/index.php?rest_route=\/wp\/v2\/posts"}],"about":[{"href":"https:\/\/www.huelvaysusfotografos.com\/index.php?rest_route=\/wp\/v2\/types\/post"}],"author":[{"embeddable":true,"href":"https:\/\/www.huelvaysusfotografos.com\/index.php?rest_route=\/wp\/v2\/users\/8279"}],"replies":[{"embeddable":true,"href":"https:\/\/www.huelvaysusfotografos.com\/index.php?rest_route=%2Fwp%2Fv2%2Fcomments&post=13643"}],"version-history":[{"count":2,"href":"https:\/\/www.huelvaysusfotografos.com\/index.php?rest_route=\/wp\/v2\/posts\/13643\/revisions"}],"predecessor-version":[{"id":13675,"href":"https:\/\/www.huelvaysusfotografos.com\/index.php?rest_route=\/wp\/v2\/posts\/13643\/revisions\/13675"}],"wp:featuredmedia":[{"embeddable":true,"href":"https:\/\/www.huelvaysusfotografos.com\/index.php?rest_route=\/wp\/v2\/media\/13644"}],"wp:attachment":[{"href":"https:\/\/www.huelvaysusfotografos.com\/index.php?rest_route=%2Fwp%2Fv2%2Fmedia&parent=13643"}],"wp:term":[{"taxonomy":"category","embeddable":true,"href":"https:\/\/www.huelvaysusfotografos.com\/index.php?rest_route=%2Fwp%2Fv2%2Fcategories&post=13643"},{"taxonomy":"post_tag","embeddable":true,"href":"https:\/\/www.huelvaysusfotografos.com\/index.php?rest_route=%2Fwp%2Fv2%2Ftags&post=13643"}],"curies":[{"name":"wp","href":"https:\/\/api.w.org\/{rel}","templated":true}]}}