{"id":13638,"date":"2023-12-22T16:53:03","date_gmt":"2023-12-22T15:53:03","guid":{"rendered":"https:\/\/www.huelvaysusfotografos.com\/?p=13638"},"modified":"2023-12-22T16:53:05","modified_gmt":"2023-12-22T15:53:05","slug":"exposicion-greguerias-2024","status":"publish","type":"post","link":"https:\/\/www.huelvaysusfotografos.com\/?p=13638","title":{"rendered":"Exposici\u00f3n Greguer\u00edas 2024"},"content":{"rendered":"\n<p>Llega nuestra pr\u00f3xima exposici\u00f3n fotogr\u00e1fica colectiva, denominada \u00abGreguer\u00edas\u00bb, que tendr\u00e1 lugar el mes de Enero de 2024.<\/p>\n\n\n\n<p>Ser\u00e1 el pr\u00f3ximo 8 de enero a las 19.30 horas cuando tengamos la inauguraci\u00f3n oficial de esta exposici\u00f3n, que marca un reto a la imaginaci\u00f3n de los compa\u00f1eros que van a formar parte de esta muestra de im\u00e1genes, que convertir\u00e1 las Greguer\u00edas de G\u00f3mez de la Serna en imaginativas instant\u00e1neas. <\/p>\n\n\n\n<p><strong>Ram\u00f3n G\u00f3mez de la Serna Puig<\/strong>\u00a0(Madrid, 3 de julio de 1888\u200b-Buenos Aires, 12 de enero\u200b de 1963) fue un prol\u00edfico escritor y periodista\u00a0vanguardista\u00a0espa\u00f1ol, generalmente adscrito a la\u00a0generaci\u00f3n de 1914\u00a0o\u00a0novecentismo, e impulsor del g\u00e9nero literario conocido como\u00a0greguer\u00eda.<\/p>\n\n\n\n<p>Las\u00a0<strong>greguer\u00edas<\/strong>\u00a0son textos breves semejantes a\u00a0aforismos, que generalmente constan de una sola oraci\u00f3n expresada en dos o m\u00e1s l\u00edneas, y que expresan, de forma aguda y original, pensamientos filos\u00f3ficos, humor\u00edsticos, pragm\u00e1ticos, l\u00edricos, o de cualquier otra \u00edndole. Se considera un g\u00e9nero creado por\u00a0<strong>Ram\u00f3n G\u00f3mez de la Serna,<\/strong> que las defini\u00f3 con esta sencilla f\u00f3rmula: <img decoding=\"async\" src=\"https:\/\/wikimedia.org\/api\/rest_v1\/media\/math\/render\/svg\/487771159eb02aa7590a90932eaa9bc5b987d5fb\" alt=\"{\\displaystyle humorismo+met{\\acute {a}}fora\\longmapsto greguer{\\acute {\\iota }}a}\">present\u00e1ndolas como una sentencia ingeniosa y en general breve que surge de un choque casual entre el pensamiento y la realidad.<\/p>\n\n\n\n<p>Una exposici\u00f3n que se podr\u00e1 visitar del 9 al 30 de enero de 2024 en horario de ma\u00f1ana y tarde de lunes a viernes y los s\u00e1bados en horario de ma\u00f1ana. Los horarios son de Lunes a Viernes de 10.30 a 13.30 y de 17.30 a 20.30 siendo los s\u00e1bados en horario de 10.30 a 13.30 horas. <\/p>\n\n\n\n<p> <\/p>\n\n\n<div class=\"wp-block-image\">\n<figure class=\"aligncenter size-large\"><a href=\"https:\/\/www.huelvaysusfotografos.com\/wp-content\/uploads\/2023\/12\/Cartel-Greguerias-enero-2024-1.jpg\"><img loading=\"lazy\" decoding=\"async\" width=\"728\" height=\"1024\" src=\"https:\/\/www.huelvaysusfotografos.com\/wp-content\/uploads\/2023\/12\/Cartel-Greguerias-enero-2024-1-728x1024.jpg\" alt=\"\" class=\"wp-image-13640\" srcset=\"https:\/\/www.huelvaysusfotografos.com\/wp-content\/uploads\/2023\/12\/Cartel-Greguerias-enero-2024-1-728x1024.jpg 728w, https:\/\/www.huelvaysusfotografos.com\/wp-content\/uploads\/2023\/12\/Cartel-Greguerias-enero-2024-1-213x300.jpg 213w, https:\/\/www.huelvaysusfotografos.com\/wp-content\/uploads\/2023\/12\/Cartel-Greguerias-enero-2024-1-768x1080.jpg 768w, https:\/\/www.huelvaysusfotografos.com\/wp-content\/uploads\/2023\/12\/Cartel-Greguerias-enero-2024-1-1092x1536.jpg 1092w, https:\/\/www.huelvaysusfotografos.com\/wp-content\/uploads\/2023\/12\/Cartel-Greguerias-enero-2024-1.jpg 1138w\" sizes=\"auto, (max-width: 728px) 100vw, 728px\" \/><\/a><\/figure>\n<\/div>","protected":false},"excerpt":{"rendered":"<p>Llega nuestra pr\u00f3xima exposici\u00f3n fotogr\u00e1fica colectiva, denominada \u00abGreguer\u00edas\u00bb, que tendr\u00e1 lugar el mes de Enero de 2024. Ser\u00e1 el pr\u00f3ximo 8 de enero a las 19.30 horas cuando tengamos la inauguraci\u00f3n oficial de esta exposici\u00f3n, que marca un reto a la imaginaci\u00f3n de los compa\u00f1eros que van a formar parte de esta muestra de im\u00e1genes, que convertir\u00e1 las Greguer\u00edas de G\u00f3mez de la Serna en imaginativas instant\u00e1neas. Ram\u00f3n G\u00f3mez de<\/p>\n<div class=\"belowpost\"><a class=\"btnmore\" href=\"https:\/\/www.huelvaysusfotografos.com\/?p=13638\">Seguir leyendo<\/a><\/div>\n","protected":false},"author":8279,"featured_media":13639,"comment_status":"open","ping_status":"open","sticky":false,"template":"","format":"standard","meta":{"footnotes":"","_links_to":"","_links_to_target":""},"categories":[23],"tags":[],"class_list":["post-13638","post","type-post","status-publish","format-standard","has-post-thumbnail","hentry","category-exposiciones"],"_links":{"self":[{"href":"https:\/\/www.huelvaysusfotografos.com\/index.php?rest_route=\/wp\/v2\/posts\/13638","targetHints":{"allow":["GET"]}}],"collection":[{"href":"https:\/\/www.huelvaysusfotografos.com\/index.php?rest_route=\/wp\/v2\/posts"}],"about":[{"href":"https:\/\/www.huelvaysusfotografos.com\/index.php?rest_route=\/wp\/v2\/types\/post"}],"author":[{"embeddable":true,"href":"https:\/\/www.huelvaysusfotografos.com\/index.php?rest_route=\/wp\/v2\/users\/8279"}],"replies":[{"embeddable":true,"href":"https:\/\/www.huelvaysusfotografos.com\/index.php?rest_route=%2Fwp%2Fv2%2Fcomments&post=13638"}],"version-history":[{"count":1,"href":"https:\/\/www.huelvaysusfotografos.com\/index.php?rest_route=\/wp\/v2\/posts\/13638\/revisions"}],"predecessor-version":[{"id":13641,"href":"https:\/\/www.huelvaysusfotografos.com\/index.php?rest_route=\/wp\/v2\/posts\/13638\/revisions\/13641"}],"wp:featuredmedia":[{"embeddable":true,"href":"https:\/\/www.huelvaysusfotografos.com\/index.php?rest_route=\/wp\/v2\/media\/13639"}],"wp:attachment":[{"href":"https:\/\/www.huelvaysusfotografos.com\/index.php?rest_route=%2Fwp%2Fv2%2Fmedia&parent=13638"}],"wp:term":[{"taxonomy":"category","embeddable":true,"href":"https:\/\/www.huelvaysusfotografos.com\/index.php?rest_route=%2Fwp%2Fv2%2Fcategories&post=13638"},{"taxonomy":"post_tag","embeddable":true,"href":"https:\/\/www.huelvaysusfotografos.com\/index.php?rest_route=%2Fwp%2Fv2%2Ftags&post=13638"}],"curies":[{"name":"wp","href":"https:\/\/api.w.org\/{rel}","templated":true}]}}