{"id":13632,"date":"2023-12-02T20:09:34","date_gmt":"2023-12-02T19:09:34","guid":{"rendered":"https:\/\/www.huelvaysusfotografos.com\/?p=13632"},"modified":"2023-12-02T20:20:41","modified_gmt":"2023-12-02T19:20:41","slug":"instructiva-tarde-con-jesus-morales","status":"publish","type":"post","link":"https:\/\/www.huelvaysusfotografos.com\/?p=13632","title":{"rendered":"Instructiva tarde con Jes\u00fas Morales"},"content":{"rendered":"\n<p>La tarde el viernes 1 de diciembre, un grupo de socios nos reun\u00edamos en torno a una interesante charla de la mano del fot\u00f3grafo onubense Jes\u00fas Morales.<\/p>\n\n\n\n<p>La generosidad de Jes\u00fas la puso a nuestra disposici\u00f3n por aprender y descubrir nuevas formas de ver la fotograf\u00eda. Bajo el T\u00edtulo <em><strong>\u00abIdeas para cuando nuestra fotograf\u00eda se vuelva repetitiva\u00bb<\/strong><\/em>. nos sumergi\u00f3 en otra forma de ver las im\u00e1genes. <\/p>\n\n\n\n<p>Perspectivas, formas, colores, movimientos&#8230; mil y una formas de crear y hacer que una misma fotogr\u00e1fica se pueda interpretar de forma diferente. <\/p>\n\n\n\n<p>Otra forma de ver la Luz y pintar con ella, donde tu mente la pones a prueba para ver mas all\u00e1&#8230; siempre es una buena ocasi\u00f3n para coger la c\u00e1mara y experimentar lo aprendido. <\/p>\n\n\n\n<p>Ahora tenemos una base para un nuevo concepto, esperamos llevarla a cabo y mostrar esas im\u00e1genes que estamos acostumbrados a ver cada d\u00eda, por donde paseamos, donde tomamos un caf\u00e9, observando un monumento o simplemente forman parte de nuestro paisaje cotidiano. <\/p>\n\n\n\n<p>Abrir la mente y crear, seamos un elemento de uni\u00f3n entre lo cotidiano y lo extraordinario&#8230;<\/p>\n\n\n\n<p>Gracias Jes\u00fas Morales, por hacernos part\u00edcipes de tus conocimientos en estas t\u00e9cnicas.   <\/p>\n","protected":false},"excerpt":{"rendered":"<p>La tarde el viernes 1 de diciembre, un grupo de socios nos reun\u00edamos en torno a una interesante charla de la mano del fot\u00f3grafo onubense Jes\u00fas Morales. La generosidad de Jes\u00fas la puso a nuestra disposici\u00f3n por aprender y descubrir nuevas formas de ver la fotograf\u00eda. Bajo el T\u00edtulo \u00abIdeas para cuando nuestra fotograf\u00eda se vuelva repetitiva\u00bb. nos sumergi\u00f3 en otra forma de ver las im\u00e1genes. Perspectivas, formas, colores, movimientos&#8230;<\/p>\n<div class=\"belowpost\"><a class=\"btnmore\" href=\"https:\/\/www.huelvaysusfotografos.com\/?p=13632\">Seguir leyendo<\/a><\/div>\n","protected":false},"author":8279,"featured_media":13633,"comment_status":"open","ping_status":"open","sticky":false,"template":"","format":"standard","meta":{"footnotes":"","_links_to":"","_links_to_target":""},"categories":[206],"tags":[],"class_list":["post-13632","post","type-post","status-publish","format-standard","has-post-thumbnail","hentry","category-charlas-coloquio"],"_links":{"self":[{"href":"https:\/\/www.huelvaysusfotografos.com\/index.php?rest_route=\/wp\/v2\/posts\/13632","targetHints":{"allow":["GET"]}}],"collection":[{"href":"https:\/\/www.huelvaysusfotografos.com\/index.php?rest_route=\/wp\/v2\/posts"}],"about":[{"href":"https:\/\/www.huelvaysusfotografos.com\/index.php?rest_route=\/wp\/v2\/types\/post"}],"author":[{"embeddable":true,"href":"https:\/\/www.huelvaysusfotografos.com\/index.php?rest_route=\/wp\/v2\/users\/8279"}],"replies":[{"embeddable":true,"href":"https:\/\/www.huelvaysusfotografos.com\/index.php?rest_route=%2Fwp%2Fv2%2Fcomments&post=13632"}],"version-history":[{"count":2,"href":"https:\/\/www.huelvaysusfotografos.com\/index.php?rest_route=\/wp\/v2\/posts\/13632\/revisions"}],"predecessor-version":[{"id":13635,"href":"https:\/\/www.huelvaysusfotografos.com\/index.php?rest_route=\/wp\/v2\/posts\/13632\/revisions\/13635"}],"wp:featuredmedia":[{"embeddable":true,"href":"https:\/\/www.huelvaysusfotografos.com\/index.php?rest_route=\/wp\/v2\/media\/13633"}],"wp:attachment":[{"href":"https:\/\/www.huelvaysusfotografos.com\/index.php?rest_route=%2Fwp%2Fv2%2Fmedia&parent=13632"}],"wp:term":[{"taxonomy":"category","embeddable":true,"href":"https:\/\/www.huelvaysusfotografos.com\/index.php?rest_route=%2Fwp%2Fv2%2Fcategories&post=13632"},{"taxonomy":"post_tag","embeddable":true,"href":"https:\/\/www.huelvaysusfotografos.com\/index.php?rest_route=%2Fwp%2Fv2%2Ftags&post=13632"}],"curies":[{"name":"wp","href":"https:\/\/api.w.org\/{rel}","templated":true}]}}