{"id":13626,"date":"2023-11-27T16:13:43","date_gmt":"2023-11-27T15:13:43","guid":{"rendered":"https:\/\/www.huelvaysusfotografos.com\/?p=13626"},"modified":"2023-11-27T16:13:46","modified_gmt":"2023-11-27T15:13:46","slug":"charla-con-jesus-morales","status":"publish","type":"post","link":"https:\/\/www.huelvaysusfotografos.com\/?p=13626","title":{"rendered":"Charla con Jes\u00fas Morales"},"content":{"rendered":"\n<p>El pr\u00f3ximo viernes 1 de diciembre tenemos una cita con el fot\u00f3grafo <strong>Jes\u00fas Morales<\/strong>, bajo el <em><strong>t\u00edtulo \u00abIdeas para cuando nuestra fotograf\u00eda se vuelva repetitiva\u00bb<\/strong><\/em>. <\/p>\n\n\n\n<p>Sin duda alguna una particular visi\u00f3n de la fotograf\u00eda que nos sumergir\u00e1 en un mundo amplio de conocimientos, para hacer de nuestras fotos algo diferente a lo que estamos acostumbrados.<\/p>\n\n\n\n<p>Como indicamos la charla la tendremos el pr\u00f3ximo viernes 1 de diciembre en el centro municipal de Los Rosales a las 19.00  horas. <\/p>\n\n\n\n<p>Os esperamos no os defraudar\u00e1, ser\u00e1 una charla participativa con el conferenciante. La idea de esta charla es llevarlo posteriormente a la practica de lo aprendido en la misma, en otro d\u00eda indicado por Jes\u00fas Morales.<\/p>\n\n\n\n<figure class=\"wp-block-image size-full\"><a href=\"https:\/\/www.huelvaysusfotografos.com\/wp-content\/uploads\/2023\/11\/Charla-Jesus-Morales-Ideas-para-cuando-una-fotografia-se-vuelve-repetitiva.jpg\"><img loading=\"lazy\" decoding=\"async\" width=\"990\" height=\"743\" src=\"https:\/\/www.huelvaysusfotografos.com\/wp-content\/uploads\/2023\/11\/Charla-Jesus-Morales-Ideas-para-cuando-una-fotografia-se-vuelve-repetitiva.jpg\" alt=\"\" class=\"wp-image-13627\" srcset=\"https:\/\/www.huelvaysusfotografos.com\/wp-content\/uploads\/2023\/11\/Charla-Jesus-Morales-Ideas-para-cuando-una-fotografia-se-vuelve-repetitiva.jpg 990w, https:\/\/www.huelvaysusfotografos.com\/wp-content\/uploads\/2023\/11\/Charla-Jesus-Morales-Ideas-para-cuando-una-fotografia-se-vuelve-repetitiva-300x225.jpg 300w, https:\/\/www.huelvaysusfotografos.com\/wp-content\/uploads\/2023\/11\/Charla-Jesus-Morales-Ideas-para-cuando-una-fotografia-se-vuelve-repetitiva-768x576.jpg 768w\" sizes=\"auto, (max-width: 990px) 100vw, 990px\" \/><\/a><\/figure>\n","protected":false},"excerpt":{"rendered":"<p>El pr\u00f3ximo viernes 1 de diciembre tenemos una cita con el fot\u00f3grafo Jes\u00fas Morales, bajo el t\u00edtulo \u00abIdeas para cuando nuestra fotograf\u00eda se vuelva repetitiva\u00bb. Sin duda alguna una particular visi\u00f3n de la fotograf\u00eda que nos sumergir\u00e1 en un mundo amplio de conocimientos, para hacer de nuestras fotos algo diferente a lo que estamos acostumbrados. Como indicamos la charla la tendremos el pr\u00f3ximo viernes 1 de diciembre en el centro<\/p>\n<div class=\"belowpost\"><a class=\"btnmore\" href=\"https:\/\/www.huelvaysusfotografos.com\/?p=13626\">Seguir leyendo<\/a><\/div>\n","protected":false},"author":8279,"featured_media":13627,"comment_status":"open","ping_status":"open","sticky":false,"template":"","format":"standard","meta":{"footnotes":"","_links_to":"","_links_to_target":""},"categories":[206],"tags":[],"class_list":["post-13626","post","type-post","status-publish","format-standard","has-post-thumbnail","hentry","category-charlas-coloquio"],"_links":{"self":[{"href":"https:\/\/www.huelvaysusfotografos.com\/index.php?rest_route=\/wp\/v2\/posts\/13626","targetHints":{"allow":["GET"]}}],"collection":[{"href":"https:\/\/www.huelvaysusfotografos.com\/index.php?rest_route=\/wp\/v2\/posts"}],"about":[{"href":"https:\/\/www.huelvaysusfotografos.com\/index.php?rest_route=\/wp\/v2\/types\/post"}],"author":[{"embeddable":true,"href":"https:\/\/www.huelvaysusfotografos.com\/index.php?rest_route=\/wp\/v2\/users\/8279"}],"replies":[{"embeddable":true,"href":"https:\/\/www.huelvaysusfotografos.com\/index.php?rest_route=%2Fwp%2Fv2%2Fcomments&post=13626"}],"version-history":[{"count":1,"href":"https:\/\/www.huelvaysusfotografos.com\/index.php?rest_route=\/wp\/v2\/posts\/13626\/revisions"}],"predecessor-version":[{"id":13628,"href":"https:\/\/www.huelvaysusfotografos.com\/index.php?rest_route=\/wp\/v2\/posts\/13626\/revisions\/13628"}],"wp:featuredmedia":[{"embeddable":true,"href":"https:\/\/www.huelvaysusfotografos.com\/index.php?rest_route=\/wp\/v2\/media\/13627"}],"wp:attachment":[{"href":"https:\/\/www.huelvaysusfotografos.com\/index.php?rest_route=%2Fwp%2Fv2%2Fmedia&parent=13626"}],"wp:term":[{"taxonomy":"category","embeddable":true,"href":"https:\/\/www.huelvaysusfotografos.com\/index.php?rest_route=%2Fwp%2Fv2%2Fcategories&post=13626"},{"taxonomy":"post_tag","embeddable":true,"href":"https:\/\/www.huelvaysusfotografos.com\/index.php?rest_route=%2Fwp%2Fv2%2Ftags&post=13626"}],"curies":[{"name":"wp","href":"https:\/\/api.w.org\/{rel}","templated":true}]}}