{"id":13508,"date":"2023-11-13T22:28:32","date_gmt":"2023-11-13T21:28:32","guid":{"rendered":"https:\/\/www.huelvaysusfotografos.com\/?p=13508"},"modified":"2023-11-13T23:26:23","modified_gmt":"2023-11-13T22:26:23","slug":"juan-abelludo-entrega-pins-de-plata-en-la-gala-de-los-iii-premios-carrete","status":"publish","type":"post","link":"https:\/\/www.huelvaysusfotografos.com\/?p=13508","title":{"rendered":"Juan Abelludo entrega Pins de plata en la Gala de los III Premios Carrete."},"content":{"rendered":"\n<p>D. Juan Abelludo, Presidente de la Federaci\u00f3n Andaluza de Fotograf\u00eda y secretario de la Confederaci\u00f3n Espa\u00f1ola de Fotograf\u00eda, nos acompa\u00f1\u00f3 en la III gala de los Premios Carrete junto a su mujer Mar\u00eda Luisa Amaya, directiva de la Federaci\u00f3n, responsable de Distinciones y directiva de la Confederaci\u00f3n, responsable de Exposiciones.<\/p>\n\n\n\n<figure class=\"wp-block-image size-large\"><a href=\"https:\/\/www.huelvaysusfotografos.com\/wp-content\/uploads\/2023\/11\/1-95-1.jpg\"><img loading=\"lazy\" decoding=\"async\" width=\"694\" height=\"1024\" src=\"https:\/\/www.huelvaysusfotografos.com\/wp-content\/uploads\/2023\/11\/1-95-1-694x1024.jpg\" alt=\"\" class=\"wp-image-13510\" srcset=\"https:\/\/www.huelvaysusfotografos.com\/wp-content\/uploads\/2023\/11\/1-95-1-694x1024.jpg 694w, https:\/\/www.huelvaysusfotografos.com\/wp-content\/uploads\/2023\/11\/1-95-1-203x300.jpg 203w, https:\/\/www.huelvaysusfotografos.com\/wp-content\/uploads\/2023\/11\/1-95-1-768x1133.jpg 768w, https:\/\/www.huelvaysusfotografos.com\/wp-content\/uploads\/2023\/11\/1-95-1-1042x1536.jpg 1042w, https:\/\/www.huelvaysusfotografos.com\/wp-content\/uploads\/2023\/11\/1-95-1.jpg 1085w\" sizes=\"auto, (max-width: 694px) 100vw, 694px\" \/><\/a><\/figure>\n\n\n\n<p>Una gala en la que tuvo especial protagonismo al entregar tres insignias de plata de la Federaci\u00f3n Andaluza de Fotograf\u00eda y la Confederaci\u00f3n Espa\u00f1ola de Fotograf\u00eda.<\/p>\n\n\n\n<p>La primera de ellas se la entreg\u00f3 a D.\u00a0<strong>Mamadou Gomis,\u00a0<\/strong>Presidente y Fundador de la Federaci\u00f3n Africana de Arte Fotogr\u00e1fico (FAAP).<\/p>\n\n\n\n<figure class=\"wp-block-image size-large\"><a href=\"https:\/\/www.huelvaysusfotografos.com\/wp-content\/uploads\/2023\/11\/1-96-1.jpg\"><img loading=\"lazy\" decoding=\"async\" width=\"1024\" height=\"718\" src=\"https:\/\/www.huelvaysusfotografos.com\/wp-content\/uploads\/2023\/11\/1-96-1-1024x718.jpg\" alt=\"\" class=\"wp-image-13509\" srcset=\"https:\/\/www.huelvaysusfotografos.com\/wp-content\/uploads\/2023\/11\/1-96-1-1024x718.jpg 1024w, https:\/\/www.huelvaysusfotografos.com\/wp-content\/uploads\/2023\/11\/1-96-1-300x210.jpg 300w, https:\/\/www.huelvaysusfotografos.com\/wp-content\/uploads\/2023\/11\/1-96-1-768x539.jpg 768w, https:\/\/www.huelvaysusfotografos.com\/wp-content\/uploads\/2023\/11\/1-96-1-1536x1077.jpg 1536w, https:\/\/www.huelvaysusfotografos.com\/wp-content\/uploads\/2023\/11\/1-96-1.jpg 1600w\" sizes=\"auto, (max-width: 1024px) 100vw, 1024px\" \/><\/a><\/figure>\n\n\n\n<p>La segunda fue a manos de la Alcaldesa de Huelva, <strong>D\u00f1a. Pilar Miranda Plata.<\/strong><\/p>\n\n\n\n<figure class=\"wp-block-image size-large\"><a href=\"https:\/\/www.huelvaysusfotografos.com\/wp-content\/uploads\/2023\/11\/1-97-1.jpg\"><img loading=\"lazy\" decoding=\"async\" width=\"1024\" height=\"692\" src=\"https:\/\/www.huelvaysusfotografos.com\/wp-content\/uploads\/2023\/11\/1-97-1-1024x692.jpg\" alt=\"\" class=\"wp-image-13511\" srcset=\"https:\/\/www.huelvaysusfotografos.com\/wp-content\/uploads\/2023\/11\/1-97-1-1024x692.jpg 1024w, https:\/\/www.huelvaysusfotografos.com\/wp-content\/uploads\/2023\/11\/1-97-1-300x203.jpg 300w, https:\/\/www.huelvaysusfotografos.com\/wp-content\/uploads\/2023\/11\/1-97-1-768x519.jpg 768w, https:\/\/www.huelvaysusfotografos.com\/wp-content\/uploads\/2023\/11\/1-97-1-1536x1039.jpg 1536w, https:\/\/www.huelvaysusfotografos.com\/wp-content\/uploads\/2023\/11\/1-97-1.jpg 1600w\" sizes=\"auto, (max-width: 1024px) 100vw, 1024px\" \/><\/a><\/figure>\n\n\n\n<p>Y la tercera y \u00faltima fue a manos del Presidente de Huelva y sus Fot\u00f3grafos y vocal de Cert\u00e1menes y Concursos de la Federaci\u00f3n Andaluza de Fotograf\u00eda<strong>, D. Jos\u00e9 Luis Arizmendi Llanes.<\/strong><\/p>\n\n\n\n<figure class=\"wp-block-image size-large\"><a href=\"https:\/\/www.huelvaysusfotografos.com\/wp-content\/uploads\/2023\/11\/1-98-1.jpg\"><img loading=\"lazy\" decoding=\"async\" width=\"1024\" height=\"698\" src=\"https:\/\/www.huelvaysusfotografos.com\/wp-content\/uploads\/2023\/11\/1-98-1-1024x698.jpg\" alt=\"\" class=\"wp-image-13512\" srcset=\"https:\/\/www.huelvaysusfotografos.com\/wp-content\/uploads\/2023\/11\/1-98-1-1024x698.jpg 1024w, https:\/\/www.huelvaysusfotografos.com\/wp-content\/uploads\/2023\/11\/1-98-1-300x205.jpg 300w, https:\/\/www.huelvaysusfotografos.com\/wp-content\/uploads\/2023\/11\/1-98-1-768x524.jpg 768w, https:\/\/www.huelvaysusfotografos.com\/wp-content\/uploads\/2023\/11\/1-98-1-1536x1047.jpg 1536w, https:\/\/www.huelvaysusfotografos.com\/wp-content\/uploads\/2023\/11\/1-98-1.jpg 1600w\" sizes=\"auto, (max-width: 1024px) 100vw, 1024px\" \/><\/a><\/figure>\n\n\n\n<p>Al tiempo que fue \u00e9l tambi\u00e9n, fue el destinatario de un obsequio con motivo del 150 aniversario del Puerto de Huelva por parte del Presidente de la Autoridad Portuaria de Huelva,<strong> D. Alberto Santana.<\/strong><\/p>\n\n\n\n<figure class=\"wp-block-image size-large\"><a href=\"https:\/\/www.huelvaysusfotografos.com\/wp-content\/uploads\/2023\/11\/1-126-1.jpg\"><img loading=\"lazy\" decoding=\"async\" width=\"1024\" height=\"755\" src=\"https:\/\/www.huelvaysusfotografos.com\/wp-content\/uploads\/2023\/11\/1-126-1-1024x755.jpg\" alt=\"\" class=\"wp-image-13513\" srcset=\"https:\/\/www.huelvaysusfotografos.com\/wp-content\/uploads\/2023\/11\/1-126-1-1024x755.jpg 1024w, https:\/\/www.huelvaysusfotografos.com\/wp-content\/uploads\/2023\/11\/1-126-1-300x221.jpg 300w, https:\/\/www.huelvaysusfotografos.com\/wp-content\/uploads\/2023\/11\/1-126-1-768x566.jpg 768w, https:\/\/www.huelvaysusfotografos.com\/wp-content\/uploads\/2023\/11\/1-126-1-1536x1132.jpg 1536w, https:\/\/www.huelvaysusfotografos.com\/wp-content\/uploads\/2023\/11\/1-126-1.jpg 1600w\" sizes=\"auto, (max-width: 1024px) 100vw, 1024px\" \/><\/a><\/figure>\n\n\n\n<figure class=\"wp-block-image size-large\"><a href=\"https:\/\/www.huelvaysusfotografos.com\/wp-content\/uploads\/2023\/11\/1-127-1.jpg\"><img loading=\"lazy\" decoding=\"async\" width=\"1024\" height=\"716\" src=\"https:\/\/www.huelvaysusfotografos.com\/wp-content\/uploads\/2023\/11\/1-127-1-1024x716.jpg\" alt=\"\" class=\"wp-image-13514\" srcset=\"https:\/\/www.huelvaysusfotografos.com\/wp-content\/uploads\/2023\/11\/1-127-1-1024x716.jpg 1024w, https:\/\/www.huelvaysusfotografos.com\/wp-content\/uploads\/2023\/11\/1-127-1-300x210.jpg 300w, https:\/\/www.huelvaysusfotografos.com\/wp-content\/uploads\/2023\/11\/1-127-1-768x537.jpg 768w, https:\/\/www.huelvaysusfotografos.com\/wp-content\/uploads\/2023\/11\/1-127-1-1536x1073.jpg 1536w, https:\/\/www.huelvaysusfotografos.com\/wp-content\/uploads\/2023\/11\/1-127-1.jpg 1600w\" sizes=\"auto, (max-width: 1024px) 100vw, 1024px\" \/><\/a><\/figure>\n\n\n\n<p>Una gala que cont\u00f3 con una amplia representaci\u00f3n institucional tanto local, como nacional e internacional <strong>D. Mamadou Gomis<\/strong>, presidente y fundador de la Federaci\u00f3n Africana de Arte Fotogr\u00e1fico (FAAP),\u00a0\u00a0<strong>Do\u00f1a<\/strong>\u00a0<strong>Teresa Herrera Vidarte<\/strong>\u00a0Delegada de Cultura, Turismo y Deporte de la Junta de Andaluc\u00eda,\u00a0<strong>D<\/strong>.\u00a0<strong>Alberto Santana<\/strong>, Presidente de la Autoridad Portuaria de Huelva, el C\u00f3nsul General del Reino de Marruecos\u00a0<strong>D. Sidi Sidi Abbah,\u00a0<\/strong>el Presidente de la Diputaci\u00f3n de Huelva,\u00a0<strong>D. David Toscano<\/strong>, y la Alcaldesa de Huelva<strong>, Do\u00f1a Pilar Miranda Plata.<\/strong><\/p>\n\n\n\n<p>Gracias Presidente por acompa\u00f1arnos en esta gala junto con su esposa, os esperamos para la siguiente edici\u00f3n.<\/p>\n","protected":false},"excerpt":{"rendered":"<p>D. Juan Abelludo, Presidente de la Federaci\u00f3n Andaluza de Fotograf\u00eda y secretario de la Confederaci\u00f3n Espa\u00f1ola de Fotograf\u00eda, nos acompa\u00f1\u00f3 en la III gala de los Premios Carrete junto a su mujer Mar\u00eda Luisa Amaya, directiva de la Federaci\u00f3n, responsable de Distinciones y directiva de la Confederaci\u00f3n, responsable de Exposiciones. Una gala en la que tuvo especial protagonismo al entregar tres insignias de plata de la Federaci\u00f3n Andaluza de Fotograf\u00eda<\/p>\n<div class=\"belowpost\"><a class=\"btnmore\" href=\"https:\/\/www.huelvaysusfotografos.com\/?p=13508\">Seguir leyendo<\/a><\/div>\n","protected":false},"author":8279,"featured_media":13404,"comment_status":"open","ping_status":"open","sticky":false,"template":"","format":"standard","meta":{"footnotes":"","_links_to":"","_links_to_target":""},"categories":[207],"tags":[],"class_list":["post-13508","post","type-post","status-publish","format-standard","has-post-thumbnail","hentry","category-gala-iii-premios-carrete"],"_links":{"self":[{"href":"https:\/\/www.huelvaysusfotografos.com\/index.php?rest_route=\/wp\/v2\/posts\/13508","targetHints":{"allow":["GET"]}}],"collection":[{"href":"https:\/\/www.huelvaysusfotografos.com\/index.php?rest_route=\/wp\/v2\/posts"}],"about":[{"href":"https:\/\/www.huelvaysusfotografos.com\/index.php?rest_route=\/wp\/v2\/types\/post"}],"author":[{"embeddable":true,"href":"https:\/\/www.huelvaysusfotografos.com\/index.php?rest_route=\/wp\/v2\/users\/8279"}],"replies":[{"embeddable":true,"href":"https:\/\/www.huelvaysusfotografos.com\/index.php?rest_route=%2Fwp%2Fv2%2Fcomments&post=13508"}],"version-history":[{"count":3,"href":"https:\/\/www.huelvaysusfotografos.com\/index.php?rest_route=\/wp\/v2\/posts\/13508\/revisions"}],"predecessor-version":[{"id":13518,"href":"https:\/\/www.huelvaysusfotografos.com\/index.php?rest_route=\/wp\/v2\/posts\/13508\/revisions\/13518"}],"wp:featuredmedia":[{"embeddable":true,"href":"https:\/\/www.huelvaysusfotografos.com\/index.php?rest_route=\/wp\/v2\/media\/13404"}],"wp:attachment":[{"href":"https:\/\/www.huelvaysusfotografos.com\/index.php?rest_route=%2Fwp%2Fv2%2Fmedia&parent=13508"}],"wp:term":[{"taxonomy":"category","embeddable":true,"href":"https:\/\/www.huelvaysusfotografos.com\/index.php?rest_route=%2Fwp%2Fv2%2Fcategories&post=13508"},{"taxonomy":"post_tag","embeddable":true,"href":"https:\/\/www.huelvaysusfotografos.com\/index.php?rest_route=%2Fwp%2Fv2%2Ftags&post=13508"}],"curies":[{"name":"wp","href":"https:\/\/api.w.org\/{rel}","templated":true}]}}