{"id":13502,"date":"2023-11-13T21:02:01","date_gmt":"2023-11-13T20:02:01","guid":{"rendered":"https:\/\/www.huelvaysusfotografos.com\/?p=13502"},"modified":"2023-11-13T21:02:03","modified_gmt":"2023-11-13T20:02:03","slug":"entregamos-el-premio-del-reto-trimestral-a-valentin-fernandez-romero","status":"publish","type":"post","link":"https:\/\/www.huelvaysusfotografos.com\/?p=13502","title":{"rendered":"Entregamos el premio del reto trimestral a Valent\u00edn Fern\u00e1ndez Romero"},"content":{"rendered":"\n<p>En la ma\u00f1ana de hoy hac\u00edamos entrega del premio al vencedor del reto semanal del segundo trimestre que organiza la Asociaci\u00f3n Huelva y sus Fot\u00f3grafos.<\/p>\n\n\n\n<p>El premio reca\u00eda en nuestro compa\u00f1ero Valent\u00edn Fern\u00e1ndez Romero, con su foto Querub\u00edn. Una foto que compet\u00eda con todas las vencedoras de los retos semanales del trimestre comprendido en los meses de Julio, Agosto y Septiembre.<\/p>\n\n\n\n<p>En su tienda del centro de la capital, fue all\u00ed donde le hicimos entrega de este premio, que a buen seguro disfrutar\u00e1 con su mujer Paqui.<\/p>\n\n\n\n<p>Enhorabuena y a seguir participando tod@s los soci@s para optar al premio del tercer reto semanal que est\u00e1 en marcha desde el mes de Octubre y acabar\u00e1 a finales de Diciembre.<\/p>\n\n\n\n<figure class=\"wp-block-image size-large\"><a href=\"https:\/\/www.huelvaysusfotografos.com\/wp-content\/uploads\/2023\/11\/ENTREGA-PREMIO-A-VALENTIN-FERNANDEZ-ROMERO-1.jpg\"><img loading=\"lazy\" decoding=\"async\" width=\"1024\" height=\"1024\" src=\"https:\/\/www.huelvaysusfotografos.com\/wp-content\/uploads\/2023\/11\/ENTREGA-PREMIO-A-VALENTIN-FERNANDEZ-ROMERO-1-1024x1024.jpg\" alt=\"\" class=\"wp-image-13504\" srcset=\"https:\/\/www.huelvaysusfotografos.com\/wp-content\/uploads\/2023\/11\/ENTREGA-PREMIO-A-VALENTIN-FERNANDEZ-ROMERO-1-1024x1024.jpg 1024w, https:\/\/www.huelvaysusfotografos.com\/wp-content\/uploads\/2023\/11\/ENTREGA-PREMIO-A-VALENTIN-FERNANDEZ-ROMERO-1-300x300.jpg 300w, https:\/\/www.huelvaysusfotografos.com\/wp-content\/uploads\/2023\/11\/ENTREGA-PREMIO-A-VALENTIN-FERNANDEZ-ROMERO-1-150x150.jpg 150w, https:\/\/www.huelvaysusfotografos.com\/wp-content\/uploads\/2023\/11\/ENTREGA-PREMIO-A-VALENTIN-FERNANDEZ-ROMERO-1-768x768.jpg 768w, https:\/\/www.huelvaysusfotografos.com\/wp-content\/uploads\/2023\/11\/ENTREGA-PREMIO-A-VALENTIN-FERNANDEZ-ROMERO-1-1536x1536.jpg 1536w, https:\/\/www.huelvaysusfotografos.com\/wp-content\/uploads\/2023\/11\/ENTREGA-PREMIO-A-VALENTIN-FERNANDEZ-ROMERO-1-50x50.jpg 50w, https:\/\/www.huelvaysusfotografos.com\/wp-content\/uploads\/2023\/11\/ENTREGA-PREMIO-A-VALENTIN-FERNANDEZ-ROMERO-1-186x186.jpg 186w, https:\/\/www.huelvaysusfotografos.com\/wp-content\/uploads\/2023\/11\/ENTREGA-PREMIO-A-VALENTIN-FERNANDEZ-ROMERO-1.jpg 1600w\" sizes=\"auto, (max-width: 1024px) 100vw, 1024px\" \/><\/a><\/figure>\n","protected":false},"excerpt":{"rendered":"<p>En la ma\u00f1ana de hoy hac\u00edamos entrega del premio al vencedor del reto semanal del segundo trimestre que organiza la Asociaci\u00f3n Huelva y sus Fot\u00f3grafos. El premio reca\u00eda en nuestro compa\u00f1ero Valent\u00edn Fern\u00e1ndez Romero, con su foto Querub\u00edn. Una foto que compet\u00eda con todas las vencedoras de los retos semanales del trimestre comprendido en los meses de Julio, Agosto y Septiembre. En su tienda del centro de la capital, fue<\/p>\n<div class=\"belowpost\"><a class=\"btnmore\" href=\"https:\/\/www.huelvaysusfotografos.com\/?p=13502\">Seguir leyendo<\/a><\/div>\n","protected":false},"author":8279,"featured_media":13503,"comment_status":"open","ping_status":"open","sticky":false,"template":"","format":"standard","meta":{"footnotes":"","_links_to":"","_links_to_target":""},"categories":[12],"tags":[],"class_list":["post-13502","post","type-post","status-publish","format-standard","has-post-thumbnail","hentry","category-concursos"],"_links":{"self":[{"href":"https:\/\/www.huelvaysusfotografos.com\/index.php?rest_route=\/wp\/v2\/posts\/13502","targetHints":{"allow":["GET"]}}],"collection":[{"href":"https:\/\/www.huelvaysusfotografos.com\/index.php?rest_route=\/wp\/v2\/posts"}],"about":[{"href":"https:\/\/www.huelvaysusfotografos.com\/index.php?rest_route=\/wp\/v2\/types\/post"}],"author":[{"embeddable":true,"href":"https:\/\/www.huelvaysusfotografos.com\/index.php?rest_route=\/wp\/v2\/users\/8279"}],"replies":[{"embeddable":true,"href":"https:\/\/www.huelvaysusfotografos.com\/index.php?rest_route=%2Fwp%2Fv2%2Fcomments&post=13502"}],"version-history":[{"count":1,"href":"https:\/\/www.huelvaysusfotografos.com\/index.php?rest_route=\/wp\/v2\/posts\/13502\/revisions"}],"predecessor-version":[{"id":13505,"href":"https:\/\/www.huelvaysusfotografos.com\/index.php?rest_route=\/wp\/v2\/posts\/13502\/revisions\/13505"}],"wp:featuredmedia":[{"embeddable":true,"href":"https:\/\/www.huelvaysusfotografos.com\/index.php?rest_route=\/wp\/v2\/media\/13503"}],"wp:attachment":[{"href":"https:\/\/www.huelvaysusfotografos.com\/index.php?rest_route=%2Fwp%2Fv2%2Fmedia&parent=13502"}],"wp:term":[{"taxonomy":"category","embeddable":true,"href":"https:\/\/www.huelvaysusfotografos.com\/index.php?rest_route=%2Fwp%2Fv2%2Fcategories&post=13502"},{"taxonomy":"post_tag","embeddable":true,"href":"https:\/\/www.huelvaysusfotografos.com\/index.php?rest_route=%2Fwp%2Fv2%2Ftags&post=13502"}],"curies":[{"name":"wp","href":"https:\/\/api.w.org\/{rel}","templated":true}]}}