{"id":13352,"date":"2023-11-10T15:55:44","date_gmt":"2023-11-10T14:55:44","guid":{"rendered":"https:\/\/www.huelvaysusfotografos.com\/?p=13352"},"modified":"2023-11-10T15:55:47","modified_gmt":"2023-11-10T14:55:47","slug":"una-gala-internacional-en-la-entrega-de-los-iii-premios-carrete","status":"publish","type":"post","link":"https:\/\/www.huelvaysusfotografos.com\/?p=13352","title":{"rendered":"Una gala internacional en la entrega de los III premios carrete."},"content":{"rendered":"\n<p>La Asociaci\u00f3n Huelva y sus Fot\u00f3grafos entregaban en la noche de ayer jueves 9 de noviembre sus premios carrete 2023.<\/p>\n\n\n\n<p>Con un lleno hasta la bandera en el Centro de Recepci\u00f3n y Documentaci\u00f3n del Puerto de Huelva bajo la magistral direcci\u00f3n de<strong> Manuel Soto, Director de Huelva TV, <\/strong>la Asociaci\u00f3n Huelva y sus Fot\u00f3grafos, entregaban los III Premios Carrete.<\/p>\n\n\n\n<p>Una Gala que estuvo dedicada \u00edntegramente a nuestra &nbsp;<em>compa\u00f1era <strong>Ana Mar\u00eda C\u00e1liz&nbsp; Serrano.<\/strong><\/em><\/p>\n\n\n\n<p>La Gala cont\u00f3 con la Actuaci\u00f3n Musical en directo de Mario Pousada (Guitarra) y Vicky Vega (voz).<\/p>\n\n\n\n<p>Se hizoentrega de los premios de Semana Santa 2023<\/p>\n\n\n\n<p><strong>Tercer Premio<\/strong>: \u201cPrendimiento\u201d de&nbsp;<strong>Francisco Javier Gil Salguero<\/strong><\/p>\n\n\n\n<p>Entreg\u00f3 el premio.- <strong>Caye Santana vocal de HYSF.<\/strong><\/p>\n\n\n\n<p><strong>Segundo Premio<\/strong>: \u201cReflejo la Lanzada\u201d de <strong>Jos\u00e9 Mar\u00eda Est\u00e9vez Romero<\/strong><\/p>\n\n\n\n<p>Entreg\u00f3 el premio<strong>.- Flor N\u00fa\u00f1ez, <\/strong>Vocal de HYSF<\/p>\n\n\n\n<p><strong>Primer Premio<\/strong>: \u201cCristo de la Esperanza\u201d de <strong>Manuel Pascual Bonaque.<\/strong><\/p>\n\n\n\n<p>Entreg\u00f3 el premio.- <strong>Pilar Rodr\u00edguez, <\/strong>Vicepresidente de Huelva y sus Fot\u00f3grafos.<\/p>\n\n\n\n<p>El Fot\u00f3grafa del A\u00f1o, en esta ocasi\u00f3n fue a manos de nuestro compa\u00f1ero<strong> Antonio Pereira Jim\u00e9nez.<\/strong><\/p>\n\n\n\n<p>Entreg\u00f3 el premio.- D. <strong>Mamadou Gomis, <\/strong>Presidente y Fundador de la Federaci\u00f3n Africana de Arte Fotogr\u00e1fico (FAAP)<\/p>\n\n\n\n<p>Seguidamente se vision\u00f3 un v\u00eddeo homenaje a las v\u00edctimas del pueblo Marroqu\u00ed por la terrible cat\u00e1strofe sufrida hace escasas fechas.<\/p>\n\n\n\n<p>Tras su finalizaci\u00f3n entregamos un obsequio a<strong> D. Sidi Sidi Abbah, C\u00f3nsul General del Reino de Marruecos. &nbsp;<\/strong>Adem\u00e1s de unas l\u00e1minas con motivo del 150 aniversario &nbsp;por parte del Presidente de la Autoridad Portuaria,<strong> Alberto Santana. <\/strong>As\u00ed como una placa del Ayuntamiento de Huelva por parte de la Alcaldesa <strong>Pilar Miranda Plata.<\/strong><\/p>\n\n\n\n<p>Al tiempo que pudimos disfrutar de un video de los socios donde muestran su trabajo en este a\u00f1o 2023.<\/p>\n\n\n\n<p><em><u>A continuaci\u00f3n se entregaron &nbsp;los Premios Carrete<\/u><\/em><\/p>\n\n\n\n<p><strong>Carrete de Hermanamiento.- <\/strong>Este a\u00f1o el premio recaer\u00e1en<strong> Poetas de Huelva por la Paz.<\/strong><\/p>\n\n\n\n<p>Recogi\u00f3 el premio su Presidente<strong>, Ram\u00f3n Llanes Dom\u00ednguez.<\/strong><\/p>\n\n\n\n<p>Entreg\u00f3 el Premio.- <strong>Teresa Herrera Vidarte<\/strong>, Delegada de Turismo, Cultura y Deporte de la Junta de Andaluc\u00eda.<\/p>\n\n\n\n<p><strong>Carrete Literario.- <\/strong>Por su trayectoria incansable al&nbsp; periodista, escritor, divulgador y columnista<strong> Paco Huelva.<\/strong><\/p>\n\n\n\n<p>Entreg\u00f3 el Premio.-<strong> David Toscano<\/strong>, Presidente Diputaci\u00f3n de Huelva.<\/p>\n\n\n\n<p><strong>Carrete Comunicaci\u00f3n.- <\/strong>Al diario<strong> Huelva Informaci\u00f3n <\/strong>por su dilatada trayectoria al servicio de los onubenses, y con motivo de sus 40 a\u00f1os de existencia.<\/p>\n\n\n\n<p>Recogi\u00f3 el premio su director<strong> Francisco Javier Ronchel<\/strong><\/p>\n\n\n\n<p>Entreg\u00f3 el Premio<strong>.- D. Sidi Sidi Abbah, C\u00f3nsul General del Reinado de Marruecos.<\/strong><\/p>\n\n\n\n<p><strong>Carrete Solidario<\/strong>.-&nbsp; A la <strong>Cruz Roja de Huelva <\/strong>por su incansable labor humanitaria durante d\u00e9cadas en favor de los m\u00e1s necesitados y en las m\u00faltiples cat\u00e1strofes que nos rodean.<\/p>\n\n\n\n<p>Recogi\u00f3 el premio.- <strong>Javier Guti\u00e9rrez Dom\u00ednguez<\/strong>, vicepresidente de Cruz Roja Huelva.<\/p>\n\n\n\n<p>Entreg\u00f3 el premio.- <strong>Alberto Santana Mart\u00ednez<\/strong>, Presidente de la Autoridad Portuaria.<\/p>\n\n\n\n<p><strong>Carrete Dinamizador<\/strong>.- A la empresa <strong>Transonuba GTO<\/strong>, empresa netamente onubense que impulsa el sector del transporte fuera de nuestras fronteras.<\/p>\n\n\n\n<p>Recogi\u00f3 el premio, su presidente <strong>Esteban S\u00e1nchez Bernabe<\/strong>.<\/p>\n\n\n\n<p>Entreg\u00f3 el premio.- <strong>D\u00f1a. Pilar Miranda Plata<\/strong>, Alcaldesa de Huelva.<\/p>\n\n\n\n<p><strong>Carrete Sanitario<\/strong>.-&nbsp; A la Unidad de<strong> Coordinaci\u00f3n de Trasplantes de Huelva <\/strong>alHospital Universitario Juan Ram\u00f3n Jim\u00e9nez de Huelva y el Hospital Infanta Elena<strong>.<\/strong><\/p>\n\n\n\n<p>Recogi\u00f3 el premio, <strong>Paloma Oliva Fern\u00e1ndez<\/strong>, Coordinadora de Trasplantes en el Hospital Juan Ram\u00f3n Jim\u00e9nez de Huelva<\/p>\n\n\n\n<p>Entreg\u00f3 el premio.-<strong> Teresa Herrera Vidarte<\/strong>, Delegada de Turismo, Cultura y Deporte de la Junta de Andaluc\u00eda.<\/p>\n\n\n\n<p>Todo esto no hubiese sido posible sin la ayuda de instituciones y empresas de Huelva que colaboraron en esta gala, Ayuntamiento de Huelva, Diputaci\u00f3n de Huelva, Transonuba GTO, Aguas de Huelva, Puerto de Huelva, Fundaci\u00f3n Caja Rural del Sur, Divian Inmobiliaria, Gil Pi\u00f1a Cl\u00ednica Oftalmol\u00f3gica, Bodegas Iglesias, Los Maestres, Agroflora Huelva, Caprichos de la Ibense, Amatur, Federaci\u00f3n Andaluza de Fotograf\u00eda y Confederaci\u00f3n Espa\u00f1ola de Fotograf\u00eda.<\/p>\n\n\n\n<p>Para finalizar la gala tomaron la palabra, <strong>D.<\/strong> <strong>Jos\u00e9 Luis Arizmendi Llanes<\/strong>, presidente de Huelva y sus Fot\u00f3grafos, <strong>D. Juan Abelludo<\/strong> <strong>Jim\u00e9nez<\/strong>, Presidente de la Federaci\u00f3n Andaluza de Fotograf\u00eda, <strong>D. Mamadou Gomis<\/strong>, presidente y fundador de la Federaci\u00f3n Africana de Arte Fotogr\u00e1fico (FAAP),&nbsp; <strong>Do\u00f1a<\/strong> <strong>Teresa Herrera Vidarte<\/strong> Delegada de Cultura, Turismo y Deporte de la Junta de Andaluc\u00eda, <strong>D<\/strong>. <strong>Alberto Santana<\/strong>, Presidente de la Autoridad Portuaria de Huelva, el C\u00f3nsul General del Reino de Marruecos <strong>D. Sidi Sidi Abbah, <\/strong>el Presidente de la Diputaci\u00f3n de Huelva, <strong>D. David Toscano<\/strong>, y cerr\u00f3 el actola Alcaldesa de Huelva<strong>, Do\u00f1a Pilar Miranda Plata.<\/strong><\/p>\n","protected":false},"excerpt":{"rendered":"<p>La Asociaci\u00f3n Huelva y sus Fot\u00f3grafos entregaban en la noche de ayer jueves 9 de noviembre sus premios carrete 2023. Con un lleno hasta la bandera en el Centro de Recepci\u00f3n y Documentaci\u00f3n del Puerto de Huelva bajo la magistral direcci\u00f3n de Manuel Soto, Director de Huelva TV, la Asociaci\u00f3n Huelva y sus Fot\u00f3grafos, entregaban los III Premios Carrete. Una Gala que estuvo dedicada \u00edntegramente a nuestra &nbsp;compa\u00f1era Ana Mar\u00eda<\/p>\n<div class=\"belowpost\"><a class=\"btnmore\" href=\"https:\/\/www.huelvaysusfotografos.com\/?p=13352\">Seguir leyendo<\/a><\/div>\n","protected":false},"author":8279,"featured_media":13353,"comment_status":"open","ping_status":"open","sticky":false,"template":"","format":"standard","meta":{"footnotes":"","_links_to":"","_links_to_target":""},"categories":[207],"tags":[],"class_list":["post-13352","post","type-post","status-publish","format-standard","has-post-thumbnail","hentry","category-gala-iii-premios-carrete"],"_links":{"self":[{"href":"https:\/\/www.huelvaysusfotografos.com\/index.php?rest_route=\/wp\/v2\/posts\/13352","targetHints":{"allow":["GET"]}}],"collection":[{"href":"https:\/\/www.huelvaysusfotografos.com\/index.php?rest_route=\/wp\/v2\/posts"}],"about":[{"href":"https:\/\/www.huelvaysusfotografos.com\/index.php?rest_route=\/wp\/v2\/types\/post"}],"author":[{"embeddable":true,"href":"https:\/\/www.huelvaysusfotografos.com\/index.php?rest_route=\/wp\/v2\/users\/8279"}],"replies":[{"embeddable":true,"href":"https:\/\/www.huelvaysusfotografos.com\/index.php?rest_route=%2Fwp%2Fv2%2Fcomments&post=13352"}],"version-history":[{"count":1,"href":"https:\/\/www.huelvaysusfotografos.com\/index.php?rest_route=\/wp\/v2\/posts\/13352\/revisions"}],"predecessor-version":[{"id":13354,"href":"https:\/\/www.huelvaysusfotografos.com\/index.php?rest_route=\/wp\/v2\/posts\/13352\/revisions\/13354"}],"wp:featuredmedia":[{"embeddable":true,"href":"https:\/\/www.huelvaysusfotografos.com\/index.php?rest_route=\/wp\/v2\/media\/13353"}],"wp:attachment":[{"href":"https:\/\/www.huelvaysusfotografos.com\/index.php?rest_route=%2Fwp%2Fv2%2Fmedia&parent=13352"}],"wp:term":[{"taxonomy":"category","embeddable":true,"href":"https:\/\/www.huelvaysusfotografos.com\/index.php?rest_route=%2Fwp%2Fv2%2Fcategories&post=13352"},{"taxonomy":"post_tag","embeddable":true,"href":"https:\/\/www.huelvaysusfotografos.com\/index.php?rest_route=%2Fwp%2Fv2%2Ftags&post=13352"}],"curies":[{"name":"wp","href":"https:\/\/api.w.org\/{rel}","templated":true}]}}