{"id":13332,"date":"2023-10-16T16:10:34","date_gmt":"2023-10-16T14:10:34","guid":{"rendered":"https:\/\/www.huelvaysusfotografos.com\/?p=13332"},"modified":"2023-10-16T16:10:35","modified_gmt":"2023-10-16T14:10:35","slug":"la-foto-querubin-se-proclama-ganadora-del-segundo-trimestre-del-reto-semanal","status":"publish","type":"post","link":"https:\/\/www.huelvaysusfotografos.com\/?p=13332","title":{"rendered":"La foto \u00abQuerub\u00edn\u00bb se proclama ganadora del Segundo Trimestre del Reto Semanal."},"content":{"rendered":"\n<p>En este a\u00f1o propon\u00edamos un nuevo reto para incentivar la participaci\u00f3n de nuestros socios.<\/p>\n\n\n\n<p>Se trataba de un reto semanal de car\u00e1cter trimestral, donde cada semana se enviaban fotos del reto designado.<\/p>\n\n\n\n<p>Tres meses de reto correspondiente a los meses de Julio, Agosto y Septiembre donde los socios han ido enviando sus mejores fotos para ser seleccionados y participar en el premio trimestral.<\/p>\n\n\n\n<p>Se han valorado para definir este trimestre doce im\u00e1genes, resultante de las ganadoras de los retos semanales que se propusieron por parte de la junta directiva.<\/p>\n\n\n\n<p>La obra ganadora corresponde a nuestro socio <strong><em>Valent\u00edn Fern\u00e1ndez Romero.<\/em><\/strong><\/p>\n\n\n\n<p>El jurado compuesto por Carlos de La Torre Garc\u00eda, Esteban D\u00edaz D\u00b4Azua y Jos\u00e9 Diez de los R\u00edos L\u00f3pez quiere recalcar la calidad de las obras presentadas y dar la enhorabuena a la foto ganadora y a tod@s los participantes de este trimestre.<\/p>\n","protected":false},"excerpt":{"rendered":"<p>En este a\u00f1o propon\u00edamos un nuevo reto para incentivar la participaci\u00f3n de nuestros socios. Se trataba de un reto semanal de car\u00e1cter trimestral, donde cada semana se enviaban fotos del reto designado. Tres meses de reto correspondiente a los meses de Julio, Agosto y Septiembre donde los socios han ido enviando sus mejores fotos para ser seleccionados y participar en el premio trimestral. Se han valorado para definir este trimestre<\/p>\n<div class=\"belowpost\"><a class=\"btnmore\" href=\"https:\/\/www.huelvaysusfotografos.com\/?p=13332\">Seguir leyendo<\/a><\/div>\n","protected":false},"author":8279,"featured_media":13333,"comment_status":"open","ping_status":"open","sticky":false,"template":"","format":"standard","meta":{"footnotes":"","_links_to":"","_links_to_target":""},"categories":[12],"tags":[],"class_list":["post-13332","post","type-post","status-publish","format-standard","has-post-thumbnail","hentry","category-concursos"],"_links":{"self":[{"href":"https:\/\/www.huelvaysusfotografos.com\/index.php?rest_route=\/wp\/v2\/posts\/13332","targetHints":{"allow":["GET"]}}],"collection":[{"href":"https:\/\/www.huelvaysusfotografos.com\/index.php?rest_route=\/wp\/v2\/posts"}],"about":[{"href":"https:\/\/www.huelvaysusfotografos.com\/index.php?rest_route=\/wp\/v2\/types\/post"}],"author":[{"embeddable":true,"href":"https:\/\/www.huelvaysusfotografos.com\/index.php?rest_route=\/wp\/v2\/users\/8279"}],"replies":[{"embeddable":true,"href":"https:\/\/www.huelvaysusfotografos.com\/index.php?rest_route=%2Fwp%2Fv2%2Fcomments&post=13332"}],"version-history":[{"count":1,"href":"https:\/\/www.huelvaysusfotografos.com\/index.php?rest_route=\/wp\/v2\/posts\/13332\/revisions"}],"predecessor-version":[{"id":13334,"href":"https:\/\/www.huelvaysusfotografos.com\/index.php?rest_route=\/wp\/v2\/posts\/13332\/revisions\/13334"}],"wp:featuredmedia":[{"embeddable":true,"href":"https:\/\/www.huelvaysusfotografos.com\/index.php?rest_route=\/wp\/v2\/media\/13333"}],"wp:attachment":[{"href":"https:\/\/www.huelvaysusfotografos.com\/index.php?rest_route=%2Fwp%2Fv2%2Fmedia&parent=13332"}],"wp:term":[{"taxonomy":"category","embeddable":true,"href":"https:\/\/www.huelvaysusfotografos.com\/index.php?rest_route=%2Fwp%2Fv2%2Fcategories&post=13332"},{"taxonomy":"post_tag","embeddable":true,"href":"https:\/\/www.huelvaysusfotografos.com\/index.php?rest_route=%2Fwp%2Fv2%2Ftags&post=13332"}],"curies":[{"name":"wp","href":"https:\/\/api.w.org\/{rel}","templated":true}]}}