{"id":13318,"date":"2023-10-01T13:33:55","date_gmt":"2023-10-01T11:33:55","guid":{"rendered":"https:\/\/www.huelvaysusfotografos.com\/?p=13318"},"modified":"2023-10-01T13:33:57","modified_gmt":"2023-10-01T11:33:57","slug":"colon-testigo-de-la-ultima-superluna-de-2023","status":"publish","type":"post","link":"https:\/\/www.huelvaysusfotografos.com\/?p=13318","title":{"rendered":"Col\u00f3n testigo de la \u00faltima superluna de 2023"},"content":{"rendered":"\n<p>El pasado viernes 29 de septiembre, ten\u00edamos la fortuna de disfrutar de la \u00faltima superluna de 2023, llamada la luna de la Cosecha.<\/p>\n\n\n\n<p>Un nutrido grupo de socios, nos adentr\u00e1bamos en el paraje natural, reserva de la Biosfera, Marismas del Odiel, para ser testigos de esta superluna, que nos dej\u00f3 a tod@s alucinados.<\/p>\n\n\n\n<p>Eran poco m\u00e1s de las 7.30 de la tarde cuando lleg\u00e1bamos al emplazamiento designado, que el d\u00eda antes hab\u00edamos dejado se\u00f1alizado, para tener la mejor opci\u00f3n de disparo. Gracias a nuestros compa\u00f1eros Jes\u00fas Carrasco, Juan Antonio y Carlos. <\/p>\n\n\n\n<p>Tal como lleg\u00e1bamos al lugar designado, coloc\u00e1bamos tr\u00edpodes y c\u00e1maras para dejar enfocado el objeto principal de la imagen, poner los par\u00e1metros adecuados, velocidad, apertura e iso, pasar\u00edamos despu\u00e9s a colocar el intervalometro o disparador remoto (m\u00f3vil incluido), seg\u00fan el caso de cada fot\u00f3grafo.<\/p>\n\n\n\n<p>Ya solo quedaba esperar y ver las maravillas que nos deja la naturaleza. Un espect\u00e1culo de luz y color se abr\u00eda ante nuestros ojos y captaban nuestros sensores a disparos intermitentes para no perdernos nada de cuanto acontec\u00eda ante nuestra at\u00f3nita mirada.<\/p>\n\n\n\n<p>Si  duda alguna una magnifica jornada que nos llevamos e im\u00e1genes para el recuerdo. Pasamos despu\u00e9s a la charla tras la sesi\u00f3n fotogr\u00e1fica en torno a unas viandas&#8230; y la noche dio para m\u00e1s&#8230; las salinas siempre son fuente de inspiraci\u00f3n&#8230;<\/p>\n\n\n\n<figure class=\"wp-block-gallery has-nested-images columns-default is-cropped wp-block-gallery-1 is-layout-flex wp-block-gallery-is-layout-flex\">\n<figure class=\"wp-block-image size-large\"><a href=\"https:\/\/www.huelvaysusfotografos.com\/wp-content\/uploads\/2023\/10\/foto-de-grupo-2.jpg\"><img loading=\"lazy\" decoding=\"async\" width=\"1024\" height=\"768\" data-id=\"13320\" src=\"https:\/\/www.huelvaysusfotografos.com\/wp-content\/uploads\/2023\/10\/foto-de-grupo-2-1024x768.jpg\" alt=\"\" class=\"wp-image-13320\" srcset=\"https:\/\/www.huelvaysusfotografos.com\/wp-content\/uploads\/2023\/10\/foto-de-grupo-2-1024x768.jpg 1024w, https:\/\/www.huelvaysusfotografos.com\/wp-content\/uploads\/2023\/10\/foto-de-grupo-2-300x225.jpg 300w, https:\/\/www.huelvaysusfotografos.com\/wp-content\/uploads\/2023\/10\/foto-de-grupo-2-768x576.jpg 768w, https:\/\/www.huelvaysusfotografos.com\/wp-content\/uploads\/2023\/10\/foto-de-grupo-2-1536x1152.jpg 1536w, https:\/\/www.huelvaysusfotografos.com\/wp-content\/uploads\/2023\/10\/foto-de-grupo-2.jpg 2016w\" sizes=\"auto, (max-width: 1024px) 100vw, 1024px\" \/><\/a><\/figure>\n\n\n\n<figure class=\"wp-block-image size-large\"><a href=\"https:\/\/www.huelvaysusfotografos.com\/wp-content\/uploads\/2023\/10\/foto-de-grupo-3.jpg\"><img loading=\"lazy\" decoding=\"async\" width=\"1024\" height=\"768\" data-id=\"13321\" src=\"https:\/\/www.huelvaysusfotografos.com\/wp-content\/uploads\/2023\/10\/foto-de-grupo-3-1024x768.jpg\" alt=\"\" class=\"wp-image-13321\" srcset=\"https:\/\/www.huelvaysusfotografos.com\/wp-content\/uploads\/2023\/10\/foto-de-grupo-3-1024x768.jpg 1024w, https:\/\/www.huelvaysusfotografos.com\/wp-content\/uploads\/2023\/10\/foto-de-grupo-3-300x225.jpg 300w, https:\/\/www.huelvaysusfotografos.com\/wp-content\/uploads\/2023\/10\/foto-de-grupo-3-768x576.jpg 768w, https:\/\/www.huelvaysusfotografos.com\/wp-content\/uploads\/2023\/10\/foto-de-grupo-3-1536x1152.jpg 1536w, https:\/\/www.huelvaysusfotografos.com\/wp-content\/uploads\/2023\/10\/foto-de-grupo-3.jpg 2016w\" sizes=\"auto, (max-width: 1024px) 100vw, 1024px\" \/><\/a><\/figure>\n<\/figure>\n\n\n\n<figure class=\"wp-block-gallery has-nested-images columns-2 wp-block-gallery-2 is-layout-flex wp-block-gallery-is-layout-flex\">\n<figure class=\"wp-block-image size-large\"><a href=\"https:\/\/www.huelvaysusfotografos.com\/wp-content\/uploads\/2023\/10\/0.jpg\"><img loading=\"lazy\" decoding=\"async\" width=\"1024\" height=\"677\" data-id=\"13322\" src=\"https:\/\/www.huelvaysusfotografos.com\/wp-content\/uploads\/2023\/10\/0-1024x677.jpg\" alt=\"\" class=\"wp-image-13322\" srcset=\"https:\/\/www.huelvaysusfotografos.com\/wp-content\/uploads\/2023\/10\/0-1024x677.jpg 1024w, https:\/\/www.huelvaysusfotografos.com\/wp-content\/uploads\/2023\/10\/0-300x198.jpg 300w, https:\/\/www.huelvaysusfotografos.com\/wp-content\/uploads\/2023\/10\/0-768x508.jpg 768w, https:\/\/www.huelvaysusfotografos.com\/wp-content\/uploads\/2023\/10\/0.jpg 1080w\" sizes=\"auto, (max-width: 1024px) 100vw, 1024px\" \/><\/a><\/figure>\n\n\n\n<figure class=\"wp-block-image size-large\"><a href=\"https:\/\/www.huelvaysusfotografos.com\/wp-content\/uploads\/2023\/10\/1.jpg\"><img loading=\"lazy\" decoding=\"async\" width=\"731\" height=\"1024\" data-id=\"13326\" src=\"https:\/\/www.huelvaysusfotografos.com\/wp-content\/uploads\/2023\/10\/1-731x1024.jpg\" alt=\"\" class=\"wp-image-13326\" srcset=\"https:\/\/www.huelvaysusfotografos.com\/wp-content\/uploads\/2023\/10\/1-731x1024.jpg 731w, https:\/\/www.huelvaysusfotografos.com\/wp-content\/uploads\/2023\/10\/1-214x300.jpg 214w, https:\/\/www.huelvaysusfotografos.com\/wp-content\/uploads\/2023\/10\/1-768x1076.jpg 768w, https:\/\/www.huelvaysusfotografos.com\/wp-content\/uploads\/2023\/10\/1-1096x1536.jpg 1096w, https:\/\/www.huelvaysusfotografos.com\/wp-content\/uploads\/2023\/10\/1.jpg 1142w\" sizes=\"auto, (max-width: 731px) 100vw, 731px\" \/><\/a><\/figure>\n\n\n\n<figure class=\"wp-block-image size-large\"><a href=\"https:\/\/www.huelvaysusfotografos.com\/wp-content\/uploads\/2023\/10\/2.jpg\"><img loading=\"lazy\" decoding=\"async\" width=\"731\" height=\"1024\" data-id=\"13325\" src=\"https:\/\/www.huelvaysusfotografos.com\/wp-content\/uploads\/2023\/10\/2-731x1024.jpg\" alt=\"\" class=\"wp-image-13325\" srcset=\"https:\/\/www.huelvaysusfotografos.com\/wp-content\/uploads\/2023\/10\/2-731x1024.jpg 731w, https:\/\/www.huelvaysusfotografos.com\/wp-content\/uploads\/2023\/10\/2-214x300.jpg 214w, https:\/\/www.huelvaysusfotografos.com\/wp-content\/uploads\/2023\/10\/2-768x1076.jpg 768w, https:\/\/www.huelvaysusfotografos.com\/wp-content\/uploads\/2023\/10\/2-1097x1536.jpg 1097w, https:\/\/www.huelvaysusfotografos.com\/wp-content\/uploads\/2023\/10\/2.jpg 1462w\" sizes=\"auto, (max-width: 731px) 100vw, 731px\" \/><\/a><\/figure>\n\n\n\n<figure class=\"wp-block-image size-large\"><a href=\"https:\/\/www.huelvaysusfotografos.com\/wp-content\/uploads\/2023\/10\/3.jpg\"><img loading=\"lazy\" decoding=\"async\" width=\"1024\" height=\"723\" data-id=\"13323\" src=\"https:\/\/www.huelvaysusfotografos.com\/wp-content\/uploads\/2023\/10\/3.jpg\" alt=\"\" class=\"wp-image-13323\" srcset=\"https:\/\/www.huelvaysusfotografos.com\/wp-content\/uploads\/2023\/10\/3.jpg 1024w, https:\/\/www.huelvaysusfotografos.com\/wp-content\/uploads\/2023\/10\/3-300x212.jpg 300w, https:\/\/www.huelvaysusfotografos.com\/wp-content\/uploads\/2023\/10\/3-768x542.jpg 768w\" sizes=\"auto, (max-width: 1024px) 100vw, 1024px\" \/><\/a><\/figure>\n\n\n\n<figure class=\"wp-block-image size-large\"><a href=\"https:\/\/www.huelvaysusfotografos.com\/wp-content\/uploads\/2023\/10\/4.jpg\"><img loading=\"lazy\" decoding=\"async\" width=\"738\" height=\"833\" data-id=\"13324\" src=\"https:\/\/www.huelvaysusfotografos.com\/wp-content\/uploads\/2023\/10\/4.jpg\" alt=\"\" class=\"wp-image-13324\" srcset=\"https:\/\/www.huelvaysusfotografos.com\/wp-content\/uploads\/2023\/10\/4.jpg 738w, https:\/\/www.huelvaysusfotografos.com\/wp-content\/uploads\/2023\/10\/4-266x300.jpg 266w\" sizes=\"auto, (max-width: 738px) 100vw, 738px\" \/><\/a><\/figure>\n\n\n\n<figure class=\"wp-block-image size-large\"><a href=\"https:\/\/www.huelvaysusfotografos.com\/wp-content\/uploads\/2023\/10\/5.jpg\"><img loading=\"lazy\" decoding=\"async\" width=\"1024\" height=\"782\" data-id=\"13327\" src=\"https:\/\/www.huelvaysusfotografos.com\/wp-content\/uploads\/2023\/10\/5-1024x782.jpg\" alt=\"\" class=\"wp-image-13327\" srcset=\"https:\/\/www.huelvaysusfotografos.com\/wp-content\/uploads\/2023\/10\/5-1024x782.jpg 1024w, https:\/\/www.huelvaysusfotografos.com\/wp-content\/uploads\/2023\/10\/5-300x229.jpg 300w, https:\/\/www.huelvaysusfotografos.com\/wp-content\/uploads\/2023\/10\/5-768x586.jpg 768w, https:\/\/www.huelvaysusfotografos.com\/wp-content\/uploads\/2023\/10\/5-1536x1172.jpg 1536w, https:\/\/www.huelvaysusfotografos.com\/wp-content\/uploads\/2023\/10\/5.jpg 2048w\" sizes=\"auto, (max-width: 1024px) 100vw, 1024px\" \/><\/a><\/figure>\n<\/figure>\n","protected":false},"excerpt":{"rendered":"<p>El pasado viernes 29 de septiembre, ten\u00edamos la fortuna de disfrutar de la \u00faltima superluna de 2023, llamada la luna de la Cosecha. Un nutrido grupo de socios, nos adentr\u00e1bamos en el paraje natural, reserva de la Biosfera, Marismas del Odiel, para ser testigos de esta superluna, que nos dej\u00f3 a tod@s alucinados. Eran poco m\u00e1s de las 7.30 de la tarde cuando lleg\u00e1bamos al emplazamiento designado, que el d\u00eda<\/p>\n<div class=\"belowpost\"><a class=\"btnmore\" href=\"https:\/\/www.huelvaysusfotografos.com\/?p=13318\">Seguir leyendo<\/a><\/div>\n","protected":false},"author":8279,"featured_media":13319,"comment_status":"open","ping_status":"open","sticky":false,"template":"","format":"standard","meta":{"footnotes":"","_links_to":"","_links_to_target":""},"categories":[6],"tags":[],"class_list":["post-13318","post","type-post","status-publish","format-standard","has-post-thumbnail","hentry","category-quedadas"],"_links":{"self":[{"href":"https:\/\/www.huelvaysusfotografos.com\/index.php?rest_route=\/wp\/v2\/posts\/13318","targetHints":{"allow":["GET"]}}],"collection":[{"href":"https:\/\/www.huelvaysusfotografos.com\/index.php?rest_route=\/wp\/v2\/posts"}],"about":[{"href":"https:\/\/www.huelvaysusfotografos.com\/index.php?rest_route=\/wp\/v2\/types\/post"}],"author":[{"embeddable":true,"href":"https:\/\/www.huelvaysusfotografos.com\/index.php?rest_route=\/wp\/v2\/users\/8279"}],"replies":[{"embeddable":true,"href":"https:\/\/www.huelvaysusfotografos.com\/index.php?rest_route=%2Fwp%2Fv2%2Fcomments&post=13318"}],"version-history":[{"count":1,"href":"https:\/\/www.huelvaysusfotografos.com\/index.php?rest_route=\/wp\/v2\/posts\/13318\/revisions"}],"predecessor-version":[{"id":13328,"href":"https:\/\/www.huelvaysusfotografos.com\/index.php?rest_route=\/wp\/v2\/posts\/13318\/revisions\/13328"}],"wp:featuredmedia":[{"embeddable":true,"href":"https:\/\/www.huelvaysusfotografos.com\/index.php?rest_route=\/wp\/v2\/media\/13319"}],"wp:attachment":[{"href":"https:\/\/www.huelvaysusfotografos.com\/index.php?rest_route=%2Fwp%2Fv2%2Fmedia&parent=13318"}],"wp:term":[{"taxonomy":"category","embeddable":true,"href":"https:\/\/www.huelvaysusfotografos.com\/index.php?rest_route=%2Fwp%2Fv2%2Fcategories&post=13318"},{"taxonomy":"post_tag","embeddable":true,"href":"https:\/\/www.huelvaysusfotografos.com\/index.php?rest_route=%2Fwp%2Fv2%2Ftags&post=13318"}],"curies":[{"name":"wp","href":"https:\/\/api.w.org\/{rel}","templated":true}]}}