{"id":13315,"date":"2023-09-28T17:01:46","date_gmt":"2023-09-28T15:01:46","guid":{"rendered":"https:\/\/www.huelvaysusfotografos.com\/?p=13315"},"modified":"2023-09-28T17:01:48","modified_gmt":"2023-09-28T15:01:48","slug":"reto-semanal-mes-de-octubre","status":"publish","type":"post","link":"https:\/\/www.huelvaysusfotografos.com\/?p=13315","title":{"rendered":"Reto semanal mes de Octubre."},"content":{"rendered":"\n<p>Buenas tardes a tod@s<\/p>\n\n\n\n<p>Empezamos la s\u00e9ptima parte del reto, las correspondientes del mes de Octubre. Como bien saben el reto es trimestral para tener el primer ganador absoluto del trimestre.<\/p>\n\n\n\n<p>Tal como recogen las bases del concurso va dirigido a los soci@s de Huelva y sus Fot\u00f3grafos.<\/p>\n\n\n\n<p>En dicho concurso pretendemos incentivar la participaci\u00f3n y la puesta en marcha de nuestras dotes art\u00edsticas, que bien empleamos diariamente en los trabajos realizados.<\/p>\n\n\n\n<p>Se trata de un concurso creativo donde cada semana se propondr\u00e1 un reto. Cada socio podr\u00e1 enviar una foto, que ha de ser in\u00e9dita y obviamente no habr\u00e1 sido presentada en otros concursos.<\/p>\n\n\n\n<p>Las fotos ir\u00e1n sin firma ni marca de agua. La Participaci\u00f3n en este concurso implica la aceptaci\u00f3n de las bases que se recogen en el Reto Semanal que se present\u00f3 hace varios meses.<\/p>\n\n\n\n<p>Los retos de las pr\u00f3ximas semanas del mes de Octubre son los siguientes;<\/p>\n\n\n\n<p><em><u>1 semana, del 2 al 8 de octubre<\/u><\/em>.-&nbsp;&nbsp; <strong>Fachadas Monumentales<\/strong><\/p>\n\n\n\n<p><em><u>2 semana, del 9 al 15 de octubre<\/u><\/em>.- <strong>La Soledad<\/strong><\/p>\n\n\n\n<p><em><u>3 semana, del 16 al 22 de octubre<\/u><\/em>.- <strong>Puestos y Mercadillos<\/strong><\/p>\n\n\n\n<p><em><u>4 semana, del 23 al 29 de octubre<\/u><\/em>.-&nbsp;<strong>Faros<\/strong><\/p>\n\n\n\n<p>De entre todas estas fotos presentadas saldr\u00e1 la foto vencedora del mes de Octubre, que competir\u00e1 con las otras de los meses de noviembre y diciembre.<\/p>\n\n\n\n<p>Suerte a tod@s, esperamos vuestras fotos.<\/p>\n","protected":false},"excerpt":{"rendered":"<p>Buenas tardes a tod@s Empezamos la s\u00e9ptima parte del reto, las correspondientes del mes de Octubre. Como bien saben el reto es trimestral para tener el primer ganador absoluto del trimestre. Tal como recogen las bases del concurso va dirigido a los soci@s de Huelva y sus Fot\u00f3grafos. En dicho concurso pretendemos incentivar la participaci\u00f3n y la puesta en marcha de nuestras dotes art\u00edsticas, que bien empleamos diariamente en los<\/p>\n<div class=\"belowpost\"><a class=\"btnmore\" href=\"https:\/\/www.huelvaysusfotografos.com\/?p=13315\">Seguir leyendo<\/a><\/div>\n","protected":false},"author":8279,"featured_media":12655,"comment_status":"open","ping_status":"open","sticky":false,"template":"","format":"standard","meta":{"footnotes":"","_links_to":"","_links_to_target":""},"categories":[4,12],"tags":[],"class_list":["post-13315","post","type-post","status-publish","format-standard","has-post-thumbnail","hentry","category-actividades","category-concursos"],"_links":{"self":[{"href":"https:\/\/www.huelvaysusfotografos.com\/index.php?rest_route=\/wp\/v2\/posts\/13315","targetHints":{"allow":["GET"]}}],"collection":[{"href":"https:\/\/www.huelvaysusfotografos.com\/index.php?rest_route=\/wp\/v2\/posts"}],"about":[{"href":"https:\/\/www.huelvaysusfotografos.com\/index.php?rest_route=\/wp\/v2\/types\/post"}],"author":[{"embeddable":true,"href":"https:\/\/www.huelvaysusfotografos.com\/index.php?rest_route=\/wp\/v2\/users\/8279"}],"replies":[{"embeddable":true,"href":"https:\/\/www.huelvaysusfotografos.com\/index.php?rest_route=%2Fwp%2Fv2%2Fcomments&post=13315"}],"version-history":[{"count":1,"href":"https:\/\/www.huelvaysusfotografos.com\/index.php?rest_route=\/wp\/v2\/posts\/13315\/revisions"}],"predecessor-version":[{"id":13316,"href":"https:\/\/www.huelvaysusfotografos.com\/index.php?rest_route=\/wp\/v2\/posts\/13315\/revisions\/13316"}],"wp:featuredmedia":[{"embeddable":true,"href":"https:\/\/www.huelvaysusfotografos.com\/index.php?rest_route=\/wp\/v2\/media\/12655"}],"wp:attachment":[{"href":"https:\/\/www.huelvaysusfotografos.com\/index.php?rest_route=%2Fwp%2Fv2%2Fmedia&parent=13315"}],"wp:term":[{"taxonomy":"category","embeddable":true,"href":"https:\/\/www.huelvaysusfotografos.com\/index.php?rest_route=%2Fwp%2Fv2%2Fcategories&post=13315"},{"taxonomy":"post_tag","embeddable":true,"href":"https:\/\/www.huelvaysusfotografos.com\/index.php?rest_route=%2Fwp%2Fv2%2Ftags&post=13315"}],"curies":[{"name":"wp","href":"https:\/\/api.w.org\/{rel}","templated":true}]}}